{"id":22460,"date":"2003-05-04T00:00:00","date_gmt":"2003-05-04T00:00:00","guid":{"rendered":"https:\/\/www.deberes.net\/tesis\/sin-categoria\/pintura-y-escultura-del-siglo-xx-en-plasencia\/"},"modified":"2003-05-04T00:00:00","modified_gmt":"2003-05-04T00:00:00","slug":"pintura-y-escultura-del-siglo-xx-en-plasencia","status":"publish","type":"post","link":"https:\/\/www.deberes.net\/tesis\/valladolid\/pintura-y-escultura-del-siglo-xx-en-plasencia\/","title":{"rendered":"Pintura y escultura del siglo xx en plasencia"},"content":{"rendered":"<h2>Tesis doctoral de <strong> Laura Antolin Esteban <\/strong><\/h2>\n<p>El presente proyecto de investigaci\u00f3n tiene como finalidad ofrecer una aproximaci\u00f3n al panorama art\u00edstico-cultural que se ha desarrollado en palencia, durante un periodo de cien a\u00f1os. De esta forma, nuestro estudio ofrece una revisi\u00f3n del panorama cultural e institucional de la ciudad as\u00ed como un an\u00e1lisis de los autores locales m\u00e1s representativos. La tesis se divide en los siguientes cap\u00edtulos:  cap\u00edtulo 1: introducci\u00f3n  cap\u00edtulo 2: panorama cultural de palencia en el siglo xx.  cap\u00edtulo 3: instituciones y salas de exposiciones palentinas en el siglo xx.  cap\u00edtulo 4: escultura del siglo xx en palencia.  cap\u00edtulo 5: pinturas del siglo xx en palencia.  cap\u00edtulo 6: cat\u00e1logo de las obras seleccionadas de artistas palentinos del siglo xx.  cap\u00edtulo 7: bibliograf\u00eda particular sobre el panorama cultural del siglo xx en palencia.  cap\u00edtulo 8: bibliograf\u00eda particular sobre las instituciones y salas de exposiciones palentinas en el siglo xx.  cap\u00edtulo 9: bibliograf\u00eda general.  cap\u00edtulo 10: ap\u00e9ndices<\/p>\n<p>&nbsp;<\/p>\n<h3>Datos acad\u00e9micos de la tesis doctoral \u00ab<strong>Pintura y escultura del siglo xx en plasencia<\/strong>\u00ab<\/h3>\n<ul>\n<li><strong>T\u00edtulo de la tesis:<\/strong>\u00a0 Pintura y escultura del siglo xx en plasencia <\/li>\n<li><strong>Autor:<\/strong>\u00a0 Laura Antolin Esteban <\/li>\n<li><strong>Universidad:<\/strong>\u00a0 Valladolid<\/li>\n<li><strong>Fecha de lectura de la tesis:<\/strong>\u00a0 05\/04\/2003<\/li>\n<\/ul>\n<p>&nbsp;<\/p>\n<h3>Direcci\u00f3n y tribunal<\/h3>\n<ul>\n<li><strong>Director de la tesis<\/strong>\n<ul>\n<li>Teresa Ortega Coca<\/li>\n<\/ul>\n<\/li>\n<li><strong>Tribunal<\/strong>\n<ul>\n<li>Presidente del tribunal:  Plaza Santiago Francisco Javierde la <\/li>\n<li>Carlos P\u00e9rez reyes (vocal)<\/li>\n<li>\u00e1ngel Azpeitia burgos (vocal)<\/li>\n<li>Mar\u00eda carmen R\u00e1banos faci (vocal)<\/li>\n<\/ul>\n<\/li>\n<\/ul>\n<p>&nbsp;<\/p>\n","protected":false},"excerpt":{"rendered":"<p>Tesis doctoral de Laura Antolin Esteban El presente proyecto de investigaci\u00f3n tiene como finalidad ofrecer una aproximaci\u00f3n al panorama art\u00edstico-cultural [&hellip;]<\/p>\n","protected":false},"author":1,"featured_media":0,"comment_status":"open","ping_status":"open","sticky":false,"template":"","format":"standard","meta":{"site-sidebar-layout":"default","site-content-layout":"","ast-site-content-layout":"","site-content-style":"default","site-sidebar-style":"default","ast-global-header-display":"","ast-banner-title-visibility":"","ast-main-header-display":"","ast-hfb-above-header-display":"","ast-hfb-below-header-display":"","ast-hfb-mobile-header-display":"","site-post-title":"","ast-breadcrumbs-content":"","ast-featured-img":"","footer-sml-layout":"","theme-transparent-header-meta":"","adv-header-id-meta":"","stick-header-meta":"","header-above-stick-meta":"","header-main-stick-meta":"","header-below-stick-meta":"","astra-migrate-meta-layouts":"default","ast-page-background-enabled":"default","ast-page-background-meta":{"desktop":{"background-color":"var(--ast-global-color-4)","background-image":"","background-repeat":"repeat","background-position":"center center","background-size":"auto","background-attachment":"scroll","background-type":"","background-media":"","overlay-type":"","overlay-color":"","overlay-gradient":""},"tablet":{"background-color":"","background-image":"","background-repeat":"repeat","background-position":"center center","background-size":"auto","background-attachment":"scroll","background-type":"","background-media":"","overlay-type":"","overlay-color":"","overlay-gradient":""},"mobile":{"background-color":"","background-image":"","background-repeat":"repeat","background-position":"center center","background-size":"auto","background-attachment":"scroll","background-type":"","background-media":"","overlay-type":"","overlay-color":"","overlay-gradient":""}},"ast-content-background-meta":{"desktop":{"background-color":"var(--ast-global-color-5)","background-image":"","background-repeat":"repeat","background-position":"center center","background-size":"auto","background-attachment":"scroll","background-type":"","background-media":"","overlay-type":"","overlay-color":"","overlay-gradient":""},"tablet":{"background-color":"var(--ast-global-color-5)","background-image":"","background-repeat":"repeat","background-position":"center center","background-size":"auto","background-attachment":"scroll","background-type":"","background-media":"","overlay-type":"","overlay-color":"","overlay-gradient":""},"mobile":{"background-color":"var(--ast-global-color-5)","background-image":"","background-repeat":"repeat","background-position":"center center","background-size":"auto","background-attachment":"scroll","background-type":"","background-media":"","overlay-type":"","overlay-color":"","overlay-gradient":""}},"footnotes":""},"categories":[12451],"tags":[36355,5816,67132,36356,43516,64675],"class_list":["post-22460","post","type-post","status-publish","format-standard","hentry","category-valladolid","tag-angel-azpeitia-burgos","tag-carlos-perez-reyes","tag-laura-antolin-esteban","tag-maria-carmen-rabanos-faci","tag-plaza-santiago-francisco-javierde-la","tag-teresa-ortega-coca"],"_links":{"self":[{"href":"https:\/\/www.deberes.net\/tesis\/wp-json\/wp\/v2\/posts\/22460","targetHints":{"allow":["GET"]}}],"collection":[{"href":"https:\/\/www.deberes.net\/tesis\/wp-json\/wp\/v2\/posts"}],"about":[{"href":"https:\/\/www.deberes.net\/tesis\/wp-json\/wp\/v2\/types\/post"}],"author":[{"embeddable":true,"href":"https:\/\/www.deberes.net\/tesis\/wp-json\/wp\/v2\/users\/1"}],"replies":[{"embeddable":true,"href":"https:\/\/www.deberes.net\/tesis\/wp-json\/wp\/v2\/comments?post=22460"}],"version-history":[{"count":0,"href":"https:\/\/www.deberes.net\/tesis\/wp-json\/wp\/v2\/posts\/22460\/revisions"}],"wp:attachment":[{"href":"https:\/\/www.deberes.net\/tesis\/wp-json\/wp\/v2\/media?parent=22460"}],"wp:term":[{"taxonomy":"category","embeddable":true,"href":"https:\/\/www.deberes.net\/tesis\/wp-json\/wp\/v2\/categories?post=22460"},{"taxonomy":"post_tag","embeddable":true,"href":"https:\/\/www.deberes.net\/tesis\/wp-json\/wp\/v2\/tags?post=22460"}],"curies":[{"name":"wp","href":"https:\/\/api.w.org\/{rel}","templated":true}]}}