{"id":22512,"date":"2003-09-04T00:00:00","date_gmt":"2003-09-04T00:00:00","guid":{"rendered":"https:\/\/www.deberes.net\/tesis\/sin-categoria\/los-centros-de-formacion-profesional-ocupacional-de-andaluca%c2%ada-analisis-de-las-variables-didacticas-y-organizativas-de-su-oferta-formativa\/"},"modified":"2003-09-04T00:00:00","modified_gmt":"2003-09-04T00:00:00","slug":"los-centros-de-formacion-profesional-ocupacional-de-andaluca%c2%ada-analisis-de-las-variables-didacticas-y-organizativas-de-su-oferta-formativa","status":"publish","type":"post","link":"https:\/\/www.deberes.net\/tesis\/pedagogia\/los-centros-de-formacion-profesional-ocupacional-de-andaluca%c2%ada-analisis-de-las-variables-didacticas-y-organizativas-de-su-oferta-formativa\/","title":{"rendered":"Los centros de formaci\u00f3n profesional ocupacional de andaluc\u00eda: an\u00e1lisis de las variables did\u00e1cticas y organizativas de su oferta formativa"},"content":{"rendered":"<h2>Tesis doctoral de <strong> Inmaculada Aznar Diaz <\/strong><\/h2>\n<p>Esta tesis doctoral analiza la situaci\u00f3n de los centros de formaci\u00f3n profesional ocupacional propios de andaluc\u00eda que imparten dichas acciones de formaci\u00f3n, recogiendo las opiniones de los directores de los centros, as\u00ed como de los docentes que imparten dicha formaci\u00f3n, y de quienes la reciben, los alumnos. Las propuestas que contiene resaltan las carencias que existen y ofrece a la administraci\u00f3n pistas para la optimizaci\u00f3n del funcionamiento de esta red de centros p\u00fablicos.  se organiza en tres partes, la primera trata la fundamentaci\u00f3n te\u00f3rica de la investigaci\u00f3n centr\u00e1ndose en el contexto de la formaci\u00f3n profesional, la formaci\u00f3n profesional ocupacional en espa\u00f1a y andaluc\u00eda y, los fundamentos did\u00e1cticos y organizativos de las acciones formativas y centros de formaci\u00f3n profesional ocupacional de andaluc\u00eda.  la segunda parte se centra en el planteamiento y desarrollo de la propia investigaci\u00f3n, destaca en esta parte la presentaci\u00f3n y an\u00e1lisis de los resultados cuantitativos.  \u00faltima con la tercera parte que presenta las conclusiones y prospectiva investigadora.  al final de la tesis se presenta una bibliograf\u00eda completa y actualizada sobre la tem\u00e1tica, y diversos anexos que justifican y completan el marco te\u00f3rico y, el instrumento utilizado: el cuestionario.<\/p>\n<p>&nbsp;<\/p>\n<h3>Datos acad\u00e9micos de la tesis doctoral \u00ab<strong>Los centros de formaci\u00f3n profesional ocupacional de andaluc\u00eda: an\u00e1lisis de las variables did\u00e1cticas y organizativas de su oferta formativa<\/strong>\u00ab<\/h3>\n<ul>\n<li><strong>T\u00edtulo de la tesis:<\/strong>\u00a0 Los centros de formaci\u00f3n profesional ocupacional de andaluc\u00eda: an\u00e1lisis de las variables did\u00e1cticas y organizativas de su oferta formativa <\/li>\n<li><strong>Autor:<\/strong>\u00a0 Inmaculada Aznar Diaz <\/li>\n<li><strong>Universidad:<\/strong>\u00a0 Granada<\/li>\n<li><strong>Fecha de lectura de la tesis:<\/strong>\u00a0 09\/04\/2003<\/li>\n<\/ul>\n<p>&nbsp;<\/p>\n<h3>Direcci\u00f3n y tribunal<\/h3>\n<ul>\n<li><strong>Director de la tesis<\/strong>\n<ul>\n<li>Manuel Lorenzo Delgado<\/li>\n<\/ul>\n<\/li>\n<li><strong>Tribunal<\/strong>\n<ul>\n<li>Presidente del tribunal: Juan  bautista Mart\u00ednez rodr\u00edguez <\/li>\n<li>martiniano Roman perez (vocal)<\/li>\n<li>carmen Armengol asparo (vocal)<\/li>\n<li> Bernal agudo Jos\u00e9 Luis (vocal)<\/li>\n<\/ul>\n<\/li>\n<\/ul>\n<p>&nbsp;<\/p>\n","protected":false},"excerpt":{"rendered":"<p>Tesis doctoral de Inmaculada Aznar Diaz Esta tesis doctoral analiza la situaci\u00f3n de los centros de formaci\u00f3n profesional ocupacional propios [&hellip;]<\/p>\n","protected":false},"author":1,"featured_media":0,"comment_status":"open","ping_status":"open","sticky":false,"template":"","format":"standard","meta":{"site-sidebar-layout":"default","site-content-layout":"","ast-site-content-layout":"","site-content-style":"default","site-sidebar-style":"default","ast-global-header-display":"","ast-banner-title-visibility":"","ast-main-header-display":"","ast-hfb-above-header-display":"","ast-hfb-below-header-display":"","ast-hfb-mobile-header-display":"","site-post-title":"","ast-breadcrumbs-content":"","ast-featured-img":"","footer-sml-layout":"","theme-transparent-header-meta":"","adv-header-id-meta":"","stick-header-meta":"","header-above-stick-meta":"","header-main-stick-meta":"","header-below-stick-meta":"","astra-migrate-meta-layouts":"default","ast-page-background-enabled":"default","ast-page-background-meta":{"desktop":{"background-color":"var(--ast-global-color-4)","background-image":"","background-repeat":"repeat","background-position":"center center","background-size":"auto","background-attachment":"scroll","background-type":"","background-media":"","overlay-type":"","overlay-color":"","overlay-gradient":""},"tablet":{"background-color":"","background-image":"","background-repeat":"repeat","background-position":"center center","background-size":"auto","background-attachment":"scroll","background-type":"","background-media":"","overlay-type":"","overlay-color":"","overlay-gradient":""},"mobile":{"background-color":"","background-image":"","background-repeat":"repeat","background-position":"center center","background-size":"auto","background-attachment":"scroll","background-type":"","background-media":"","overlay-type":"","overlay-color":"","overlay-gradient":""}},"ast-content-background-meta":{"desktop":{"background-color":"var(--ast-global-color-5)","background-image":"","background-repeat":"repeat","background-position":"center center","background-size":"auto","background-attachment":"scroll","background-type":"","background-media":"","overlay-type":"","overlay-color":"","overlay-gradient":""},"tablet":{"background-color":"var(--ast-global-color-5)","background-image":"","background-repeat":"repeat","background-position":"center center","background-size":"auto","background-attachment":"scroll","background-type":"","background-media":"","overlay-type":"","overlay-color":"","overlay-gradient":""},"mobile":{"background-color":"var(--ast-global-color-5)","background-image":"","background-repeat":"repeat","background-position":"center center","background-size":"auto","background-attachment":"scroll","background-type":"","background-media":"","overlay-type":"","overlay-color":"","overlay-gradient":""}},"footnotes":""},"categories":[2623,13042,1183,7611,1184,1141],"tags":[67255,62242,67254,7872,8686,63211],"class_list":["post-22512","post","type-post","status-publish","format-standard","hentry","category-educacion-basica","category-educacion-de-adultos","category-formacion-profesional","category-organizacion-y-direccion-de-las-instituciones-educativas","category-organizacion-y-planificacion-de-la-educacion","category-pedagogia","tag-bernal-agudo-jose-luis","tag-carmen-armengol-asparo","tag-inmaculada-aznar-diaz","tag-juan-bautista-Martinez-rodriguez","tag-manuel-lorenzo-delgado","tag-martiniano-roman-perez"],"_links":{"self":[{"href":"https:\/\/www.deberes.net\/tesis\/wp-json\/wp\/v2\/posts\/22512","targetHints":{"allow":["GET"]}}],"collection":[{"href":"https:\/\/www.deberes.net\/tesis\/wp-json\/wp\/v2\/posts"}],"about":[{"href":"https:\/\/www.deberes.net\/tesis\/wp-json\/wp\/v2\/types\/post"}],"author":[{"embeddable":true,"href":"https:\/\/www.deberes.net\/tesis\/wp-json\/wp\/v2\/users\/1"}],"replies":[{"embeddable":true,"href":"https:\/\/www.deberes.net\/tesis\/wp-json\/wp\/v2\/comments?post=22512"}],"version-history":[{"count":0,"href":"https:\/\/www.deberes.net\/tesis\/wp-json\/wp\/v2\/posts\/22512\/revisions"}],"wp:attachment":[{"href":"https:\/\/www.deberes.net\/tesis\/wp-json\/wp\/v2\/media?parent=22512"}],"wp:term":[{"taxonomy":"category","embeddable":true,"href":"https:\/\/www.deberes.net\/tesis\/wp-json\/wp\/v2\/categories?post=22512"},{"taxonomy":"post_tag","embeddable":true,"href":"https:\/\/www.deberes.net\/tesis\/wp-json\/wp\/v2\/tags?post=22512"}],"curies":[{"name":"wp","href":"https:\/\/api.w.org\/{rel}","templated":true}]}}