{"id":22579,"date":"2003-11-04T00:00:00","date_gmt":"2003-11-04T00:00:00","guid":{"rendered":"https:\/\/www.deberes.net\/tesis\/sin-categoria\/el-editorial-en-prensa-un-genero-periodistico-abierto-al-debate\/"},"modified":"2003-11-04T00:00:00","modified_gmt":"2003-11-04T00:00:00","slug":"el-editorial-en-prensa-un-genero-periodistico-abierto-al-debate","status":"publish","type":"post","link":"https:\/\/www.deberes.net\/tesis\/sevilla\/el-editorial-en-prensa-un-genero-periodistico-abierto-al-debate\/","title":{"rendered":"El editorial en prensa: un g\u00e9nero periodistico abierto al debate"},"content":{"rendered":"<h2>Tesis doctoral de <strong> M. \u00e1ngeles Fern\u00e1ndez Barrero <\/strong><\/h2>\n<p>Se trata de una tesis te\u00f3rica y compiladora de teor\u00edas e ideas acerca del editorial que sustentan sus consideraci\u00f3n como g\u00e9nero period\u00edstico aut\u00f3nomo. independientemente de las referencias a los medios audiovisuales y digitales, la investigaci\u00f3n se centra fundamentalmente en la prensa, en el peri\u00f3dico, donde el editorial se ha asentado con mayor naturalidad por su car\u00e1cter reflexivo.  consta de un marco te\u00f3rico general dedicado tanto a los g\u00e9neros period\u00edsticos (c\u00f3mo nacen vinculados al art\u00edculo, al ensayo, a la pol\u00edtica y a la literatura en general y c\u00f3mo van evolucionando hasta adquirir una autonom\u00eda en el mundo de las letras) como a los g\u00e9neros period\u00edsticos de opini\u00f3n (su estilo, caracterizaci\u00f3n, finalidad y su vinculaci\u00f3n con la ret\u00f3rica).  el segundo bloque aborda el estudio del editorial desde dos perspectivas: contextual (revisi\u00f3n de conceptos asociados, vinculaci\u00f3n con otros contenidos, repercusiones de la autor\u00eda institucional) y de redacci\u00f3n (lenguaje, estilo, estructura, titulaci\u00f3n, contenido, presentaci\u00f3n formal en la p\u00e1gina, origen hist\u00f3rico &#8230;). El marco te\u00f3rico se completa con numerosos ejemplos y casos pr\u00e1cticos que ilustran las ideas expuestas.<\/p>\n<p>&nbsp;<\/p>\n<h3>Datos acad\u00e9micos de la tesis doctoral \u00ab<strong>El editorial en prensa: un g\u00e9nero periodistico abierto al debate<\/strong>\u00ab<\/h3>\n<ul>\n<li><strong>T\u00edtulo de la tesis:<\/strong>\u00a0 El editorial en prensa: un g\u00e9nero periodistico abierto al debate <\/li>\n<li><strong>Autor:<\/strong>\u00a0 M. \u00e1ngeles Fern\u00e1ndez Barrero <\/li>\n<li><strong>Universidad:<\/strong>\u00a0 Sevilla<\/li>\n<li><strong>Fecha de lectura de la tesis:<\/strong>\u00a0 11\/04\/2003<\/li>\n<\/ul>\n<p>&nbsp;<\/p>\n<h3>Direcci\u00f3n y tribunal<\/h3>\n<ul>\n<li><strong>Director de la tesis<\/strong>\n<ul>\n<li>Antonio L\u00f3pez Hidalgo<\/li>\n<\/ul>\n<\/li>\n<li><strong>Tribunal<\/strong>\n<ul>\n<li>Presidente del tribunal: Mar\u00eda  pilar Diezhandino nieto <\/li>\n<li>Francisco Esteve ramirez (vocal)<\/li>\n<li>Mar\u00eda Jes\u00fas Casals carro (vocal)<\/li>\n<li>donaciano Bartolom\u00e9 crespo (vocal)<\/li>\n<\/ul>\n<\/li>\n<\/ul>\n<p>&nbsp;<\/p>\n","protected":false},"excerpt":{"rendered":"<p>Tesis doctoral de M. \u00e1ngeles Fern\u00e1ndez Barrero Se trata de una tesis te\u00f3rica y compiladora de teor\u00edas e ideas acerca [&hellip;]<\/p>\n","protected":false},"author":1,"featured_media":0,"comment_status":"open","ping_status":"open","sticky":false,"template":"","format":"standard","meta":{"site-sidebar-layout":"default","site-content-layout":"","ast-site-content-layout":"","site-content-style":"default","site-sidebar-style":"default","ast-global-header-display":"","ast-banner-title-visibility":"","ast-main-header-display":"","ast-hfb-above-header-display":"","ast-hfb-below-header-display":"","ast-hfb-mobile-header-display":"","site-post-title":"","ast-breadcrumbs-content":"","ast-featured-img":"","footer-sml-layout":"","theme-transparent-header-meta":"","adv-header-id-meta":"","stick-header-meta":"","header-above-stick-meta":"","header-main-stick-meta":"","header-below-stick-meta":"","astra-migrate-meta-layouts":"default","ast-page-background-enabled":"default","ast-page-background-meta":{"desktop":{"background-color":"var(--ast-global-color-4)","background-image":"","background-repeat":"repeat","background-position":"center center","background-size":"auto","background-attachment":"scroll","background-type":"","background-media":"","overlay-type":"","overlay-color":"","overlay-gradient":""},"tablet":{"background-color":"","background-image":"","background-repeat":"repeat","background-position":"center center","background-size":"auto","background-attachment":"scroll","background-type":"","background-media":"","overlay-type":"","overlay-color":"","overlay-gradient":""},"mobile":{"background-color":"","background-image":"","background-repeat":"repeat","background-position":"center center","background-size":"auto","background-attachment":"scroll","background-type":"","background-media":"","overlay-type":"","overlay-color":"","overlay-gradient":""}},"ast-content-background-meta":{"desktop":{"background-color":"var(--ast-global-color-5)","background-image":"","background-repeat":"repeat","background-position":"center center","background-size":"auto","background-attachment":"scroll","background-type":"","background-media":"","overlay-type":"","overlay-color":"","overlay-gradient":""},"tablet":{"background-color":"var(--ast-global-color-5)","background-image":"","background-repeat":"repeat","background-position":"center center","background-size":"auto","background-attachment":"scroll","background-type":"","background-media":"","overlay-type":"","overlay-color":"","overlay-gradient":""},"mobile":{"background-color":"var(--ast-global-color-5)","background-image":"","background-repeat":"repeat","background-position":"center center","background-size":"auto","background-attachment":"scroll","background-type":"","background-media":"","overlay-type":"","overlay-color":"","overlay-gradient":""}},"footnotes":""},"categories":[10715],"tags":[51237,65261,5231,67405,67406,22893],"class_list":["post-22579","post","type-post","status-publish","format-standard","hentry","category-sevilla","tag-antonio-lopez-hidalgo","tag-donaciano-bartolome-crespo","tag-francisco-esteve-ramirez","tag-m-angeles-fernandez-barrero","tag-maria-jesus-casals-carro","tag-maria-pilar-diezhandino-nieto"],"_links":{"self":[{"href":"https:\/\/www.deberes.net\/tesis\/wp-json\/wp\/v2\/posts\/22579","targetHints":{"allow":["GET"]}}],"collection":[{"href":"https:\/\/www.deberes.net\/tesis\/wp-json\/wp\/v2\/posts"}],"about":[{"href":"https:\/\/www.deberes.net\/tesis\/wp-json\/wp\/v2\/types\/post"}],"author":[{"embeddable":true,"href":"https:\/\/www.deberes.net\/tesis\/wp-json\/wp\/v2\/users\/1"}],"replies":[{"embeddable":true,"href":"https:\/\/www.deberes.net\/tesis\/wp-json\/wp\/v2\/comments?post=22579"}],"version-history":[{"count":0,"href":"https:\/\/www.deberes.net\/tesis\/wp-json\/wp\/v2\/posts\/22579\/revisions"}],"wp:attachment":[{"href":"https:\/\/www.deberes.net\/tesis\/wp-json\/wp\/v2\/media?parent=22579"}],"wp:term":[{"taxonomy":"category","embeddable":true,"href":"https:\/\/www.deberes.net\/tesis\/wp-json\/wp\/v2\/categories?post=22579"},{"taxonomy":"post_tag","embeddable":true,"href":"https:\/\/www.deberes.net\/tesis\/wp-json\/wp\/v2\/tags?post=22579"}],"curies":[{"name":"wp","href":"https:\/\/api.w.org\/{rel}","templated":true}]}}