{"id":22619,"date":"2018-03-09T09:12:51","date_gmt":"2018-03-09T09:12:51","guid":{"rendered":"https:\/\/www.deberes.net\/tesis\/sin-categoria\/quien-conoce-a-dios-conoce-al-hombre-teologa%c2%ada-de-la-existencia-en-la-obra-de-romano-guardini\/"},"modified":"2018-03-09T09:12:51","modified_gmt":"2018-03-09T09:12:51","slug":"quien-conoce-a-dios-conoce-al-hombre-teologa%c2%ada-de-la-existencia-en-la-obra-de-romano-guardini","status":"publish","type":"post","link":"https:\/\/www.deberes.net\/tesis\/navarra\/quien-conoce-a-dios-conoce-al-hombre-teologa%c2%ada-de-la-existencia-en-la-obra-de-romano-guardini\/","title":{"rendered":"\u00abquien conoce a dios, conoce al hombre\u00bb. teolog\u00eda de la existencia en la obra de romano guardini"},"content":{"rendered":"<h2>Tesis doctoral de <strong> M\u00f3nica Codina Blasco <\/strong><\/h2>\n<p>En 1923 romano guardini se hace cargo de la c\u00e1tedra relionsphiliosophie und katholische weltanschauung en la universidad de berl\u00edn. El reto docente ante el que no se encuentra constituye un nuevo acicate para desarrollar un trabajo teol\u00f3gico capaz de dar respuesta a los interrogantes que en tiempos de guerra se presentan a la cultura moderna.  si el trabajo de romano guardini destaca por su capacidad de adelantar un diagn\u00f3stico preciso de la situaci\u00f3n cultural en occidente, no es menor el valor con que sus desarrollo teol\u00f3gicos muestran la capacidad de respuesta que se contiene en la verdad revelada.  lejos de las actitudes apolog\u00e9ticas propias de la \u00e9poca, el profesor se sit\u00faa en una nueva posici\u00f3n intelectual que recupera la confianza en la capacidad humana de conocer y se abre a la captaci\u00f3n de sentido de la verdad.  este estudio constituye una exposici\u00f3n ordenada de la antropolog\u00eda teol\u00f3gica contenida a lo largo de la extensa obrea del te\u00f3logon y de c\u00f3mo \u00e9sta proporciona una respuesta acertada a las incertidumbres que plantea la \u00e9poca moderna.  la revelaci\u00f3n muestra al hombre que es creado libremente y para ser libre; le recuerda que en el origen de la historia ad\u00e1n y eva cometieron un pecado del que todo hombre es solidario; sabe que cristo es el dios encarnado que salva por medio de la muerte; puede ser cristo recibiendo la salvaci\u00f3n que se obra en el tiempo por medio de los sacramentos en la iglesia.  la realidad humana adquiere un nuevo modo de comprensi\u00f3n a la luz de cristo. \u00e9l muestra qui\u00e9n es dios y qui\u00e9n es el hombre. La voluntad precisa de dios que otorga verdad y sentido a la realidad, que afirma la libertad humana al tiempo que interviene en la historia, pone con creces de manifiesto que es dios quien afirma al hombre.  aquello que para el pensamiento moderno constituye una paradoja intelectual, para el hombre de fe es el misterio en que puede vivir y a partir del cual se entiende.<\/p>\n<p>&nbsp;<\/p>\n<h3>Datos acad\u00e9micos de la tesis doctoral \u00ab<strong>\u00abquien conoce a dios, conoce al hombre\u00bb. teolog\u00eda de la existencia en la obra de romano guardini<\/strong>\u00ab<\/h3>\n<ul>\n<li><strong>T\u00edtulo de la tesis:<\/strong>\u00a0 \u00abquien conoce a dios, conoce al hombre\u00bb. teolog\u00eda de la existencia en la obra de romano guardini <\/li>\n<li><strong>Autor:<\/strong>\u00a0 M\u00f3nica Codina Blasco <\/li>\n<li><strong>Universidad:<\/strong>\u00a0 Navarra<\/li>\n<li><strong>Fecha de lectura de la tesis:<\/strong>\u00a0 15\/04\/2003<\/li>\n<\/ul>\n<p>&nbsp;<\/p>\n<h3>Direcci\u00f3n y tribunal<\/h3>\n<ul>\n<li><strong>Director de la tesis<\/strong>\n<ul>\n<li> Illanes Maestre Jos\u00e9 Luis<\/li>\n<\/ul>\n<\/li>\n<li><strong>Tribunal<\/strong>\n<ul>\n<li>Presidente del tribunal:  Illanes maestre Jos\u00e9 Luis <\/li>\n<li> Lorda i\u00f1arra Juan  Luis (vocal)<\/li>\n<li>teodoro L\u00f3pez rodr\u00edguez (vocal)<\/li>\n<li>jutta Burggraf (vocal)<\/li>\n<\/ul>\n<\/li>\n<\/ul>\n<p>&nbsp;<\/p>\n","protected":false},"excerpt":{"rendered":"<p>Tesis doctoral de M\u00f3nica Codina Blasco En 1923 romano guardini se hace cargo de la c\u00e1tedra relionsphiliosophie und katholische weltanschauung [&hellip;]<\/p>\n","protected":false},"author":1,"featured_media":0,"comment_status":"open","ping_status":"open","sticky":false,"template":"","format":"standard","meta":{"site-sidebar-layout":"default","site-content-layout":"","ast-site-content-layout":"","site-content-style":"default","site-sidebar-style":"default","ast-global-header-display":"","ast-banner-title-visibility":"","ast-main-header-display":"","ast-hfb-above-header-display":"","ast-hfb-below-header-display":"","ast-hfb-mobile-header-display":"","site-post-title":"","ast-breadcrumbs-content":"","ast-featured-img":"","footer-sml-layout":"","theme-transparent-header-meta":"","adv-header-id-meta":"","stick-header-meta":"","header-above-stick-meta":"","header-main-stick-meta":"","header-below-stick-meta":"","astra-migrate-meta-layouts":"default","ast-page-background-enabled":"default","ast-page-background-meta":{"desktop":{"background-color":"var(--ast-global-color-4)","background-image":"","background-repeat":"repeat","background-position":"center center","background-size":"auto","background-attachment":"scroll","background-type":"","background-media":"","overlay-type":"","overlay-color":"","overlay-gradient":""},"tablet":{"background-color":"","background-image":"","background-repeat":"repeat","background-position":"center center","background-size":"auto","background-attachment":"scroll","background-type":"","background-media":"","overlay-type":"","overlay-color":"","overlay-gradient":""},"mobile":{"background-color":"","background-image":"","background-repeat":"repeat","background-position":"center center","background-size":"auto","background-attachment":"scroll","background-type":"","background-media":"","overlay-type":"","overlay-color":"","overlay-gradient":""}},"ast-content-background-meta":{"desktop":{"background-color":"var(--ast-global-color-5)","background-image":"","background-repeat":"repeat","background-position":"center center","background-size":"auto","background-attachment":"scroll","background-type":"","background-media":"","overlay-type":"","overlay-color":"","overlay-gradient":""},"tablet":{"background-color":"var(--ast-global-color-5)","background-image":"","background-repeat":"repeat","background-position":"center center","background-size":"auto","background-attachment":"scroll","background-type":"","background-media":"","overlay-type":"","overlay-color":"","overlay-gradient":""},"mobile":{"background-color":"var(--ast-global-color-5)","background-image":"","background-repeat":"repeat","background-position":"center center","background-size":"auto","background-attachment":"scroll","background-type":"","background-media":"","overlay-type":"","overlay-color":"","overlay-gradient":""}},"footnotes":""},"categories":[17749],"tags":[17852,38567,18077,67512,17877],"class_list":["post-22619","post","type-post","status-publish","format-standard","hentry","category-navarra","tag-illanes-maestre-jose-luis","tag-jutta-burggraf","tag-lorda-inarra-juan-luis","tag-monica-codina-blasco","tag-teodoro-lopez-rodriguez"],"_links":{"self":[{"href":"https:\/\/www.deberes.net\/tesis\/wp-json\/wp\/v2\/posts\/22619","targetHints":{"allow":["GET"]}}],"collection":[{"href":"https:\/\/www.deberes.net\/tesis\/wp-json\/wp\/v2\/posts"}],"about":[{"href":"https:\/\/www.deberes.net\/tesis\/wp-json\/wp\/v2\/types\/post"}],"author":[{"embeddable":true,"href":"https:\/\/www.deberes.net\/tesis\/wp-json\/wp\/v2\/users\/1"}],"replies":[{"embeddable":true,"href":"https:\/\/www.deberes.net\/tesis\/wp-json\/wp\/v2\/comments?post=22619"}],"version-history":[{"count":0,"href":"https:\/\/www.deberes.net\/tesis\/wp-json\/wp\/v2\/posts\/22619\/revisions"}],"wp:attachment":[{"href":"https:\/\/www.deberes.net\/tesis\/wp-json\/wp\/v2\/media?parent=22619"}],"wp:term":[{"taxonomy":"category","embeddable":true,"href":"https:\/\/www.deberes.net\/tesis\/wp-json\/wp\/v2\/categories?post=22619"},{"taxonomy":"post_tag","embeddable":true,"href":"https:\/\/www.deberes.net\/tesis\/wp-json\/wp\/v2\/tags?post=22619"}],"curies":[{"name":"wp","href":"https:\/\/api.w.org\/{rel}","templated":true}]}}