{"id":22633,"date":"2018-03-09T09:12:52","date_gmt":"2018-03-09T09:12:52","guid":{"rendered":"https:\/\/www.deberes.net\/tesis\/sin-categoria\/la-normalizacion-arta%c2%adstica-vanguardia-y-abstraccion-en-las-exposiciones-oficiales-internacionales-1936-1965\/"},"modified":"2018-03-09T09:12:52","modified_gmt":"2018-03-09T09:12:52","slug":"la-normalizacion-arta%c2%adstica-vanguardia-y-abstraccion-en-las-exposiciones-oficiales-internacionales-1936-1965","status":"publish","type":"post","link":"https:\/\/www.deberes.net\/tesis\/nacional-de-educacion-a-distancia\/la-normalizacion-arta%c2%adstica-vanguardia-y-abstraccion-en-las-exposiciones-oficiales-internacionales-1936-1965\/","title":{"rendered":"La normalizaci\u00f3n art\u00edstica. vanguardia y abstracci\u00f3n en las exposiciones oficiales internacionales (1936-1965)"},"content":{"rendered":"<h2>Tesis doctoral de <strong> Genoveva Tusell Garc\u00eda <\/strong><\/h2>\n<p>La tesis doctoral, aborda la pol\u00edtica de exposiciones del franquismo desde el punto de vista de las exposiciones oficiales de car\u00e1cter internacional. en ella se lleva a cabo un estudio exhaustivo acerca de las muestras internacionales patrocinadas por el gobierno y los diferentes organismos dependiente de \u00e9l fuera y dentro de espa\u00f1a durante ese lapso de tiempo, analizando la voluntad ideol\u00f3gica del estado, su evoluci\u00f3n en el transcurso del tiempo, el \u00e9xito o fracaso de esos prop\u00f3sitos y los criterios empleados en la selecci\u00f3n de los artistas y obras que intervinieron en dichas exposiciones. La investigaci\u00f3n comporta adem\u00e1s el estudio de la evoluci\u00f3n el gusto producida en esos a\u00f1os y las relaciones entre arte, ideolog\u00eda y pol\u00edtica durante los a\u00f1os mencionados, as\u00ed como los contactos del r\u00e9gimen con los grandes maestros espa\u00f1oles de la vanguardia &#8211; picasso, mir\u00f3 y dal\u00ed -. Para todo ello se han consultado numerosas fuentes in\u00e9ditas tanto del ministerio de asuntos exteriores como a los testimonios personales de quienes fueron protagonistas principales de esa pol\u00edtica oficial de exposiciones.<\/p>\n<p>&nbsp;<\/p>\n<h3>Datos acad\u00e9micos de la tesis doctoral \u00ab<strong>La normalizaci\u00f3n art\u00edstica. vanguardia y abstracci\u00f3n en las exposiciones oficiales internacionales (1936-1965)<\/strong>\u00ab<\/h3>\n<ul>\n<li><strong>T\u00edtulo de la tesis:<\/strong>\u00a0 La normalizaci\u00f3n art\u00edstica. vanguardia y abstracci\u00f3n en las exposiciones oficiales internacionales (1936-1965) <\/li>\n<li><strong>Autor:<\/strong>\u00a0 Genoveva Tusell Garc\u00eda <\/li>\n<li><strong>Universidad:<\/strong>\u00a0 Nacional de educaci\u00f3n a distancia<\/li>\n<li><strong>Fecha de lectura de la tesis:<\/strong>\u00a0 22\/04\/2003<\/li>\n<\/ul>\n<p>&nbsp;<\/p>\n<h3>Direcci\u00f3n y tribunal<\/h3>\n<ul>\n<li><strong>Director de la tesis<\/strong>\n<ul>\n<li>V\u00edctor Nieto Alcaide<\/li>\n<\/ul>\n<\/li>\n<li><strong>Tribunal<\/strong>\n<ul>\n<li>Presidente del tribunal:  Antig\u00ed\u00bcedad del castillo olivares m. dolores <\/li>\n<li>Antonio Bonet correa (vocal)<\/li>\n<li>Francisco Calvo serraller (vocal)<\/li>\n<li>dolores Jim\u00e9nez blanco (vocal)<\/li>\n<\/ul>\n<\/li>\n<\/ul>\n<p>&nbsp;<\/p>\n","protected":false},"excerpt":{"rendered":"<p>Tesis doctoral de Genoveva Tusell Garc\u00eda La tesis doctoral, aborda la pol\u00edtica de exposiciones del franquismo desde el punto de [&hellip;]<\/p>\n","protected":false},"author":1,"featured_media":0,"comment_status":"open","ping_status":"open","sticky":false,"template":"","format":"standard","meta":{"site-sidebar-layout":"default","site-content-layout":"","ast-site-content-layout":"","site-content-style":"default","site-sidebar-style":"default","ast-global-header-display":"","ast-banner-title-visibility":"","ast-main-header-display":"","ast-hfb-above-header-display":"","ast-hfb-below-header-display":"","ast-hfb-mobile-header-display":"","site-post-title":"","ast-breadcrumbs-content":"","ast-featured-img":"","footer-sml-layout":"","theme-transparent-header-meta":"","adv-header-id-meta":"","stick-header-meta":"","header-above-stick-meta":"","header-main-stick-meta":"","header-below-stick-meta":"","astra-migrate-meta-layouts":"default","ast-page-background-enabled":"default","ast-page-background-meta":{"desktop":{"background-color":"var(--ast-global-color-4)","background-image":"","background-repeat":"repeat","background-position":"center center","background-size":"auto","background-attachment":"scroll","background-type":"","background-media":"","overlay-type":"","overlay-color":"","overlay-gradient":""},"tablet":{"background-color":"","background-image":"","background-repeat":"repeat","background-position":"center center","background-size":"auto","background-attachment":"scroll","background-type":"","background-media":"","overlay-type":"","overlay-color":"","overlay-gradient":""},"mobile":{"background-color":"","background-image":"","background-repeat":"repeat","background-position":"center center","background-size":"auto","background-attachment":"scroll","background-type":"","background-media":"","overlay-type":"","overlay-color":"","overlay-gradient":""}},"ast-content-background-meta":{"desktop":{"background-color":"var(--ast-global-color-5)","background-image":"","background-repeat":"repeat","background-position":"center center","background-size":"auto","background-attachment":"scroll","background-type":"","background-media":"","overlay-type":"","overlay-color":"","overlay-gradient":""},"tablet":{"background-color":"var(--ast-global-color-5)","background-image":"","background-repeat":"repeat","background-position":"center center","background-size":"auto","background-attachment":"scroll","background-type":"","background-media":"","overlay-type":"","overlay-color":"","overlay-gradient":""},"mobile":{"background-color":"var(--ast-global-color-5)","background-image":"","background-repeat":"repeat","background-position":"center center","background-size":"auto","background-attachment":"scroll","background-type":"","background-media":"","overlay-type":"","overlay-color":"","overlay-gradient":""}},"footnotes":""},"categories":[17070],"tags":[59967,7416,67545,5788,67544,14793],"class_list":["post-22633","post","type-post","status-publish","format-standard","hentry","category-nacional-de-educacion-a-distancia","tag-antigiedad-del-castillo-olivares-m-dolores","tag-antonio-bonet-correa","tag-dolores-jimenez-blanco","tag-francisco-calvo-serraller","tag-genoveva-tusell-garcia","tag-victor-nieto-alcaide"],"_links":{"self":[{"href":"https:\/\/www.deberes.net\/tesis\/wp-json\/wp\/v2\/posts\/22633","targetHints":{"allow":["GET"]}}],"collection":[{"href":"https:\/\/www.deberes.net\/tesis\/wp-json\/wp\/v2\/posts"}],"about":[{"href":"https:\/\/www.deberes.net\/tesis\/wp-json\/wp\/v2\/types\/post"}],"author":[{"embeddable":true,"href":"https:\/\/www.deberes.net\/tesis\/wp-json\/wp\/v2\/users\/1"}],"replies":[{"embeddable":true,"href":"https:\/\/www.deberes.net\/tesis\/wp-json\/wp\/v2\/comments?post=22633"}],"version-history":[{"count":0,"href":"https:\/\/www.deberes.net\/tesis\/wp-json\/wp\/v2\/posts\/22633\/revisions"}],"wp:attachment":[{"href":"https:\/\/www.deberes.net\/tesis\/wp-json\/wp\/v2\/media?parent=22633"}],"wp:term":[{"taxonomy":"category","embeddable":true,"href":"https:\/\/www.deberes.net\/tesis\/wp-json\/wp\/v2\/categories?post=22633"},{"taxonomy":"post_tag","embeddable":true,"href":"https:\/\/www.deberes.net\/tesis\/wp-json\/wp\/v2\/tags?post=22633"}],"curies":[{"name":"wp","href":"https:\/\/api.w.org\/{rel}","templated":true}]}}