{"id":22650,"date":"2018-03-09T09:12:54","date_gmt":"2018-03-09T09:12:54","guid":{"rendered":"https:\/\/www.deberes.net\/tesis\/sin-categoria\/validacion-empa%c2%adrica-de-una-escala-para-medir-la-inteligencia-emocional-desde-un-modelo-mixto-en-una-muestra-de-estudiantes-de-la-baha%c2%ada-de-cadiz\/"},"modified":"2018-03-09T09:12:54","modified_gmt":"2018-03-09T09:12:54","slug":"validacion-empa%c2%adrica-de-una-escala-para-medir-la-inteligencia-emocional-desde-un-modelo-mixto-en-una-muestra-de-estudiantes-de-la-baha%c2%ada-de-cadiz","status":"publish","type":"post","link":"https:\/\/www.deberes.net\/tesis\/psicologia\/validacion-empa%c2%adrica-de-una-escala-para-medir-la-inteligencia-emocional-desde-un-modelo-mixto-en-una-muestra-de-estudiantes-de-la-baha%c2%ada-de-cadiz\/","title":{"rendered":"Validaci\u00f3n emp\u00edrica de una escala para medir la inteligencia emocional, desde un modelo mixto, en una muestra de estudiantes de la bah\u00edade c\u00e1diz"},"content":{"rendered":"<h2>Tesis doctoral de <strong> Jos\u00e9 Miguel Mestre Navas <\/strong><\/h2>\n<p>La inteligencia emocional (ie) es un constructo definido por vez primera por salovey y mayer en 1990; sin embargo, es en 1995 cuando alcanza su popularidad y conocimiento del mismo gracias a la aparici\u00f3n del conocido beste seller \u00abinteligencia emocional\u00bb de daniel goleman. A corto plazo, la aparici\u00f3n de este libro promovi\u00f3 un inter\u00e9s cient\u00edfico, en menor medida, y medi\u00e1tico, en mayor medida, por este concepto al que se le asigna un papel fundamental en la adaptaci\u00f3n exitosa de las personas tanto en sus vidas como en su entorno profesional. Pero a medio plazo, dicho concepto generado por goleman trajo confusi\u00f3n debido, especialmente, a que no sigui\u00f3 fidedignamente los planteamientos descritos por los autores generadores del constructo. Lo que oblig\u00f3 a mayer y salovey (1997) a discernir entre dos maneras diferentes de conceptualizar la inteligencia emocional. As\u00ed, por un lado, se definieron dos tipos de modelos: el de habilidades (mayer y salovey, 1997) que defienden que la ie es un set de habilidades cognitivas (percibir, usar, comprender y manejar) las emociones cuyas consecuencias son adaptativas para el  sujeto y los mixtos (goleman, 1995; bar-on, 1997 y cooper y sawaf, 1997) que postulan que la ie adem\u00e1s incluir\u00edan aspectos relacionados con la personalidad. Mientras los primeros desarrollaban una medida v\u00e1lida y fiable de su modelo el msceit (mayer, salovey, caruso emotional intellligence test); en el caso de los modelos mixtos s\u00f3lo bar-on hab\u00eda desarrollado una medida v\u00e1lida y fiable de la ie, el eqi (bar-on, 1997).  por tanto, el modelo m\u00e1s conocido y difundido por entonces el de goleman a\u00fan no hab\u00eda desarrollado dicha medida ni verificado su modelo. Por ello, este extenso trabajo que presentamos ten\u00eda dos objetivos fundamentales:  a,- desarrollar una medida v\u00e1lida y fiable de la ie basada en el modelo de goleman.  b,- realizar un proceso de validaci\u00f3n emp\u00edrica de la misma (validez aparente, predictiva conve<\/p>\n<p>&nbsp;<\/p>\n<h3>Datos acad\u00e9micos de la tesis doctoral \u00ab<strong>Validaci\u00f3n emp\u00edrica de una escala para medir la inteligencia emocional, desde un modelo mixto, en una muestra de estudiantes de la bah\u00edade c\u00e1diz<\/strong>\u00ab<\/h3>\n<ul>\n<li><strong>T\u00edtulo de la tesis:<\/strong>\u00a0 Validaci\u00f3n emp\u00edrica de una escala para medir la inteligencia emocional, desde un modelo mixto, en una muestra de estudiantes de la bah\u00edade c\u00e1diz <\/li>\n<li><strong>Autor:<\/strong>\u00a0 Jos\u00e9 Miguel Mestre Navas <\/li>\n<li><strong>Universidad:<\/strong>\u00a0 C\u00e1diz<\/li>\n<li><strong>Fecha de lectura de la tesis:<\/strong>\u00a0 24\/04\/2003<\/li>\n<\/ul>\n<p>&nbsp;<\/p>\n<h3>Direcci\u00f3n y tribunal<\/h3>\n<ul>\n<li><strong>Director de la tesis<\/strong>\n<ul>\n<li>Paloma Braza Lloret<\/li>\n<\/ul>\n<\/li>\n<li><strong>Tribunal<\/strong>\n<ul>\n<li>Presidente del tribunal: Jos\u00e9 ignacio Navarro guzm\u00e1n <\/li>\n<li>francesc Palmero cantero (vocal)<\/li>\n<li>pablo Fernandez berrocal (vocal)<\/li>\n<li>natalia silvia Ramos diaz (vocal)<\/li>\n<\/ul>\n<\/li>\n<\/ul>\n<p>&nbsp;<\/p>\n","protected":false},"excerpt":{"rendered":"<p>Tesis doctoral de Jos\u00e9 Miguel Mestre Navas La inteligencia emocional (ie) es un constructo definido por vez primera por salovey [&hellip;]<\/p>\n","protected":false},"author":1,"featured_media":0,"comment_status":"open","ping_status":"open","sticky":false,"template":"","format":"standard","meta":{"site-sidebar-layout":"default","site-content-layout":"","ast-site-content-layout":"","site-content-style":"default","site-sidebar-style":"default","ast-global-header-display":"","ast-banner-title-visibility":"","ast-main-header-display":"","ast-hfb-above-header-display":"","ast-hfb-below-header-display":"","ast-hfb-mobile-header-display":"","site-post-title":"","ast-breadcrumbs-content":"","ast-featured-img":"","footer-sml-layout":"","theme-transparent-header-meta":"","adv-header-id-meta":"","stick-header-meta":"","header-above-stick-meta":"","header-main-stick-meta":"","header-below-stick-meta":"","astra-migrate-meta-layouts":"default","ast-page-background-enabled":"default","ast-page-background-meta":{"desktop":{"background-color":"var(--ast-global-color-4)","background-image":"","background-repeat":"repeat","background-position":"center center","background-size":"auto","background-attachment":"scroll","background-type":"","background-media":"","overlay-type":"","overlay-color":"","overlay-gradient":""},"tablet":{"background-color":"","background-image":"","background-repeat":"repeat","background-position":"center center","background-size":"auto","background-attachment":"scroll","background-type":"","background-media":"","overlay-type":"","overlay-color":"","overlay-gradient":""},"mobile":{"background-color":"","background-image":"","background-repeat":"repeat","background-position":"center center","background-size":"auto","background-attachment":"scroll","background-type":"","background-media":"","overlay-type":"","overlay-color":"","overlay-gradient":""}},"ast-content-background-meta":{"desktop":{"background-color":"var(--ast-global-color-5)","background-image":"","background-repeat":"repeat","background-position":"center center","background-size":"auto","background-attachment":"scroll","background-type":"","background-media":"","overlay-type":"","overlay-color":"","overlay-gradient":""},"tablet":{"background-color":"var(--ast-global-color-5)","background-image":"","background-repeat":"repeat","background-position":"center center","background-size":"auto","background-attachment":"scroll","background-type":"","background-media":"","overlay-type":"","overlay-color":"","overlay-gradient":""},"mobile":{"background-color":"var(--ast-global-color-5)","background-image":"","background-repeat":"repeat","background-position":"center center","background-size":"auto","background-attachment":"scroll","background-type":"","background-media":"","overlay-type":"","overlay-color":"","overlay-gradient":""}},"footnotes":""},"categories":[2871,1506,17382,5263,1175,324,2462,4129],"tags":[67596,34412,67595,67597,17091,34417],"class_list":["post-22650","post","type-post","status-publish","format-standard","hentry","category-analisis-por-escalas-en-psicologia","category-cadiz","category-construccion-del-test","category-emocion","category-evaluacion-y-diagnostico-en-psicologia","category-psicologia","category-psicologia-experimental","category-psicometria","tag-francesc-palmero-cantero","tag-jose-ignacio-navarro-guzman","tag-jose-miguel-mestre-navas","tag-natalia-silvia-ramos-diaz","tag-pablo-fernandez-berrocal","tag-paloma-braza-lloret"],"_links":{"self":[{"href":"https:\/\/www.deberes.net\/tesis\/wp-json\/wp\/v2\/posts\/22650","targetHints":{"allow":["GET"]}}],"collection":[{"href":"https:\/\/www.deberes.net\/tesis\/wp-json\/wp\/v2\/posts"}],"about":[{"href":"https:\/\/www.deberes.net\/tesis\/wp-json\/wp\/v2\/types\/post"}],"author":[{"embeddable":true,"href":"https:\/\/www.deberes.net\/tesis\/wp-json\/wp\/v2\/users\/1"}],"replies":[{"embeddable":true,"href":"https:\/\/www.deberes.net\/tesis\/wp-json\/wp\/v2\/comments?post=22650"}],"version-history":[{"count":0,"href":"https:\/\/www.deberes.net\/tesis\/wp-json\/wp\/v2\/posts\/22650\/revisions"}],"wp:attachment":[{"href":"https:\/\/www.deberes.net\/tesis\/wp-json\/wp\/v2\/media?parent=22650"}],"wp:term":[{"taxonomy":"category","embeddable":true,"href":"https:\/\/www.deberes.net\/tesis\/wp-json\/wp\/v2\/categories?post=22650"},{"taxonomy":"post_tag","embeddable":true,"href":"https:\/\/www.deberes.net\/tesis\/wp-json\/wp\/v2\/tags?post=22650"}],"curies":[{"name":"wp","href":"https:\/\/api.w.org\/{rel}","templated":true}]}}