{"id":22674,"date":"2018-03-09T09:12:56","date_gmt":"2018-03-09T09:12:56","guid":{"rendered":"https:\/\/www.deberes.net\/tesis\/sin-categoria\/proteccion-del-menor-en-la-junta-de-extremadura-1983-1999\/"},"modified":"2018-03-09T09:12:56","modified_gmt":"2018-03-09T09:12:56","slug":"proteccion-del-menor-en-la-junta-de-extremadura-1983-1999","status":"publish","type":"post","link":"https:\/\/www.deberes.net\/tesis\/extremadura\/proteccion-del-menor-en-la-junta-de-extremadura-1983-1999\/","title":{"rendered":"Protecci\u00f3n del menor en la junta de extremadura (1983-1999)"},"content":{"rendered":"<h2>Tesis doctoral de <strong>  Ameijeiras Saiz Rosa M. <\/strong><\/h2>\n<p>La finalidad es conocer las caracter\u00edsticas de la evoluci\u00f3n del servicio social especializado de protecci\u00f3n del menor en la comunidad aut\u00f3noma de extremadura. Nos basamos en el dise\u00f1o multimetodol\u00f3gico siguiente: una clasificaci\u00f3n de los conceptos clave tratados, un an\u00e1lisis desde la perspectiva hist\u00f3rico educativa de ser evoluci\u00f3n, as\u00ed como del an\u00e1lisis de contenido de la normativa, as\u00ed como del an\u00e1lisis de contenido de la normativa de rango superior y de rango inferior emitida por la junta de extremadura entre 1983 y 1999. Adem\u00e1s, se establecen unos anteriores de \u00abbuena pr\u00e1ctica\u00bb deseables en este \u00e1mbito como procedimiento de an\u00e1lisis y finalmente se determina, a trav\u00e9s de la opini\u00f3n de diferentes profesionales intervinientes la presencia de estos criterios en el periodo estudiado, as\u00ed como los que se consideran m\u00e1s necesarios para integrarse en un dise\u00f1o futuro.<\/p>\n<p>&nbsp;<\/p>\n<h3>Datos acad\u00e9micos de la tesis doctoral \u00ab<strong>Protecci\u00f3n del menor en la junta de extremadura (1983-1999)<\/strong>\u00ab<\/h3>\n<ul>\n<li><strong>T\u00edtulo de la tesis:<\/strong>\u00a0 Protecci\u00f3n del menor en la junta de extremadura (1983-1999) <\/li>\n<li><strong>Autor:<\/strong>\u00a0  Ameijeiras Saiz Rosa M. <\/li>\n<li><strong>Universidad:<\/strong>\u00a0 Extremadura<\/li>\n<li><strong>Fecha de lectura de la tesis:<\/strong>\u00a0 25\/04\/2003<\/li>\n<\/ul>\n<p>&nbsp;<\/p>\n<h3>Direcci\u00f3n y tribunal<\/h3>\n<ul>\n<li><strong>Director de la tesis<\/strong>\n<ul>\n<li>Emilia Dom\u00ednguez Rodr\u00edguez<\/li>\n<\/ul>\n<\/li>\n<li><strong>Tribunal<\/strong>\n<ul>\n<li>Presidente del tribunal: jaume Sarramona l\u00f3pez <\/li>\n<li>felicidad S\u00e1nchez pascua (vocal)<\/li>\n<li>Juan a Noguera arron (vocal)<\/li>\n<li>Jes\u00fas Valverde berrocoso (vocal)<\/li>\n<\/ul>\n<\/li>\n<\/ul>\n<p>&nbsp;<\/p>\n","protected":false},"excerpt":{"rendered":"<p>Tesis doctoral de Ameijeiras Saiz Rosa M. La finalidad es conocer las caracter\u00edsticas de la evoluci\u00f3n del servicio social especializado [&hellip;]<\/p>\n","protected":false},"author":1,"featured_media":0,"comment_status":"open","ping_status":"open","sticky":false,"template":"","format":"standard","meta":{"site-sidebar-layout":"default","site-content-layout":"","ast-site-content-layout":"","site-content-style":"default","site-sidebar-style":"default","ast-global-header-display":"","ast-banner-title-visibility":"","ast-main-header-display":"","ast-hfb-above-header-display":"","ast-hfb-below-header-display":"","ast-hfb-mobile-header-display":"","site-post-title":"","ast-breadcrumbs-content":"","ast-featured-img":"","footer-sml-layout":"","theme-transparent-header-meta":"","adv-header-id-meta":"","stick-header-meta":"","header-above-stick-meta":"","header-main-stick-meta":"","header-below-stick-meta":"","astra-migrate-meta-layouts":"default","ast-page-background-enabled":"default","ast-page-background-meta":{"desktop":{"background-color":"var(--ast-global-color-4)","background-image":"","background-repeat":"repeat","background-position":"center center","background-size":"auto","background-attachment":"scroll","background-type":"","background-media":"","overlay-type":"","overlay-color":"","overlay-gradient":""},"tablet":{"background-color":"","background-image":"","background-repeat":"repeat","background-position":"center center","background-size":"auto","background-attachment":"scroll","background-type":"","background-media":"","overlay-type":"","overlay-color":"","overlay-gradient":""},"mobile":{"background-color":"","background-image":"","background-repeat":"repeat","background-position":"center center","background-size":"auto","background-attachment":"scroll","background-type":"","background-media":"","overlay-type":"","overlay-color":"","overlay-gradient":""}},"ast-content-background-meta":{"desktop":{"background-color":"var(--ast-global-color-5)","background-image":"","background-repeat":"repeat","background-position":"center center","background-size":"auto","background-attachment":"scroll","background-type":"","background-media":"","overlay-type":"","overlay-color":"","overlay-gradient":""},"tablet":{"background-color":"var(--ast-global-color-5)","background-image":"","background-repeat":"repeat","background-position":"center center","background-size":"auto","background-attachment":"scroll","background-type":"","background-media":"","overlay-type":"","overlay-color":"","overlay-gradient":""},"mobile":{"background-color":"var(--ast-global-color-5)","background-image":"","background-repeat":"repeat","background-position":"center center","background-size":"auto","background-attachment":"scroll","background-type":"","background-media":"","overlay-type":"","overlay-color":"","overlay-gradient":""}},"footnotes":""},"categories":[949,2233,7611,1184,1141,5714,1341],"tags":[67649,11957,56534,6227,25927,67650],"class_list":["post-22674","post","type-post","status-publish","format-standard","hentry","category-extremadura","category-metodos-pedagogicos","category-organizacion-y-direccion-de-las-instituciones-educativas","category-organizacion-y-planificacion-de-la-educacion","category-pedagogia","category-pedagogia-comparada","category-teoria-y-metodos-educativos","tag-ameijeiras-saiz-rosa-m","tag-emilia-dominguez-rodriguez","tag-felicidad-sanchez-pascua","tag-jaume-sarramona-lopez","tag-jesus-valverde-berrocoso","tag-juan-a-noguera-arron"],"_links":{"self":[{"href":"https:\/\/www.deberes.net\/tesis\/wp-json\/wp\/v2\/posts\/22674","targetHints":{"allow":["GET"]}}],"collection":[{"href":"https:\/\/www.deberes.net\/tesis\/wp-json\/wp\/v2\/posts"}],"about":[{"href":"https:\/\/www.deberes.net\/tesis\/wp-json\/wp\/v2\/types\/post"}],"author":[{"embeddable":true,"href":"https:\/\/www.deberes.net\/tesis\/wp-json\/wp\/v2\/users\/1"}],"replies":[{"embeddable":true,"href":"https:\/\/www.deberes.net\/tesis\/wp-json\/wp\/v2\/comments?post=22674"}],"version-history":[{"count":0,"href":"https:\/\/www.deberes.net\/tesis\/wp-json\/wp\/v2\/posts\/22674\/revisions"}],"wp:attachment":[{"href":"https:\/\/www.deberes.net\/tesis\/wp-json\/wp\/v2\/media?parent=22674"}],"wp:term":[{"taxonomy":"category","embeddable":true,"href":"https:\/\/www.deberes.net\/tesis\/wp-json\/wp\/v2\/categories?post=22674"},{"taxonomy":"post_tag","embeddable":true,"href":"https:\/\/www.deberes.net\/tesis\/wp-json\/wp\/v2\/tags?post=22674"}],"curies":[{"name":"wp","href":"https:\/\/api.w.org\/{rel}","templated":true}]}}