{"id":22682,"date":"2018-03-09T09:12:57","date_gmt":"2018-03-09T09:12:57","guid":{"rendered":"https:\/\/www.deberes.net\/tesis\/sin-categoria\/la-representacion-del-ojo-y-la-mirada-en-la-pintura-del-siglo-xx-la-permanencia-de-lo-sagrado-en-el-arte-a-traves-del-ojo-del-mito-y-de-la-magia\/"},"modified":"2018-03-09T09:12:57","modified_gmt":"2018-03-09T09:12:57","slug":"la-representacion-del-ojo-y-la-mirada-en-la-pintura-del-siglo-xx-la-permanencia-de-lo-sagrado-en-el-arte-a-traves-del-ojo-del-mito-y-de-la-magia","status":"publish","type":"post","link":"https:\/\/www.deberes.net\/tesis\/sin-categoria\/la-representacion-del-ojo-y-la-mirada-en-la-pintura-del-siglo-xx-la-permanencia-de-lo-sagrado-en-el-arte-a-traves-del-ojo-del-mito-y-de-la-magia\/","title":{"rendered":"La representaci\u00f3n del ojo y la mirada en la pintura del siglo xx. la permanencia de lo sagrado en el arte a trav\u00e9s del ojo del mito y de la magia"},"content":{"rendered":"<h2>Tesis doctoral de <strong>  Milan De Grado Susana <\/strong><\/h2>\n<p>La tesis plantea de la manifestaci\u00f3n del ojo \u00fanico y de su mirada, en la pintura del siglo xx, el revolucionario cambio que experimentan y el significado que trasladan al arte contempor\u00e1neo.  significado que parece estar vinculado a los dos ojos arquet\u00edpicos que se gestan en los or\u00edgenes de la cultura occidental: el ojo del mito solar y el que he denominado del mito lunar. Ambos est\u00e1n vinculados al mediterr\u00e1neo y mediante una constante comparaci\u00f3n, sus vestigios me han aportado la posibilidad de encontrar la afinidad y paralelismo con los que se expresan en la actualidad, en el \u00e1mbito del arte.  adem\u00e1s del cambio extraordinario en su naturaleza y expresi\u00f3n, transform\u00e1ndose en objetos, creando misterio, innovando con su libertad de movimientos, los ojos arquet\u00edpicos alteran el entorno en el que se mueven, y acompa\u00f1an la metamorfosis prodigiosa del espacio del siglo xx.  podr\u00edamos pensar que con los cambios profundos ser\u00eda dif\u00edcil identificarlos, sin embargo arrastran su pasado, haciendo renacer la magia, el mito y un significado sagrado en muchas de las obras de la modernidad.  vinculados a otros s\u00edmbolos universales, sobreviven en nuestra cultura debido a su versatilidad y polimorfismo, el ojo se manifiest\u00f3 en tiempo en los que predominaba el pensamiento m\u00e1gico, supo ser un tema central en la \u00e9poca en que surgieron los mitos, estuvo presente en las religiones reveladas del dios uno, y durante el periodo de ascenso de la conciencia racional ha presidido desde lo alto, con su luz nuestra cultura.  hoy, absolutamente profano, tambi\u00e9n sigue vigente en la pulicidad. Todas sus formas cuentan de alguna manera una parte de la historia del hombre y su lucha por adquirir la luz de la conciencia, pero nada como el arte para contar esta historia.<\/p>\n<p>&nbsp;<\/p>\n<h3>Datos acad\u00e9micos de la tesis doctoral \u00ab<strong>La representaci\u00f3n del ojo y la mirada en la pintura del siglo xx. la permanencia de lo sagrado en el arte a trav\u00e9s del ojo del mito y de la magia<\/strong>\u00ab<\/h3>\n<ul>\n<li><strong>T\u00edtulo de la tesis:<\/strong>\u00a0 La representaci\u00f3n del ojo y la mirada en la pintura del siglo xx. la permanencia de lo sagrado en el arte a trav\u00e9s del ojo del mito y de la magia <\/li>\n<li><strong>Autor:<\/strong>\u00a0  Milan De Grado Susana <\/li>\n<li><strong>Universidad:<\/strong>\u00a0 Complutense de Madrid<\/li>\n<li><strong>Fecha de lectura de la tesis:<\/strong>\u00a0 25\/04\/2003<\/li>\n<\/ul>\n<p>&nbsp;<\/p>\n<h3>Direcci\u00f3n y tribunal<\/h3>\n<ul>\n<li><strong>Director de la tesis<\/strong>\n<ul>\n<li>Mercedes Replinger Gonz\u00e1lez<\/li>\n<\/ul>\n<\/li>\n<li><strong>Tribunal<\/strong>\n<ul>\n<li>Presidente del tribunal:  Rueda Andr\u00e9s Jos\u00e9 m. <\/li>\n<li>Antonio P\u00e9rez pineda (vocal)<\/li>\n<li>constancio Collado jare\u00f1o (vocal)<\/li>\n<li>Mar\u00eda pilar Roig picazo (vocal)<\/li>\n<\/ul>\n<\/li>\n<\/ul>\n<p>&nbsp;<\/p>\n","protected":false},"excerpt":{"rendered":"<p>Tesis doctoral de Milan De Grado Susana La tesis plantea de la manifestaci\u00f3n del ojo \u00fanico y de su mirada, [&hellip;]<\/p>\n","protected":false},"author":1,"featured_media":0,"comment_status":"open","ping_status":"open","sticky":false,"template":"","format":"standard","meta":{"site-sidebar-layout":"default","site-content-layout":"","ast-site-content-layout":"","site-content-style":"default","site-sidebar-style":"default","ast-global-header-display":"","ast-banner-title-visibility":"","ast-main-header-display":"","ast-hfb-above-header-display":"","ast-hfb-below-header-display":"","ast-hfb-mobile-header-display":"","site-post-title":"","ast-breadcrumbs-content":"","ast-featured-img":"","footer-sml-layout":"","theme-transparent-header-meta":"","adv-header-id-meta":"","stick-header-meta":"","header-above-stick-meta":"","header-main-stick-meta":"","header-below-stick-meta":"","astra-migrate-meta-layouts":"default","ast-page-background-enabled":"default","ast-page-background-meta":{"desktop":{"background-color":"var(--ast-global-color-4)","background-image":"","background-repeat":"repeat","background-position":"center center","background-size":"auto","background-attachment":"scroll","background-type":"","background-media":"","overlay-type":"","overlay-color":"","overlay-gradient":""},"tablet":{"background-color":"","background-image":"","background-repeat":"repeat","background-position":"center center","background-size":"auto","background-attachment":"scroll","background-type":"","background-media":"","overlay-type":"","overlay-color":"","overlay-gradient":""},"mobile":{"background-color":"","background-image":"","background-repeat":"repeat","background-position":"center center","background-size":"auto","background-attachment":"scroll","background-type":"","background-media":"","overlay-type":"","overlay-color":"","overlay-gradient":""}},"ast-content-background-meta":{"desktop":{"background-color":"var(--ast-global-color-5)","background-image":"","background-repeat":"repeat","background-position":"center center","background-size":"auto","background-attachment":"scroll","background-type":"","background-media":"","overlay-type":"","overlay-color":"","overlay-gradient":""},"tablet":{"background-color":"var(--ast-global-color-5)","background-image":"","background-repeat":"repeat","background-position":"center center","background-size":"auto","background-attachment":"scroll","background-type":"","background-media":"","overlay-type":"","overlay-color":"","overlay-gradient":""},"mobile":{"background-color":"var(--ast-global-color-5)","background-image":"","background-repeat":"repeat","background-position":"center center","background-size":"auto","background-attachment":"scroll","background-type":"","background-media":"","overlay-type":"","overlay-color":"","overlay-gradient":""}},"footnotes":""},"categories":[1],"tags":[3808,67668,16866,67667,67666,43785],"class_list":["post-22682","post","type-post","status-publish","format-standard","hentry","category-sin-categoria","tag-antonio-perez-pineda","tag-constancio-collado-jareno","tag-maria-pilar-roig-picazo","tag-mercedes-replinger-gonzalez","tag-milan-de-grado-susana","tag-rueda-andres-jose-m"],"_links":{"self":[{"href":"https:\/\/www.deberes.net\/tesis\/wp-json\/wp\/v2\/posts\/22682","targetHints":{"allow":["GET"]}}],"collection":[{"href":"https:\/\/www.deberes.net\/tesis\/wp-json\/wp\/v2\/posts"}],"about":[{"href":"https:\/\/www.deberes.net\/tesis\/wp-json\/wp\/v2\/types\/post"}],"author":[{"embeddable":true,"href":"https:\/\/www.deberes.net\/tesis\/wp-json\/wp\/v2\/users\/1"}],"replies":[{"embeddable":true,"href":"https:\/\/www.deberes.net\/tesis\/wp-json\/wp\/v2\/comments?post=22682"}],"version-history":[{"count":0,"href":"https:\/\/www.deberes.net\/tesis\/wp-json\/wp\/v2\/posts\/22682\/revisions"}],"wp:attachment":[{"href":"https:\/\/www.deberes.net\/tesis\/wp-json\/wp\/v2\/media?parent=22682"}],"wp:term":[{"taxonomy":"category","embeddable":true,"href":"https:\/\/www.deberes.net\/tesis\/wp-json\/wp\/v2\/categories?post=22682"},{"taxonomy":"post_tag","embeddable":true,"href":"https:\/\/www.deberes.net\/tesis\/wp-json\/wp\/v2\/tags?post=22682"}],"curies":[{"name":"wp","href":"https:\/\/api.w.org\/{rel}","templated":true}]}}