{"id":22693,"date":"2018-03-09T09:12:57","date_gmt":"2018-03-09T09:12:57","guid":{"rendered":"https:\/\/www.deberes.net\/tesis\/sin-categoria\/diversidad-en-la-escuela-diseno-desarrollo-y-valoracion-de-una-propuesta-de-formacion-para-el-profesorado\/"},"modified":"2018-03-09T09:12:57","modified_gmt":"2018-03-09T09:12:57","slug":"diversidad-en-la-escuela-diseno-desarrollo-y-valoracion-de-una-propuesta-de-formacion-para-el-profesorado","status":"publish","type":"post","link":"https:\/\/www.deberes.net\/tesis\/sevilla\/diversidad-en-la-escuela-diseno-desarrollo-y-valoracion-de-una-propuesta-de-formacion-para-el-profesorado\/","title":{"rendered":"Diversidad en la escuela: dise\u00f1o, desarrollo y valoraci\u00f3n de una propuesta de formaci\u00f3n para el profesorado"},"content":{"rendered":"<h2>Tesis doctoral de <strong> Anabel Mori\u00f1a Diez <\/strong><\/h2>\n<p>Esta investigaci\u00f3n tiene el prop\u00f3sito de dise\u00f1ar, desarrollar y valorar una propuesta de formaci\u00f3n permanente del profesorado sobre atenci\u00f3n a la diversidad.  esta propuesta est\u00e1 construida bajo las supuestas del modelo de educaci\u00f3n inclusiva, dado el car\u00e1cter institucional de la respuesta a la diversidad. a laa vez asume la colaboraci\u00f3n, reflexi\u00f3n individual y grupal, y la investigaci\u00f3n como pilares de formaci\u00f3n del profesorado.  el desarrollo de la propuesta, durante 2 cursos escolares, tiene lugar en dos centros de ense\u00f1anza, uno de primaria y otro de secundaria. En cada uno de estos centros se forma un grupo de trabajo para desarrollar la propuesta de formaci\u00f3n. La metodolog\u00eda que se utilzia es el estudio de casos de corte interpretativo.  con la valoraci\u00f3n, por \u00faltimo, de la propuesta de formaci\u00f3n se pretende ayudar a detectar \u00e1mbitos demejora en el dise\u00f1o y desarrollo de la propuesta e introducir aquellos cambios necesarios.<\/p>\n<p>&nbsp;<\/p>\n<h3>Datos acad\u00e9micos de la tesis doctoral \u00ab<strong>Diversidad en la escuela: dise\u00f1o, desarrollo y valoraci\u00f3n de una propuesta de formaci\u00f3n para el profesorado<\/strong>\u00ab<\/h3>\n<ul>\n<li><strong>T\u00edtulo de la tesis:<\/strong>\u00a0 Diversidad en la escuela: dise\u00f1o, desarrollo y valoraci\u00f3n de una propuesta de formaci\u00f3n para el profesorado <\/li>\n<li><strong>Autor:<\/strong>\u00a0 Anabel Mori\u00f1a Diez <\/li>\n<li><strong>Universidad:<\/strong>\u00a0 Sevilla<\/li>\n<li><strong>Fecha de lectura de la tesis:<\/strong>\u00a0 25\/04\/2003<\/li>\n<\/ul>\n<p>&nbsp;<\/p>\n<h3>Direcci\u00f3n y tribunal<\/h3>\n<ul>\n<li><strong>Director de la tesis<\/strong>\n<ul>\n<li>Mar\u00eda  De Los Angeles Parrilla Latas<\/li>\n<\/ul>\n<\/li>\n<li><strong>Tribunal<\/strong>\n<ul>\n<li>Presidente del tribunal: pilar Araniz s\u00e1nchez <\/li>\n<li>teresa Susidios rada (vocal)<\/li>\n<li>pilar Mingorance diaz (vocal)<\/li>\n<li>beatriz Cebreiro l\u00f3pez (vocal)<\/li>\n<\/ul>\n<\/li>\n<\/ul>\n<p>&nbsp;<\/p>\n","protected":false},"excerpt":{"rendered":"<p>Tesis doctoral de Anabel Mori\u00f1a Diez Esta investigaci\u00f3n tiene el prop\u00f3sito de dise\u00f1ar, desarrollar y valorar una propuesta de formaci\u00f3n [&hellip;]<\/p>\n","protected":false},"author":1,"featured_media":0,"comment_status":"open","ping_status":"open","sticky":false,"template":"","format":"standard","meta":{"site-sidebar-layout":"default","site-content-layout":"","ast-site-content-layout":"","site-content-style":"default","site-sidebar-style":"default","ast-global-header-display":"","ast-banner-title-visibility":"","ast-main-header-display":"","ast-hfb-above-header-display":"","ast-hfb-below-header-display":"","ast-hfb-mobile-header-display":"","site-post-title":"","ast-breadcrumbs-content":"","ast-featured-img":"","footer-sml-layout":"","theme-transparent-header-meta":"","adv-header-id-meta":"","stick-header-meta":"","header-above-stick-meta":"","header-main-stick-meta":"","header-below-stick-meta":"","astra-migrate-meta-layouts":"default","ast-page-background-enabled":"default","ast-page-background-meta":{"desktop":{"background-color":"var(--ast-global-color-4)","background-image":"","background-repeat":"repeat","background-position":"center center","background-size":"auto","background-attachment":"scroll","background-type":"","background-media":"","overlay-type":"","overlay-color":"","overlay-gradient":""},"tablet":{"background-color":"","background-image":"","background-repeat":"repeat","background-position":"center center","background-size":"auto","background-attachment":"scroll","background-type":"","background-media":"","overlay-type":"","overlay-color":"","overlay-gradient":""},"mobile":{"background-color":"","background-image":"","background-repeat":"repeat","background-position":"center center","background-size":"auto","background-attachment":"scroll","background-type":"","background-media":"","overlay-type":"","overlay-color":"","overlay-gradient":""}},"ast-content-background-meta":{"desktop":{"background-color":"var(--ast-global-color-5)","background-image":"","background-repeat":"repeat","background-position":"center center","background-size":"auto","background-attachment":"scroll","background-type":"","background-media":"","overlay-type":"","overlay-color":"","overlay-gradient":""},"tablet":{"background-color":"var(--ast-global-color-5)","background-image":"","background-repeat":"repeat","background-position":"center center","background-size":"auto","background-attachment":"scroll","background-type":"","background-media":"","overlay-type":"","overlay-color":"","overlay-gradient":""},"mobile":{"background-color":"var(--ast-global-color-5)","background-image":"","background-repeat":"repeat","background-position":"center center","background-size":"auto","background-attachment":"scroll","background-type":"","background-media":"","overlay-type":"","overlay-color":"","overlay-gradient":""}},"footnotes":""},"categories":[10715],"tags":[67693,45452,38734,67694,65944,67695],"class_list":["post-22693","post","type-post","status-publish","format-standard","hentry","category-sevilla","tag-anabel-morina-diez","tag-beatriz-cebreiro-lopez","tag-maria-de-los-angeles-parrilla-latas","tag-pilar-araniz-sanchez","tag-pilar-mingorance-diaz","tag-teresa-susidios-rada"],"_links":{"self":[{"href":"https:\/\/www.deberes.net\/tesis\/wp-json\/wp\/v2\/posts\/22693","targetHints":{"allow":["GET"]}}],"collection":[{"href":"https:\/\/www.deberes.net\/tesis\/wp-json\/wp\/v2\/posts"}],"about":[{"href":"https:\/\/www.deberes.net\/tesis\/wp-json\/wp\/v2\/types\/post"}],"author":[{"embeddable":true,"href":"https:\/\/www.deberes.net\/tesis\/wp-json\/wp\/v2\/users\/1"}],"replies":[{"embeddable":true,"href":"https:\/\/www.deberes.net\/tesis\/wp-json\/wp\/v2\/comments?post=22693"}],"version-history":[{"count":0,"href":"https:\/\/www.deberes.net\/tesis\/wp-json\/wp\/v2\/posts\/22693\/revisions"}],"wp:attachment":[{"href":"https:\/\/www.deberes.net\/tesis\/wp-json\/wp\/v2\/media?parent=22693"}],"wp:term":[{"taxonomy":"category","embeddable":true,"href":"https:\/\/www.deberes.net\/tesis\/wp-json\/wp\/v2\/categories?post=22693"},{"taxonomy":"post_tag","embeddable":true,"href":"https:\/\/www.deberes.net\/tesis\/wp-json\/wp\/v2\/tags?post=22693"}],"curies":[{"name":"wp","href":"https:\/\/api.w.org\/{rel}","templated":true}]}}