{"id":22742,"date":"2018-03-09T09:13:02","date_gmt":"2018-03-09T09:13:02","guid":{"rendered":"https:\/\/www.deberes.net\/tesis\/sin-categoria\/la-infeccion-por-el-virus-de-la-inmunodeficiencia-humana-en-personas-mayores-de-50-anos-estudio-de-las-caractera%c2%adsticas-epidemiologicas-cla%c2%adnicas-y-evolutivas\/"},"modified":"2018-03-09T09:13:02","modified_gmt":"2018-03-09T09:13:02","slug":"la-infeccion-por-el-virus-de-la-inmunodeficiencia-humana-en-personas-mayores-de-50-anos-estudio-de-las-caractera%c2%adsticas-epidemiologicas-cla%c2%adnicas-y-evolutivas","status":"publish","type":"post","link":"https:\/\/www.deberes.net\/tesis\/sin-categoria\/la-infeccion-por-el-virus-de-la-inmunodeficiencia-humana-en-personas-mayores-de-50-anos-estudio-de-las-caractera%c2%adsticas-epidemiologicas-cla%c2%adnicas-y-evolutivas\/","title":{"rendered":"La infecci\u00f3n por el virus de la inmunodeficiencia humana en personas mayores de 50 a\u00f1os. estudio de las caracter\u00edsticas epidemiol\u00f3gicas, cl\u00ednicas y evolutivas"},"content":{"rendered":"<h2>Tesis doctoral de <strong> Remedios Martin Alvarez <\/strong><\/h2>\n<p>La infecci\u00f3n vih\/sida es considerada como una pandemia, pudiendo afectar a cualquier individuo que tenga pr\u00e1cticas de riesgo, independiente de su edad. Aunque considerada inicialmente como una infecci\u00f3n t\u00edpica de los j\u00f3venes. Afecta a un elevado porcentaje de personas mayores de 50 a\u00f1os.  se realiza un estudio de cohortes en el que se incluye un grupo de pacientes mayores de 50 a\u00f1os compar\u00e1ndolo con otra cohorte de j\u00f3venes. Uno de los objetivos es conocer las caracter\u00edsticas epidemiol\u00f3gicas y cl\u00ednicas de la poblaci\u00f3n mayor de 50 a\u00f1os y las posibles diferencias con la poblaci\u00f3n joven. Si la poblaci\u00f3n mayor tiene pr\u00e1cticas de riesgo para la infecci\u00f3n tendr\u00e1 la misma probabilidad de contraer la infecci\u00f3n que la poblaci\u00f3n joven, y valoramos si se diagnostica, si se piensa en ella cuando surge una enfermedad en la que se deber\u00eda incluirse en el diagn\u00f3stico diferencial la infecci\u00f3n vih\/sida.  la presentaci\u00f3n at\u00edpica de las enfermedades en los mayores hace que pensemos en otras enfermedades cr\u00f3nicas m\u00e1s frecuentes en esta edad como son las neoplasias u otras enfermedades sist\u00e9micas, y valoramos si la presentaci\u00f3n de la infecci\u00f3n vih\/sida era igual a los j\u00f3venes, as\u00ed como la situaci\u00f3n cl\u00ednica e inmunol\u00f3gica en el momento del diagn\u00f3stico y su evoluci\u00f3n.  ante el debate de s\u00ed merece la pena iniciar tratamiento antirretrovira en los mayores, se plantea valorar la efectividad del tratamiento con antirretrovirales y la pertinencia de su utilizaci\u00f3n mediante el estudio de la supervivencia, y la valoraci\u00f3n de los efectos secundarios. Se valora qu\u00e9 f\u00e1rmacos son los m\u00e1s eficaces y cuales los mejor tolerados, y se compara con la cohorte de j\u00f3venes. As\u00ed mismo se identifican los posibles factores que pueden influir y determinar la supervivencia en los pacientes mayores.  se observa que existe un retraso en el diagn\u00f3stico de la infecci\u00f3n vih\/sida en los pacientes mayores de 50 a\u00f1os con respecto a los j\u00f3vene<\/p>\n<p>&nbsp;<\/p>\n<h3>Datos acad\u00e9micos de la tesis doctoral \u00ab<strong>La infecci\u00f3n por el virus de la inmunodeficiencia humana en personas mayores de 50 a\u00f1os. estudio de las caracter\u00edsticas epidemiol\u00f3gicas, cl\u00ednicas y evolutivas<\/strong>\u00ab<\/h3>\n<ul>\n<li><strong>T\u00edtulo de la tesis:<\/strong>\u00a0 La infecci\u00f3n por el virus de la inmunodeficiencia humana en personas mayores de 50 a\u00f1os. estudio de las caracter\u00edsticas epidemiol\u00f3gicas, cl\u00ednicas y evolutivas <\/li>\n<li><strong>Autor:<\/strong>\u00a0 Remedios Martin Alvarez <\/li>\n<li><strong>Universidad:<\/strong>\u00a0 Complutense de Madrid<\/li>\n<li><strong>Fecha de lectura de la tesis:<\/strong>\u00a0 29\/04\/2003<\/li>\n<\/ul>\n<p>&nbsp;<\/p>\n<h3>Direcci\u00f3n y tribunal<\/h3>\n<ul>\n<li><strong>Director de la tesis<\/strong>\n<ul>\n<li>medel Palacio P\u00e9rez<\/li>\n<\/ul>\n<\/li>\n<li><strong>Tribunal<\/strong>\n<ul>\n<li>Presidente del tribunal: Jos\u00e9 manuel Ribera casado <\/li>\n<li>Jes\u00fas Fernandez martin (vocal)<\/li>\n<li>Santiago Moreno guillen (vocal)<\/li>\n<li>julio De la morena fern\u00e1ndez (vocal)<\/li>\n<\/ul>\n<\/li>\n<\/ul>\n<p>&nbsp;<\/p>\n","protected":false},"excerpt":{"rendered":"<p>Tesis doctoral de Remedios Martin Alvarez La infecci\u00f3n vih\/sida es considerada como una pandemia, pudiendo afectar a cualquier individuo que [&hellip;]<\/p>\n","protected":false},"author":1,"featured_media":0,"comment_status":"open","ping_status":"open","sticky":false,"template":"","format":"standard","meta":{"site-sidebar-layout":"default","site-content-layout":"","ast-site-content-layout":"","site-content-style":"default","site-sidebar-style":"default","ast-global-header-display":"","ast-banner-title-visibility":"","ast-main-header-display":"","ast-hfb-above-header-display":"","ast-hfb-below-header-display":"","ast-hfb-mobile-header-display":"","site-post-title":"","ast-breadcrumbs-content":"","ast-featured-img":"","footer-sml-layout":"","theme-transparent-header-meta":"","adv-header-id-meta":"","stick-header-meta":"","header-above-stick-meta":"","header-main-stick-meta":"","header-below-stick-meta":"","astra-migrate-meta-layouts":"default","ast-page-background-enabled":"default","ast-page-background-meta":{"desktop":{"background-color":"var(--ast-global-color-4)","background-image":"","background-repeat":"repeat","background-position":"center center","background-size":"auto","background-attachment":"scroll","background-type":"","background-media":"","overlay-type":"","overlay-color":"","overlay-gradient":""},"tablet":{"background-color":"","background-image":"","background-repeat":"repeat","background-position":"center center","background-size":"auto","background-attachment":"scroll","background-type":"","background-media":"","overlay-type":"","overlay-color":"","overlay-gradient":""},"mobile":{"background-color":"","background-image":"","background-repeat":"repeat","background-position":"center center","background-size":"auto","background-attachment":"scroll","background-type":"","background-media":"","overlay-type":"","overlay-color":"","overlay-gradient":""}},"ast-content-background-meta":{"desktop":{"background-color":"var(--ast-global-color-5)","background-image":"","background-repeat":"repeat","background-position":"center center","background-size":"auto","background-attachment":"scroll","background-type":"","background-media":"","overlay-type":"","overlay-color":"","overlay-gradient":""},"tablet":{"background-color":"var(--ast-global-color-5)","background-image":"","background-repeat":"repeat","background-position":"center center","background-size":"auto","background-attachment":"scroll","background-type":"","background-media":"","overlay-type":"","overlay-color":"","overlay-gradient":""},"mobile":{"background-color":"var(--ast-global-color-5)","background-image":"","background-repeat":"repeat","background-position":"center center","background-size":"auto","background-attachment":"scroll","background-type":"","background-media":"","overlay-type":"","overlay-color":"","overlay-gradient":""}},"footnotes":""},"categories":[1],"tags":[67811,22803,5696,44349,67810,24488],"class_list":["post-22742","post","type-post","status-publish","format-standard","hentry","category-sin-categoria","tag-jesus-fernandez-martin","tag-jose-manuel-ribera-casado","tag-julio-de-la-morena-fernandez","tag-medel-palacio-perez","tag-remedios-martin-alvarez","tag-santiago-moreno-guillen"],"_links":{"self":[{"href":"https:\/\/www.deberes.net\/tesis\/wp-json\/wp\/v2\/posts\/22742","targetHints":{"allow":["GET"]}}],"collection":[{"href":"https:\/\/www.deberes.net\/tesis\/wp-json\/wp\/v2\/posts"}],"about":[{"href":"https:\/\/www.deberes.net\/tesis\/wp-json\/wp\/v2\/types\/post"}],"author":[{"embeddable":true,"href":"https:\/\/www.deberes.net\/tesis\/wp-json\/wp\/v2\/users\/1"}],"replies":[{"embeddable":true,"href":"https:\/\/www.deberes.net\/tesis\/wp-json\/wp\/v2\/comments?post=22742"}],"version-history":[{"count":0,"href":"https:\/\/www.deberes.net\/tesis\/wp-json\/wp\/v2\/posts\/22742\/revisions"}],"wp:attachment":[{"href":"https:\/\/www.deberes.net\/tesis\/wp-json\/wp\/v2\/media?parent=22742"}],"wp:term":[{"taxonomy":"category","embeddable":true,"href":"https:\/\/www.deberes.net\/tesis\/wp-json\/wp\/v2\/categories?post=22742"},{"taxonomy":"post_tag","embeddable":true,"href":"https:\/\/www.deberes.net\/tesis\/wp-json\/wp\/v2\/tags?post=22742"}],"curies":[{"name":"wp","href":"https:\/\/api.w.org\/{rel}","templated":true}]}}