{"id":22754,"date":"2018-03-09T09:13:03","date_gmt":"2018-03-09T09:13:03","guid":{"rendered":"https:\/\/www.deberes.net\/tesis\/sin-categoria\/sobre-la-instalacion-en-la-escultura-del-siglo-xx-el-espacio-como-referente-escultorico\/"},"modified":"2018-03-09T09:13:03","modified_gmt":"2018-03-09T09:13:03","slug":"sobre-la-instalacion-en-la-escultura-del-siglo-xx-el-espacio-como-referente-escultorico","status":"publish","type":"post","link":"https:\/\/www.deberes.net\/tesis\/politecnica-de-valencia\/sobre-la-instalacion-en-la-escultura-del-siglo-xx-el-espacio-como-referente-escultorico\/","title":{"rendered":"Sobre la instalaci\u00f3n en la escultura del siglo xx: el espacio como referente escult\u00f3rico"},"content":{"rendered":"<h2>Tesis doctoral de <strong> Vicente Bar\u00f3n Linares <\/strong><\/h2>\n<p>La presente tesis doctoral tiene como prop\u00f3sito el indagar sobre los par\u00e1metros que hacen que surja la necesidad del concepto de instalaci\u00f3n en el arte, as\u00ed como cuales son los aspectos que son invariantes, o que entendemos que deben serlo, a todas las expresiones escult\u00f3ricas que denominamos instalaciones.  el trabajo est\u00e1 dividido en cuatro partes. En la primera realizamos un an\u00e1lisis de los \u00f3rigenes del concepto de instalaci\u00f3n. En la segunda parte, mostramos la evoluci\u00f3n de las categor\u00edas de la pl\u00e1stica escult\u00f3rica que crea el caldo de cultivo necesario para que surja el concepto de instalaci\u00f3n. en la tercera parte, establecemos una aproximaci\u00f3n a su definici\u00f3n, a su origen en el arte y a su desarrollo en la historia de la escultura. Finalmente, en la cuarta parte y como conclusiones establecemos tres modos de considerar la instalaci\u00f3n; la instalaci\u00f3n como la construcci\u00f3n de espacios significativos, la instalaci\u00f3n como sistema generador y como fen\u00f3meno hol\u00edstico y por \u00faltimo, la instalaci\u00f3n como territorio topol\u00f3gico.<\/p>\n<p>&nbsp;<\/p>\n<h3>Datos acad\u00e9micos de la tesis doctoral \u00ab<strong>Sobre la instalaci\u00f3n en la escultura del siglo xx: el espacio como referente escult\u00f3rico<\/strong>\u00ab<\/h3>\n<ul>\n<li><strong>T\u00edtulo de la tesis:<\/strong>\u00a0 Sobre la instalaci\u00f3n en la escultura del siglo xx: el espacio como referente escult\u00f3rico <\/li>\n<li><strong>Autor:<\/strong>\u00a0 Vicente Bar\u00f3n Linares <\/li>\n<li><strong>Universidad:<\/strong>\u00a0 Polit\u00e9cnica de Valencia<\/li>\n<li><strong>Fecha de lectura de la tesis:<\/strong>\u00a0 29\/04\/2003<\/li>\n<\/ul>\n<p>&nbsp;<\/p>\n<h3>Direcci\u00f3n y tribunal<\/h3>\n<ul>\n<li><strong>Director de la tesis<\/strong>\n<ul>\n<li> Soto Ar\u00e1ndiga Ram\u00f3n De<\/li>\n<\/ul>\n<\/li>\n<li><strong>Tribunal<\/strong>\n<ul>\n<li>Presidente del tribunal: maribel Dom\u00e9nech ib\u00e1\u00f1ez <\/li>\n<li>herminia Mart\u00ednez p\u00e9rez (vocal)<\/li>\n<li>natividad Naval\u00f3n blesa (vocal)<\/li>\n<li> Lasa garicano Jos\u00e9 \u00e1ngel (vocal)<\/li>\n<\/ul>\n<\/li>\n<\/ul>\n<p>&nbsp;<\/p>\n","protected":false},"excerpt":{"rendered":"<p>Tesis doctoral de Vicente Bar\u00f3n Linares La presente tesis doctoral tiene como prop\u00f3sito el indagar sobre los par\u00e1metros que hacen [&hellip;]<\/p>\n","protected":false},"author":1,"featured_media":0,"comment_status":"open","ping_status":"open","sticky":false,"template":"","format":"standard","meta":{"site-sidebar-layout":"default","site-content-layout":"","ast-site-content-layout":"","site-content-style":"default","site-sidebar-style":"default","ast-global-header-display":"","ast-banner-title-visibility":"","ast-main-header-display":"","ast-hfb-above-header-display":"","ast-hfb-below-header-display":"","ast-hfb-mobile-header-display":"","site-post-title":"","ast-breadcrumbs-content":"","ast-featured-img":"","footer-sml-layout":"","theme-transparent-header-meta":"","adv-header-id-meta":"","stick-header-meta":"","header-above-stick-meta":"","header-main-stick-meta":"","header-below-stick-meta":"","astra-migrate-meta-layouts":"default","ast-page-background-enabled":"default","ast-page-background-meta":{"desktop":{"background-color":"var(--ast-global-color-4)","background-image":"","background-repeat":"repeat","background-position":"center center","background-size":"auto","background-attachment":"scroll","background-type":"","background-media":"","overlay-type":"","overlay-color":"","overlay-gradient":""},"tablet":{"background-color":"","background-image":"","background-repeat":"repeat","background-position":"center center","background-size":"auto","background-attachment":"scroll","background-type":"","background-media":"","overlay-type":"","overlay-color":"","overlay-gradient":""},"mobile":{"background-color":"","background-image":"","background-repeat":"repeat","background-position":"center center","background-size":"auto","background-attachment":"scroll","background-type":"","background-media":"","overlay-type":"","overlay-color":"","overlay-gradient":""}},"ast-content-background-meta":{"desktop":{"background-color":"var(--ast-global-color-5)","background-image":"","background-repeat":"repeat","background-position":"center center","background-size":"auto","background-attachment":"scroll","background-type":"","background-media":"","overlay-type":"","overlay-color":"","overlay-gradient":""},"tablet":{"background-color":"var(--ast-global-color-5)","background-image":"","background-repeat":"repeat","background-position":"center center","background-size":"auto","background-attachment":"scroll","background-type":"","background-media":"","overlay-type":"","overlay-color":"","overlay-gradient":""},"mobile":{"background-color":"var(--ast-global-color-5)","background-image":"","background-repeat":"repeat","background-position":"center center","background-size":"auto","background-attachment":"scroll","background-type":"","background-media":"","overlay-type":"","overlay-color":"","overlay-gradient":""}},"footnotes":""},"categories":[16820],"tags":[18458,67840,37652,16876,59954,67839],"class_list":["post-22754","post","type-post","status-publish","format-standard","hentry","category-politecnica-de-valencia","tag-herminia-Martinez-perez","tag-lasa-garicano-jose-angel","tag-maribel-domenech-ibanez","tag-natividad-navalon-blesa","tag-soto-arandiga-ramon-de","tag-vicente-baron-linares"],"_links":{"self":[{"href":"https:\/\/www.deberes.net\/tesis\/wp-json\/wp\/v2\/posts\/22754","targetHints":{"allow":["GET"]}}],"collection":[{"href":"https:\/\/www.deberes.net\/tesis\/wp-json\/wp\/v2\/posts"}],"about":[{"href":"https:\/\/www.deberes.net\/tesis\/wp-json\/wp\/v2\/types\/post"}],"author":[{"embeddable":true,"href":"https:\/\/www.deberes.net\/tesis\/wp-json\/wp\/v2\/users\/1"}],"replies":[{"embeddable":true,"href":"https:\/\/www.deberes.net\/tesis\/wp-json\/wp\/v2\/comments?post=22754"}],"version-history":[{"count":0,"href":"https:\/\/www.deberes.net\/tesis\/wp-json\/wp\/v2\/posts\/22754\/revisions"}],"wp:attachment":[{"href":"https:\/\/www.deberes.net\/tesis\/wp-json\/wp\/v2\/media?parent=22754"}],"wp:term":[{"taxonomy":"category","embeddable":true,"href":"https:\/\/www.deberes.net\/tesis\/wp-json\/wp\/v2\/categories?post=22754"},{"taxonomy":"post_tag","embeddable":true,"href":"https:\/\/www.deberes.net\/tesis\/wp-json\/wp\/v2\/tags?post=22754"}],"curies":[{"name":"wp","href":"https:\/\/api.w.org\/{rel}","templated":true}]}}