{"id":22771,"date":"2018-03-09T09:13:04","date_gmt":"2018-03-09T09:13:04","guid":{"rendered":"https:\/\/www.deberes.net\/tesis\/sin-categoria\/valoracion-de-los-bienes-inmuebles-e-impacto-economico\/"},"modified":"2018-03-09T09:13:04","modified_gmt":"2018-03-09T09:13:04","slug":"valoracion-de-los-bienes-inmuebles-e-impacto-economico","status":"publish","type":"post","link":"https:\/\/www.deberes.net\/tesis\/zaragoza\/valoracion-de-los-bienes-inmuebles-e-impacto-economico\/","title":{"rendered":"Valoraci\u00f3n de los bienes inmuebles e impacto econ\u00f3mico"},"content":{"rendered":"<h2>Tesis doctoral de <strong>  Fabra Garc\u00e9s Luis Alberto <\/strong><\/h2>\n<p>La presente tesis representa el an\u00e1lisis, fundamentaci\u00f3n y aportaci\u00f3n de v\u00edas de soluci\u00f3n al riesgo asumido por el \u00e1mbito empresarial, fundamentalmente por el sector financiero de cr\u00e9dito, a trav\u00e9s de los pr\u00e9stamos hipotecarios, como consecuencia de la actual concepci\u00f3n, descripci\u00f3n metodol\u00f3gica y aplicaci\u00f3n pr\u00e1ctica de los procesos de valoraci\u00f3n inmobiliaria.  para ello se adopta la siguiente estructura b\u00e1sica:  a,- formulaci\u00f3n de un planteamiento general acerca de los fundamentos del valor (parte i).  b,- an\u00e1lisis de la significaci\u00f3n econ\u00f3mica de los bienes inmuebles y, especialmente, su valoraci\u00f3n (parte ii).  c,- revisi\u00f3n cr\u00edtica de los m\u00e9todos de c\u00e1lculo utilizados por la valoraci\u00f3n inmobiliario, proporcionando vacionalidad y fundamentaci\u00f3n econ\u00f3mica a dicha metodolog\u00eda, fundamentalmente a trav\u00e9s de las conexiones entre el modelo contable y los principios subyacentes en los m\u00e9todos de valoraci\u00f3n inmobiliaria (parte iii).  d,- an\u00e1lisis de la aplicaci\u00f3n pr\u00e1ctica de la actividad de valoraci\u00f3n inmobiliaria por parte de las sociedades de tasaci\u00f3n (parte iv).<\/p>\n<p>&nbsp;<\/p>\n<h3>Datos acad\u00e9micos de la tesis doctoral \u00ab<strong>Valoraci\u00f3n de los bienes inmuebles e impacto econ\u00f3mico<\/strong>\u00ab<\/h3>\n<ul>\n<li><strong>T\u00edtulo de la tesis:<\/strong>\u00a0 Valoraci\u00f3n de los bienes inmuebles e impacto econ\u00f3mico <\/li>\n<li><strong>Autor:<\/strong>\u00a0  Fabra Garc\u00e9s Luis Alberto <\/li>\n<li><strong>Universidad:<\/strong>\u00a0 Zaragoza<\/li>\n<li><strong>Fecha de lectura de la tesis:<\/strong>\u00a0 30\/04\/2003<\/li>\n<\/ul>\n<p>&nbsp;<\/p>\n<h3>Direcci\u00f3n y tribunal<\/h3>\n<ul>\n<li><strong>Director de la tesis<\/strong>\n<ul>\n<li> Broto Rubio Jes\u00fas Joaquin<\/li>\n<\/ul>\n<\/li>\n<li><strong>Tribunal<\/strong>\n<ul>\n<li>Presidente del tribunal: Francisco Gabas trigo <\/li>\n<li>gregorio Lbatvt serer (vocal)<\/li>\n<li>Jos\u00e9 Luis Sanchez-fernandez valderrama (vocal)<\/li>\n<li>joao baptista Da costa carvalho (vocal)<\/li>\n<\/ul>\n<\/li>\n<\/ul>\n<p>&nbsp;<\/p>\n","protected":false},"excerpt":{"rendered":"<p>Tesis doctoral de Fabra Garc\u00e9s Luis Alberto La presente tesis representa el an\u00e1lisis, fundamentaci\u00f3n y aportaci\u00f3n de v\u00edas de soluci\u00f3n [&hellip;]<\/p>\n","protected":false},"author":1,"featured_media":0,"comment_status":"open","ping_status":"open","sticky":false,"template":"","format":"standard","meta":{"site-sidebar-layout":"default","site-content-layout":"","ast-site-content-layout":"","site-content-style":"default","site-sidebar-style":"default","ast-global-header-display":"","ast-banner-title-visibility":"","ast-main-header-display":"","ast-hfb-above-header-display":"","ast-hfb-below-header-display":"","ast-hfb-mobile-header-display":"","site-post-title":"","ast-breadcrumbs-content":"","ast-featured-img":"","footer-sml-layout":"","theme-transparent-header-meta":"","adv-header-id-meta":"","stick-header-meta":"","header-above-stick-meta":"","header-main-stick-meta":"","header-below-stick-meta":"","astra-migrate-meta-layouts":"default","ast-page-background-enabled":"default","ast-page-background-meta":{"desktop":{"background-color":"var(--ast-global-color-4)","background-image":"","background-repeat":"repeat","background-position":"center center","background-size":"auto","background-attachment":"scroll","background-type":"","background-media":"","overlay-type":"","overlay-color":"","overlay-gradient":""},"tablet":{"background-color":"","background-image":"","background-repeat":"repeat","background-position":"center center","background-size":"auto","background-attachment":"scroll","background-type":"","background-media":"","overlay-type":"","overlay-color":"","overlay-gradient":""},"mobile":{"background-color":"","background-image":"","background-repeat":"repeat","background-position":"center center","background-size":"auto","background-attachment":"scroll","background-type":"","background-media":"","overlay-type":"","overlay-color":"","overlay-gradient":""}},"ast-content-background-meta":{"desktop":{"background-color":"var(--ast-global-color-5)","background-image":"","background-repeat":"repeat","background-position":"center center","background-size":"auto","background-attachment":"scroll","background-type":"","background-media":"","overlay-type":"","overlay-color":"","overlay-gradient":""},"tablet":{"background-color":"var(--ast-global-color-5)","background-image":"","background-repeat":"repeat","background-position":"center center","background-size":"auto","background-attachment":"scroll","background-type":"","background-media":"","overlay-type":"","overlay-color":"","overlay-gradient":""},"mobile":{"background-color":"var(--ast-global-color-5)","background-image":"","background-repeat":"repeat","background-position":"center center","background-size":"auto","background-attachment":"scroll","background-type":"","background-media":"","overlay-type":"","overlay-color":"","overlay-gradient":""}},"footnotes":""},"categories":[13610],"tags":[67881,67880,13211,67882,67883,3466],"class_list":["post-22771","post","type-post","status-publish","format-standard","hentry","category-zaragoza","tag-broto-rubio-jesus-joaquin","tag-fabra-garces-luis-alberto","tag-francisco-gabas-trigo","tag-gregorio-lbatvt-serer","tag-joao-baptista-da-costa-carvalho","tag-jose-luis-sanchez-fernandez-valderrama"],"_links":{"self":[{"href":"https:\/\/www.deberes.net\/tesis\/wp-json\/wp\/v2\/posts\/22771","targetHints":{"allow":["GET"]}}],"collection":[{"href":"https:\/\/www.deberes.net\/tesis\/wp-json\/wp\/v2\/posts"}],"about":[{"href":"https:\/\/www.deberes.net\/tesis\/wp-json\/wp\/v2\/types\/post"}],"author":[{"embeddable":true,"href":"https:\/\/www.deberes.net\/tesis\/wp-json\/wp\/v2\/users\/1"}],"replies":[{"embeddable":true,"href":"https:\/\/www.deberes.net\/tesis\/wp-json\/wp\/v2\/comments?post=22771"}],"version-history":[{"count":0,"href":"https:\/\/www.deberes.net\/tesis\/wp-json\/wp\/v2\/posts\/22771\/revisions"}],"wp:attachment":[{"href":"https:\/\/www.deberes.net\/tesis\/wp-json\/wp\/v2\/media?parent=22771"}],"wp:term":[{"taxonomy":"category","embeddable":true,"href":"https:\/\/www.deberes.net\/tesis\/wp-json\/wp\/v2\/categories?post=22771"},{"taxonomy":"post_tag","embeddable":true,"href":"https:\/\/www.deberes.net\/tesis\/wp-json\/wp\/v2\/tags?post=22771"}],"curies":[{"name":"wp","href":"https:\/\/api.w.org\/{rel}","templated":true}]}}