{"id":22782,"date":"2003-02-05T00:00:00","date_gmt":"2003-02-05T00:00:00","guid":{"rendered":"https:\/\/www.deberes.net\/tesis\/sin-categoria\/estructura-factorial-del-sa%c2%adndrome-positivo-y-negativo-en-la-esquizofrenia-estudio-comparativo-de-dos-escalas-de-evaluacion-psicopatologica\/"},"modified":"2003-02-05T00:00:00","modified_gmt":"2003-02-05T00:00:00","slug":"estructura-factorial-del-sa%c2%adndrome-positivo-y-negativo-en-la-esquizofrenia-estudio-comparativo-de-dos-escalas-de-evaluacion-psicopatologica","status":"publish","type":"post","link":"https:\/\/www.deberes.net\/tesis\/navarra\/estructura-factorial-del-sa%c2%adndrome-positivo-y-negativo-en-la-esquizofrenia-estudio-comparativo-de-dos-escalas-de-evaluacion-psicopatologica\/","title":{"rendered":"Estructura factorial del s\u00edndrome positivo y negativo en la esquizofrenia: estudio comparativo de dos escalas de evaluaci\u00f3n psicopatol\u00f3gica"},"content":{"rendered":"<h2>Tesis doctoral de <strong> Jorge Pla Vidal <\/strong><\/h2>\n<p>La esquizofrenia es una enfermedad psiqui\u00e1trica de enorme relevancia y, a pesar de que el conocimiento que de ella tenemos es cada d\u00eda mayor, todav\u00eda existen en la actualidad numerosos aspectos oscuros. El progreso en la investigaci\u00f3n con esta enfermedad se debe, entre otros, a la introducci\u00f3n de los modernos m\u00e9todos estad\u00edsticos y la dicotomizaci\u00f3n de algunos aspectos como la distinci\u00f3n cl\u00ednica positivo-negativo. El estudio de esta distinci\u00f3n se ha realizado desde distintos puntos de vista. En el presente trabajo nos propusimos analizar la distintic\u00f3n positivo-negativo desde la exploraci\u00f3n psicopatol\u00f3gica realizada con dos escalas bien conocidas: la escala panss y el sistema amdp. Se recogieron datos de 220 pacientes diagnosticaso de esquizofrenia seg\u00fan los criterios cie-10, de los que luego se incluyeron 133 en el estudio. Se les estudio como una muestra completa en la que luego se establecer\u00edan los subgrupos de pacientes, positivos y negativos dependiendo de la puntuaci\u00f3n panss-c, seg\u00fan el criterio inclusivo. Inicialmente se hizo un an\u00e1lisis descriptivo de los datos demogr\u00e1ficos y de la psicopatolog\u00eda de ambas escalas. Posteriormente se realiz\u00f3 un an\u00e1lisis factorial, con rotaci\u00f3n varimax, de cada uno de los instrumentos de evaluaci\u00f3n y se calcularon la fiabilidad de cada uno de los factores obtenidos y la correlaci\u00f3n entre los factores de cada escala. Para terminar se analiz\u00f3 qu\u00e9 factores defin\u00edan la positividad o negatividad de la muestra. En los resultados que se obtuvieron, no exist\u00edan diferencias demogr\u00e1ficas entre ambos subgrupos diagnosticados. se detect\u00f3 una psicopatolog\u00eda m\u00e1s asociada a cada subgrupo y se obtuvieron cinco factores en la panss y ocho en el amdp. Se definieron cinco dimensiones de alteraci\u00f3n psicopatol\u00f3gica en la esquizofrenia y se identificaron qu\u00e9 factores defin\u00edan mejor la esencia del s\u00edndrome positivo o del s\u00edndrome negativo. Concluimos que la utilizaci\u00f3n de una escala de<\/p>\n<p>&nbsp;<\/p>\n<h3>Datos acad\u00e9micos de la tesis doctoral \u00ab<strong>Estructura factorial del s\u00edndrome positivo y negativo en la esquizofrenia: estudio comparativo de dos escalas de evaluaci\u00f3n psicopatol\u00f3gica<\/strong>\u00ab<\/h3>\n<ul>\n<li><strong>T\u00edtulo de la tesis:<\/strong>\u00a0 Estructura factorial del s\u00edndrome positivo y negativo en la esquizofrenia: estudio comparativo de dos escalas de evaluaci\u00f3n psicopatol\u00f3gica <\/li>\n<li><strong>Autor:<\/strong>\u00a0 Jorge Pla Vidal <\/li>\n<li><strong>Universidad:<\/strong>\u00a0 Navarra<\/li>\n<li><strong>Fecha de lectura de la tesis:<\/strong>\u00a0 02\/05\/2003<\/li>\n<\/ul>\n<p>&nbsp;<\/p>\n<h3>Direcci\u00f3n y tribunal<\/h3>\n<ul>\n<li><strong>Director de la tesis<\/strong>\n<ul>\n<li>Salvador Cervera Enguix<\/li>\n<\/ul>\n<\/li>\n<li><strong>Tribunal<\/strong>\n<ul>\n<li>Presidente del tribunal: jose Giner ubago <\/li>\n<li>felipe Ortu\u00f1o s\u00e1nchez-pedre\u00f1o (vocal)<\/li>\n<li>julio belarmino Bobes garcia (vocal)<\/li>\n<li>jokin de Irala estevez (vocal)<\/li>\n<\/ul>\n<\/li>\n<\/ul>\n<p>&nbsp;<\/p>\n","protected":false},"excerpt":{"rendered":"<p>Tesis doctoral de Jorge Pla Vidal La esquizofrenia es una enfermedad psiqui\u00e1trica de enorme relevancia y, a pesar de que [&hellip;]<\/p>\n","protected":false},"author":1,"featured_media":0,"comment_status":"open","ping_status":"open","sticky":false,"template":"","format":"standard","meta":{"site-sidebar-layout":"default","site-content-layout":"","ast-site-content-layout":"","site-content-style":"default","site-sidebar-style":"default","ast-global-header-display":"","ast-banner-title-visibility":"","ast-main-header-display":"","ast-hfb-above-header-display":"","ast-hfb-below-header-display":"","ast-hfb-mobile-header-display":"","site-post-title":"","ast-breadcrumbs-content":"","ast-featured-img":"","footer-sml-layout":"","theme-transparent-header-meta":"","adv-header-id-meta":"","stick-header-meta":"","header-above-stick-meta":"","header-main-stick-meta":"","header-below-stick-meta":"","astra-migrate-meta-layouts":"default","ast-page-background-enabled":"default","ast-page-background-meta":{"desktop":{"background-color":"var(--ast-global-color-4)","background-image":"","background-repeat":"repeat","background-position":"center center","background-size":"auto","background-attachment":"scroll","background-type":"","background-media":"","overlay-type":"","overlay-color":"","overlay-gradient":""},"tablet":{"background-color":"","background-image":"","background-repeat":"repeat","background-position":"center center","background-size":"auto","background-attachment":"scroll","background-type":"","background-media":"","overlay-type":"","overlay-color":"","overlay-gradient":""},"mobile":{"background-color":"","background-image":"","background-repeat":"repeat","background-position":"center center","background-size":"auto","background-attachment":"scroll","background-type":"","background-media":"","overlay-type":"","overlay-color":"","overlay-gradient":""}},"ast-content-background-meta":{"desktop":{"background-color":"var(--ast-global-color-5)","background-image":"","background-repeat":"repeat","background-position":"center center","background-size":"auto","background-attachment":"scroll","background-type":"","background-media":"","overlay-type":"","overlay-color":"","overlay-gradient":""},"tablet":{"background-color":"var(--ast-global-color-5)","background-image":"","background-repeat":"repeat","background-position":"center center","background-size":"auto","background-attachment":"scroll","background-type":"","background-media":"","overlay-type":"","overlay-color":"","overlay-gradient":""},"mobile":{"background-color":"var(--ast-global-color-5)","background-image":"","background-repeat":"repeat","background-position":"center center","background-size":"auto","background-attachment":"scroll","background-type":"","background-media":"","overlay-type":"","overlay-color":"","overlay-gradient":""}},"footnotes":""},"categories":[17749],"tags":[55040,37154,67909,1971,8332,1410],"class_list":["post-22782","post","type-post","status-publish","format-standard","hentry","category-navarra","tag-felipe-ortuno-sanchez-pedreno","tag-jokin-de-irala-estevez","tag-jorge-pla-vidal","tag-jose-giner-ubago","tag-julio-belarmino-bobes-garcia","tag-salvador-cervera-enguix"],"_links":{"self":[{"href":"https:\/\/www.deberes.net\/tesis\/wp-json\/wp\/v2\/posts\/22782","targetHints":{"allow":["GET"]}}],"collection":[{"href":"https:\/\/www.deberes.net\/tesis\/wp-json\/wp\/v2\/posts"}],"about":[{"href":"https:\/\/www.deberes.net\/tesis\/wp-json\/wp\/v2\/types\/post"}],"author":[{"embeddable":true,"href":"https:\/\/www.deberes.net\/tesis\/wp-json\/wp\/v2\/users\/1"}],"replies":[{"embeddable":true,"href":"https:\/\/www.deberes.net\/tesis\/wp-json\/wp\/v2\/comments?post=22782"}],"version-history":[{"count":0,"href":"https:\/\/www.deberes.net\/tesis\/wp-json\/wp\/v2\/posts\/22782\/revisions"}],"wp:attachment":[{"href":"https:\/\/www.deberes.net\/tesis\/wp-json\/wp\/v2\/media?parent=22782"}],"wp:term":[{"taxonomy":"category","embeddable":true,"href":"https:\/\/www.deberes.net\/tesis\/wp-json\/wp\/v2\/categories?post=22782"},{"taxonomy":"post_tag","embeddable":true,"href":"https:\/\/www.deberes.net\/tesis\/wp-json\/wp\/v2\/tags?post=22782"}],"curies":[{"name":"wp","href":"https:\/\/api.w.org\/{rel}","templated":true}]}}