{"id":22812,"date":"2003-06-05T00:00:00","date_gmt":"2003-06-05T00:00:00","guid":{"rendered":"https:\/\/www.deberes.net\/tesis\/sin-categoria\/las-influencias-en-la-filmografia-de-cruz-delgado-y-sus-repercusiones\/"},"modified":"2003-06-05T00:00:00","modified_gmt":"2003-06-05T00:00:00","slug":"las-influencias-en-la-filmografia-de-cruz-delgado-y-sus-repercusiones","status":"publish","type":"post","link":"https:\/\/www.deberes.net\/tesis\/europea-de-madrid\/las-influencias-en-la-filmografia-de-cruz-delgado-y-sus-repercusiones\/","title":{"rendered":"Las influencias en la filmografia de cruz delgado y sus repercusiones"},"content":{"rendered":"<h2>Tesis doctoral de <strong> M. Pilar Yebenes Cortes <\/strong><\/h2>\n<p>Estudio que ubica la obra de cruz delgado -autor de t\u00edtulos de animaci\u00f3n como los viajes de guilliver, los cuatro m\u00fasicos de bremen \u00f3 d. Quijote de la mancha- en el panorama del cine espa\u00f1ol de animaci\u00f3n. Cuenta sus inicios como artista y su actual presencia en la escuela de cine de Madrid (ecam), del mismo modo, ahonda en el trabajo de los miembros de su equipo.<\/p>\n<p>&nbsp;<\/p>\n<h3>Datos acad\u00e9micos de la tesis doctoral \u00ab<strong>Las influencias en la filmografia de cruz delgado y sus repercusiones<\/strong>\u00ab<\/h3>\n<ul>\n<li><strong>T\u00edtulo de la tesis:<\/strong>\u00a0 Las influencias en la filmografia de cruz delgado y sus repercusiones <\/li>\n<li><strong>Autor:<\/strong>\u00a0 M. Pilar Yebenes Cortes <\/li>\n<li><strong>Universidad:<\/strong>\u00a0 Europea de Madrid<\/li>\n<li><strong>Fecha de lectura de la tesis:<\/strong>\u00a0 06\/05\/2003<\/li>\n<\/ul>\n<p>&nbsp;<\/p>\n<h3>Direcci\u00f3n y tribunal<\/h3>\n<ul>\n<li><strong>Director de la tesis<\/strong>\n<ul>\n<li> Marcos Mollano M. Mar<\/li>\n<\/ul>\n<\/li>\n<li><strong>Tribunal<\/strong>\n<ul>\n<li>Presidente del tribunal:  Garcia fernandez Emilio Carlos <\/li>\n<li>Rafael Utrera macias (vocal)<\/li>\n<li>Santiago Sanchez gonzalez (vocal)<\/li>\n<li>Antonio Sanchez escalonilla (vocal)<\/li>\n<\/ul>\n<\/li>\n<\/ul>\n<p>&nbsp;<\/p>\n","protected":false},"excerpt":{"rendered":"<p>Tesis doctoral de M. Pilar Yebenes Cortes Estudio que ubica la obra de cruz delgado -autor de t\u00edtulos de animaci\u00f3n [&hellip;]<\/p>\n","protected":false},"author":1,"featured_media":0,"comment_status":"open","ping_status":"open","sticky":false,"template":"","format":"standard","meta":{"site-sidebar-layout":"default","site-content-layout":"","ast-site-content-layout":"","site-content-style":"default","site-sidebar-style":"default","ast-global-header-display":"","ast-banner-title-visibility":"","ast-main-header-display":"","ast-hfb-above-header-display":"","ast-hfb-below-header-display":"","ast-hfb-mobile-header-display":"","site-post-title":"","ast-breadcrumbs-content":"","ast-featured-img":"","footer-sml-layout":"","theme-transparent-header-meta":"","adv-header-id-meta":"","stick-header-meta":"","header-above-stick-meta":"","header-main-stick-meta":"","header-below-stick-meta":"","astra-migrate-meta-layouts":"default","ast-page-background-enabled":"default","ast-page-background-meta":{"desktop":{"background-color":"var(--ast-global-color-4)","background-image":"","background-repeat":"repeat","background-position":"center center","background-size":"auto","background-attachment":"scroll","background-type":"","background-media":"","overlay-type":"","overlay-color":"","overlay-gradient":""},"tablet":{"background-color":"","background-image":"","background-repeat":"repeat","background-position":"center center","background-size":"auto","background-attachment":"scroll","background-type":"","background-media":"","overlay-type":"","overlay-color":"","overlay-gradient":""},"mobile":{"background-color":"","background-image":"","background-repeat":"repeat","background-position":"center center","background-size":"auto","background-attachment":"scroll","background-type":"","background-media":"","overlay-type":"","overlay-color":"","overlay-gradient":""}},"ast-content-background-meta":{"desktop":{"background-color":"var(--ast-global-color-5)","background-image":"","background-repeat":"repeat","background-position":"center center","background-size":"auto","background-attachment":"scroll","background-type":"","background-media":"","overlay-type":"","overlay-color":"","overlay-gradient":""},"tablet":{"background-color":"var(--ast-global-color-5)","background-image":"","background-repeat":"repeat","background-position":"center center","background-size":"auto","background-attachment":"scroll","background-type":"","background-media":"","overlay-type":"","overlay-color":"","overlay-gradient":""},"mobile":{"background-color":"var(--ast-global-color-5)","background-image":"","background-repeat":"repeat","background-position":"center center","background-size":"auto","background-attachment":"scroll","background-type":"","background-media":"","overlay-type":"","overlay-color":"","overlay-gradient":""}},"footnotes":""},"categories":[51447],"tags":[67981,44251,67979,67980,11214,24429],"class_list":["post-22812","post","type-post","status-publish","format-standard","hentry","category-europea-de-madrid","tag-antonio-sanchez-escalonilla","tag-garcia-fernandez-emilio-carlos","tag-m-pilar-yebenes-cortes","tag-marcos-mollano-m-mar","tag-rafael-utrera-macias","tag-santiago-sanchez-gonzalez"],"_links":{"self":[{"href":"https:\/\/www.deberes.net\/tesis\/wp-json\/wp\/v2\/posts\/22812","targetHints":{"allow":["GET"]}}],"collection":[{"href":"https:\/\/www.deberes.net\/tesis\/wp-json\/wp\/v2\/posts"}],"about":[{"href":"https:\/\/www.deberes.net\/tesis\/wp-json\/wp\/v2\/types\/post"}],"author":[{"embeddable":true,"href":"https:\/\/www.deberes.net\/tesis\/wp-json\/wp\/v2\/users\/1"}],"replies":[{"embeddable":true,"href":"https:\/\/www.deberes.net\/tesis\/wp-json\/wp\/v2\/comments?post=22812"}],"version-history":[{"count":0,"href":"https:\/\/www.deberes.net\/tesis\/wp-json\/wp\/v2\/posts\/22812\/revisions"}],"wp:attachment":[{"href":"https:\/\/www.deberes.net\/tesis\/wp-json\/wp\/v2\/media?parent=22812"}],"wp:term":[{"taxonomy":"category","embeddable":true,"href":"https:\/\/www.deberes.net\/tesis\/wp-json\/wp\/v2\/categories?post=22812"},{"taxonomy":"post_tag","embeddable":true,"href":"https:\/\/www.deberes.net\/tesis\/wp-json\/wp\/v2\/tags?post=22812"}],"curies":[{"name":"wp","href":"https:\/\/api.w.org\/{rel}","templated":true}]}}