{"id":22843,"date":"2003-08-05T00:00:00","date_gmt":"2003-08-05T00:00:00","guid":{"rendered":"https:\/\/www.deberes.net\/tesis\/sin-categoria\/aplicacion-de-cera-comestible-en-la-conservacion-de-mango\/"},"modified":"2003-08-05T00:00:00","modified_gmt":"2003-08-05T00:00:00","slug":"aplicacion-de-cera-comestible-en-la-conservacion-de-mango","status":"publish","type":"post","link":"https:\/\/www.deberes.net\/tesis\/politecnica-de-valencia\/aplicacion-de-cera-comestible-en-la-conservacion-de-mango\/","title":{"rendered":"Aplicaci\u00f3n de cera comestible en la conservaci\u00f3n de mango"},"content":{"rendered":"<h2>Tesis doctoral de <strong> Barbara Perez Rivero <\/strong><\/h2>\n<p>El mango es un fruto ex\u00f3tico altamente perecedero, cuya producci\u00f3n se limita a un per\u00edodo reducido del a\u00f1o. Si bien los productos derivados de su industrializaci\u00f3n resultan apetecibles y aceptados por los consumidores, existe una gran demanda del fruto fresco tomando en cuenta  las caracter\u00edsticas de aroma, sabor, textura y color que los identifican, as\u00ed como las tendencias actuales de consumir productos en sus forma natural, las que se asocian con productos sanos. A partir de ello resulta importante la implantaci\u00f3n de m\u00e9todos que prolonguen la vida \u00fatil de fruto fresco. El objetivo de este trabajo es evaluar el empleo de una cubierta comestible en mangos tommy atkins a diferentes condiciones de almacenamiento.  las tres condiciones de almacenaje estudiadas pueden considerarse adecuadas en dependencia de los objetivos perseguidos. Los almacenamientos de 20\u00c2\u00bac y de 10\u00c2\u00bac seguido en la conservaci\u00f3n a 20\u00c2\u00bac resultan factibles de aplicaci\u00f3n quedando la selecci\u00f3n de una u otra en dependencia del tiempo de almacenaje requerido. El almacenaje a 10\u00c2\u00bac con interrupci\u00f3n a 30\u00c2\u00bac, continuando con la conservaci\u00f3n a 5\u00c2\u00bac no provoca afectaciones en los frutos por lo que puede ser tambi\u00e9n implementada.<\/p>\n<p>&nbsp;<\/p>\n<h3>Datos acad\u00e9micos de la tesis doctoral \u00ab<strong>Aplicaci\u00f3n de cera comestible en la conservaci\u00f3n de mango<\/strong>\u00ab<\/h3>\n<ul>\n<li><strong>T\u00edtulo de la tesis:<\/strong>\u00a0 Aplicaci\u00f3n de cera comestible en la conservaci\u00f3n de mango <\/li>\n<li><strong>Autor:<\/strong>\u00a0 Barbara Perez Rivero <\/li>\n<li><strong>Universidad:<\/strong>\u00a0 Polit\u00e9cnica de Valencia<\/li>\n<li><strong>Fecha de lectura de la tesis:<\/strong>\u00a0 08\/05\/2003<\/li>\n<\/ul>\n<p>&nbsp;<\/p>\n<h3>Direcci\u00f3n y tribunal<\/h3>\n<ul>\n<li><strong>Director de la tesis<\/strong>\n<ul>\n<li>Reginaldo Baez Sa\u00f1udo<\/li>\n<\/ul>\n<\/li>\n<li><strong>Tribunal<\/strong>\n<ul>\n<li>Presidente del tribunal: M\u00aa amparo Chiralt boix <\/li>\n<li>Jos\u00e9 m. Martinez javega (vocal)<\/li>\n<li>Francisco Art\u00e9s calero (vocal)<\/li>\n<li> Rio gimeno Miguel angel del (vocal)<\/li>\n<\/ul>\n<\/li>\n<\/ul>\n<p>&nbsp;<\/p>\n","protected":false},"excerpt":{"rendered":"<p>Tesis doctoral de Barbara Perez Rivero El mango es un fruto ex\u00f3tico altamente perecedero, cuya producci\u00f3n se limita a un [&hellip;]<\/p>\n","protected":false},"author":1,"featured_media":0,"comment_status":"open","ping_status":"open","sticky":false,"template":"","format":"standard","meta":{"site-sidebar-layout":"default","site-content-layout":"","ast-site-content-layout":"","site-content-style":"default","site-sidebar-style":"default","ast-global-header-display":"","ast-banner-title-visibility":"","ast-main-header-display":"","ast-hfb-above-header-display":"","ast-hfb-below-header-display":"","ast-hfb-mobile-header-display":"","site-post-title":"","ast-breadcrumbs-content":"","ast-featured-img":"","footer-sml-layout":"","theme-transparent-header-meta":"","adv-header-id-meta":"","stick-header-meta":"","header-above-stick-meta":"","header-main-stick-meta":"","header-below-stick-meta":"","astra-migrate-meta-layouts":"default","ast-page-background-enabled":"default","ast-page-background-meta":{"desktop":{"background-color":"var(--ast-global-color-4)","background-image":"","background-repeat":"repeat","background-position":"center center","background-size":"auto","background-attachment":"scroll","background-type":"","background-media":"","overlay-type":"","overlay-color":"","overlay-gradient":""},"tablet":{"background-color":"","background-image":"","background-repeat":"repeat","background-position":"center center","background-size":"auto","background-attachment":"scroll","background-type":"","background-media":"","overlay-type":"","overlay-color":"","overlay-gradient":""},"mobile":{"background-color":"","background-image":"","background-repeat":"repeat","background-position":"center center","background-size":"auto","background-attachment":"scroll","background-type":"","background-media":"","overlay-type":"","overlay-color":"","overlay-gradient":""}},"ast-content-background-meta":{"desktop":{"background-color":"var(--ast-global-color-5)","background-image":"","background-repeat":"repeat","background-position":"center center","background-size":"auto","background-attachment":"scroll","background-type":"","background-media":"","overlay-type":"","overlay-color":"","overlay-gradient":""},"tablet":{"background-color":"var(--ast-global-color-5)","background-image":"","background-repeat":"repeat","background-position":"center center","background-size":"auto","background-attachment":"scroll","background-type":"","background-media":"","overlay-type":"","overlay-color":"","overlay-gradient":""},"mobile":{"background-color":"var(--ast-global-color-5)","background-image":"","background-repeat":"repeat","background-position":"center center","background-size":"auto","background-attachment":"scroll","background-type":"","background-media":"","overlay-type":"","overlay-color":"","overlay-gradient":""}},"footnotes":""},"categories":[16820],"tags":[68046,8382,17036,16955,68047,57875],"class_list":["post-22843","post","type-post","status-publish","format-standard","hentry","category-politecnica-de-valencia","tag-barbara-perez-rivero","tag-francisco-artes-calero","tag-jose-m-Martinez-javega","tag-ma-amparo-chiralt-boix","tag-reginaldo-baez-sanudo","tag-rio-gimeno-miguel-angel-del"],"_links":{"self":[{"href":"https:\/\/www.deberes.net\/tesis\/wp-json\/wp\/v2\/posts\/22843","targetHints":{"allow":["GET"]}}],"collection":[{"href":"https:\/\/www.deberes.net\/tesis\/wp-json\/wp\/v2\/posts"}],"about":[{"href":"https:\/\/www.deberes.net\/tesis\/wp-json\/wp\/v2\/types\/post"}],"author":[{"embeddable":true,"href":"https:\/\/www.deberes.net\/tesis\/wp-json\/wp\/v2\/users\/1"}],"replies":[{"embeddable":true,"href":"https:\/\/www.deberes.net\/tesis\/wp-json\/wp\/v2\/comments?post=22843"}],"version-history":[{"count":0,"href":"https:\/\/www.deberes.net\/tesis\/wp-json\/wp\/v2\/posts\/22843\/revisions"}],"wp:attachment":[{"href":"https:\/\/www.deberes.net\/tesis\/wp-json\/wp\/v2\/media?parent=22843"}],"wp:term":[{"taxonomy":"category","embeddable":true,"href":"https:\/\/www.deberes.net\/tesis\/wp-json\/wp\/v2\/categories?post=22843"},{"taxonomy":"post_tag","embeddable":true,"href":"https:\/\/www.deberes.net\/tesis\/wp-json\/wp\/v2\/tags?post=22843"}],"curies":[{"name":"wp","href":"https:\/\/api.w.org\/{rel}","templated":true}]}}