{"id":22883,"date":"2003-10-05T00:00:00","date_gmt":"2003-10-05T00:00:00","guid":{"rendered":"https:\/\/www.deberes.net\/tesis\/sin-categoria\/la-memoria-como-el-nuevo-imperativo-categorico-el-pensamiento-etico-de-t-w-adorno\/"},"modified":"2003-10-05T00:00:00","modified_gmt":"2003-10-05T00:00:00","slug":"la-memoria-como-el-nuevo-imperativo-categorico-el-pensamiento-etico-de-t-w-adorno","status":"publish","type":"post","link":"https:\/\/www.deberes.net\/tesis\/filosofia\/la-memoria-como-el-nuevo-imperativo-categorico-el-pensamiento-etico-de-t-w-adorno\/","title":{"rendered":"La memoria como el nuevo imperativo categ\u00f3rico (el pensamiento \u00e9tico de t.w.adorno)"},"content":{"rendered":"<h2>Tesis doctoral de <strong> Marta Tafalla Gonzalez <\/strong><\/h2>\n<p>Theodor wiesengrund adorno, uno de los principales fil\u00f3sofos del siglo xx, desarroll\u00f3 una filosof\u00eda moral que nunca lleg\u00f3 a exponer de manera sistem\u00e1tica en ninguna obra expl\u00edcitamente dedicada a ella, sino s\u00f3lo de forma fragmentaria en diversos libros sobre otras materias. Esta tesis es un intento de reconstruir su teor\u00eda moral.  esta tesis defiende que el coraz\u00f3n de la teor\u00eda \u00e9tica adorniana es la formulaci\u00f3n del nuevo imperativo categ\u00f3rico, propuesto en su libro dial\u00e9ctica negativa, y que es una cr\u00edtica y una respuesta al imperativo categ\u00f3rico formulado por kant. La tesis explora qu\u00e9 cambios de categor\u00edas morales permiten pasar del viejo imperativo al nuevo, y analiza en detalle las nuevas categor\u00edas morales adornianas. Reconstruido as\u00ed el centro de su teor\u00eda, este trabajo va profundizando de manera sistem\u00e1tica en todos los problemas \u00e9ticos abordados por el autor y a la vez recoge tanto sus cr\u00edticas a otros pensadores como tambi\u00e9n las influencias que recibi\u00f3. As\u00ed mismo estudia de qu\u00e9 modo la experiencia del nazismo, la segunda guerra mundia y el exilo en eua marcaron una filosof\u00eda que puede leerse como una respuesta a las cat\u00e1strofes del siglo xx.  finalmente, por la manera tan innovadora como esta filosof\u00eda incorpora en la \u00e9tica los problemas del  paso del tiempo y de la relaci\u00f3n con el pasado, tanto de los individuos como de la sociedad y la cultura, y por su respuesta a las filosof\u00edas de la historia, esta tesis concluye que la filosof\u00eda \u00e9tica de t.W. Adorno debe leerse como una filosof\u00eda de la memoria.<\/p>\n<p>&nbsp;<\/p>\n<h3>Datos acad\u00e9micos de la tesis doctoral \u00ab<strong>La memoria como el nuevo imperativo categ\u00f3rico (el pensamiento \u00e9tico de t.w.adorno)<\/strong>\u00ab<\/h3>\n<ul>\n<li><strong>T\u00edtulo de la tesis:<\/strong>\u00a0 La memoria como el nuevo imperativo categ\u00f3rico (el pensamiento \u00e9tico de t.w.adorno) <\/li>\n<li><strong>Autor:<\/strong>\u00a0 Marta Tafalla Gonzalez <\/li>\n<li><strong>Universidad:<\/strong>\u00a0 Aut\u00f3noma de barcelona<\/li>\n<li><strong>Fecha de lectura de la tesis:<\/strong>\u00a0 10\/05\/2003<\/li>\n<\/ul>\n<p>&nbsp;<\/p>\n<h3>Direcci\u00f3n y tribunal<\/h3>\n<ul>\n<li><strong>Director de la tesis<\/strong>\n<ul>\n<li>Gerard Vilar Roca<\/li>\n<\/ul>\n<\/li>\n<li><strong>Tribunal<\/strong>\n<ul>\n<li>Presidente del tribunal: victoria Camps cervera <\/li>\n<li>fina Birul\u00e9s (vocal)<\/li>\n<li>Manuel Reyes mate (vocal)<\/li>\n<li>Antonio Aguilera (vocal)<\/li>\n<\/ul>\n<\/li>\n<\/ul>\n<p>&nbsp;<\/p>\n","protected":false},"excerpt":{"rendered":"<p>Tesis doctoral de Marta Tafalla Gonzalez Theodor wiesengrund adorno, uno de los principales fil\u00f3sofos del siglo xx, desarroll\u00f3 una filosof\u00eda [&hellip;]<\/p>\n","protected":false},"author":1,"featured_media":0,"comment_status":"open","ping_status":"open","sticky":false,"template":"","format":"standard","meta":{"site-sidebar-layout":"default","site-content-layout":"","ast-site-content-layout":"","site-content-style":"default","site-sidebar-style":"default","ast-global-header-display":"","ast-banner-title-visibility":"","ast-main-header-display":"","ast-hfb-above-header-display":"","ast-hfb-below-header-display":"","ast-hfb-mobile-header-display":"","site-post-title":"","ast-breadcrumbs-content":"","ast-featured-img":"","footer-sml-layout":"","theme-transparent-header-meta":"","adv-header-id-meta":"","stick-header-meta":"","header-above-stick-meta":"","header-main-stick-meta":"","header-below-stick-meta":"","astra-migrate-meta-layouts":"default","ast-page-background-enabled":"default","ast-page-background-meta":{"desktop":{"background-color":"var(--ast-global-color-4)","background-image":"","background-repeat":"repeat","background-position":"center center","background-size":"auto","background-attachment":"scroll","background-type":"","background-media":"","overlay-type":"","overlay-color":"","overlay-gradient":""},"tablet":{"background-color":"","background-image":"","background-repeat":"repeat","background-position":"center center","background-size":"auto","background-attachment":"scroll","background-type":"","background-media":"","overlay-type":"","overlay-color":"","overlay-gradient":""},"mobile":{"background-color":"","background-image":"","background-repeat":"repeat","background-position":"center center","background-size":"auto","background-attachment":"scroll","background-type":"","background-media":"","overlay-type":"","overlay-color":"","overlay-gradient":""}},"ast-content-background-meta":{"desktop":{"background-color":"var(--ast-global-color-5)","background-image":"","background-repeat":"repeat","background-position":"center center","background-size":"auto","background-attachment":"scroll","background-type":"","background-media":"","overlay-type":"","overlay-color":"","overlay-gradient":""},"tablet":{"background-color":"var(--ast-global-color-5)","background-image":"","background-repeat":"repeat","background-position":"center center","background-size":"auto","background-attachment":"scroll","background-type":"","background-media":"","overlay-type":"","overlay-color":"","overlay-gradient":""},"mobile":{"background-color":"var(--ast-global-color-5)","background-image":"","background-repeat":"repeat","background-position":"center center","background-size":"auto","background-attachment":"scroll","background-type":"","background-media":"","overlay-type":"","overlay-color":"","overlay-gradient":""}},"footnotes":""},"categories":[8646,8647,8649,165,8535,8501,5276,1078,990],"tags":[68136,38270,20219,68135,68134,32929],"class_list":["post-22883","post","type-post","status-publish","format-standard","hentry","category-etica","category-etica-de-individuos","category-etica-filosofica","category-filosofia","category-filosofia-actual","category-filosofia-de-la-cultura","category-filosofia-de-la-historia","category-filosofia-social","category-sistemas-filosoficos","tag-antonio-aguilera","tag-fina-birules","tag-gerard-vilar-roca","tag-manuel-reyes-mate","tag-marta-tafalla-gonzalez","tag-victoria-camps-cervera"],"_links":{"self":[{"href":"https:\/\/www.deberes.net\/tesis\/wp-json\/wp\/v2\/posts\/22883","targetHints":{"allow":["GET"]}}],"collection":[{"href":"https:\/\/www.deberes.net\/tesis\/wp-json\/wp\/v2\/posts"}],"about":[{"href":"https:\/\/www.deberes.net\/tesis\/wp-json\/wp\/v2\/types\/post"}],"author":[{"embeddable":true,"href":"https:\/\/www.deberes.net\/tesis\/wp-json\/wp\/v2\/users\/1"}],"replies":[{"embeddable":true,"href":"https:\/\/www.deberes.net\/tesis\/wp-json\/wp\/v2\/comments?post=22883"}],"version-history":[{"count":0,"href":"https:\/\/www.deberes.net\/tesis\/wp-json\/wp\/v2\/posts\/22883\/revisions"}],"wp:attachment":[{"href":"https:\/\/www.deberes.net\/tesis\/wp-json\/wp\/v2\/media?parent=22883"}],"wp:term":[{"taxonomy":"category","embeddable":true,"href":"https:\/\/www.deberes.net\/tesis\/wp-json\/wp\/v2\/categories?post=22883"},{"taxonomy":"post_tag","embeddable":true,"href":"https:\/\/www.deberes.net\/tesis\/wp-json\/wp\/v2\/tags?post=22883"}],"curies":[{"name":"wp","href":"https:\/\/api.w.org\/{rel}","templated":true}]}}