{"id":22966,"date":"2018-03-09T09:13:21","date_gmt":"2018-03-09T09:13:21","guid":{"rendered":"https:\/\/www.deberes.net\/tesis\/sin-categoria\/al-oriente-de-africa-datos-para-la-historia-de-la-masoneria-contemporanea-en-melilla\/"},"modified":"2018-03-09T09:13:21","modified_gmt":"2018-03-09T09:13:21","slug":"al-oriente-de-africa-datos-para-la-historia-de-la-masoneria-contemporanea-en-melilla","status":"publish","type":"post","link":"https:\/\/www.deberes.net\/tesis\/historia\/al-oriente-de-africa-datos-para-la-historia-de-la-masoneria-contemporanea-en-melilla\/","title":{"rendered":"Al oriente de \u00e1frica. datos para la historia de la masoner\u00eda contempor\u00e1nea en melilla"},"content":{"rendered":"<h2>Tesis doctoral de <strong> Vicente Moga Romero <\/strong><\/h2>\n<p>La tesis expone el estudio del fen\u00f3meno mas\u00f3nico en la ciudad de melilla, enmarcado entre los nudos temporales que se\u00f1alan la guerra de margallo (1893-1894) y la guerra civil espa\u00f1ola (1936-1939). Dos fechas extremas de un corte cronol\u00f3gico de m\u00e1s de cuarenta a\u00f1os, en el queda documentada la presencia de cuatro logias: \u00e1frica (1894-1895), hijos de la africana (1922-1923), viriato (1824-1927), y 14 de abril (1931-1936).  es la primera vez que se estudia en conjunto la historia de la masoner\u00eda contempor\u00e1nea en melilla. Metodol\u00f3gicamente, el trabajo se aborda como un cap\u00edtulo de la historia de la masoner\u00eda espa\u00f1ola, aunque contempla adem\u00e1s el periodo de l guerra civil y la represi\u00f3n sobre los masones melillenses.  estructurada en tres vol\u00famenes, la tesis incluye un ap\u00e9ndice con el historial mas\u00f3nico y de la represi\u00f3n de las 213 personas que estuvieron relacionadas con el devenir de los talleres melillenses.<\/p>\n<p>&nbsp;<\/p>\n<h3>Datos acad\u00e9micos de la tesis doctoral \u00ab<strong>Al oriente de \u00e1frica. datos para la historia de la masoner\u00eda contempor\u00e1nea en melilla<\/strong>\u00ab<\/h3>\n<ul>\n<li><strong>T\u00edtulo de la tesis:<\/strong>\u00a0 Al oriente de \u00e1frica. datos para la historia de la masoner\u00eda contempor\u00e1nea en melilla <\/li>\n<li><strong>Autor:<\/strong>\u00a0 Vicente Moga Romero <\/li>\n<li><strong>Universidad:<\/strong>\u00a0 Granada<\/li>\n<li><strong>Fecha de lectura de la tesis:<\/strong>\u00a0 16\/05\/2003<\/li>\n<\/ul>\n<p>&nbsp;<\/p>\n<h3>Direcci\u00f3n y tribunal<\/h3>\n<ul>\n<li><strong>Director de la tesis<\/strong>\n<ul>\n<li>Juan  Cristobal Gay Armenteros<\/li>\n<\/ul>\n<\/li>\n<li><strong>Tribunal<\/strong>\n<ul>\n<li>Presidente del tribunal: Miguel Gomez oliver <\/li>\n<li> Planet contretas Ana isabel (vocal)<\/li>\n<li> Paz s\u00e1nchez Manuel de (vocal)<\/li>\n<li>encarnacion Lemus lopez (vocal)<\/li>\n<\/ul>\n<\/li>\n<\/ul>\n<p>&nbsp;<\/p>\n","protected":false},"excerpt":{"rendered":"<p>Tesis doctoral de Vicente Moga Romero La tesis expone el estudio del fen\u00f3meno mas\u00f3nico en la ciudad de melilla, enmarcado [&hellip;]<\/p>\n","protected":false},"author":1,"featured_media":0,"comment_status":"open","ping_status":"open","sticky":false,"template":"","format":"standard","meta":{"site-sidebar-layout":"default","site-content-layout":"","ast-site-content-layout":"","site-content-style":"default","site-sidebar-style":"default","ast-global-header-display":"","ast-banner-title-visibility":"","ast-main-header-display":"","ast-hfb-above-header-display":"","ast-hfb-below-header-display":"","ast-hfb-mobile-header-display":"","site-post-title":"","ast-breadcrumbs-content":"","ast-featured-img":"","footer-sml-layout":"","theme-transparent-header-meta":"","adv-header-id-meta":"","stick-header-meta":"","header-above-stick-meta":"","header-main-stick-meta":"","header-below-stick-meta":"","astra-migrate-meta-layouts":"default","ast-page-background-enabled":"default","ast-page-background-meta":{"desktop":{"background-color":"var(--ast-global-color-4)","background-image":"","background-repeat":"repeat","background-position":"center center","background-size":"auto","background-attachment":"scroll","background-type":"","background-media":"","overlay-type":"","overlay-color":"","overlay-gradient":""},"tablet":{"background-color":"","background-image":"","background-repeat":"repeat","background-position":"center center","background-size":"auto","background-attachment":"scroll","background-type":"","background-media":"","overlay-type":"","overlay-color":"","overlay-gradient":""},"mobile":{"background-color":"","background-image":"","background-repeat":"repeat","background-position":"center center","background-size":"auto","background-attachment":"scroll","background-type":"","background-media":"","overlay-type":"","overlay-color":"","overlay-gradient":""}},"ast-content-background-meta":{"desktop":{"background-color":"var(--ast-global-color-5)","background-image":"","background-repeat":"repeat","background-position":"center center","background-size":"auto","background-attachment":"scroll","background-type":"","background-media":"","overlay-type":"","overlay-color":"","overlay-gradient":""},"tablet":{"background-color":"var(--ast-global-color-5)","background-image":"","background-repeat":"repeat","background-position":"center center","background-size":"auto","background-attachment":"scroll","background-type":"","background-media":"","overlay-type":"","overlay-color":"","overlay-gradient":""},"mobile":{"background-color":"var(--ast-global-color-5)","background-image":"","background-repeat":"repeat","background-position":"center center","background-size":"auto","background-attachment":"scroll","background-type":"","background-media":"","overlay-type":"","overlay-color":"","overlay-gradient":""}},"footnotes":""},"categories":[104,1816,639,106,2224,220,105],"tags":[38886,3544,3540,10336,68333,68332],"class_list":["post-22966","post","type-post","status-publish","format-standard","hentry","category-historia","category-historia-contemporanea","category-historia-de-paises","category-historia-general","category-historia-local","category-historia-por-epocas","category-monografias-historicas","tag-encarnacion-lemus-lopez","tag-juan-cristobal-gay-armenteros","tag-miguel-gomez-oliver","tag-paz-sanchez-manuel-de","tag-planet-contretas-ana-isabel","tag-vicente-moga-romero"],"_links":{"self":[{"href":"https:\/\/www.deberes.net\/tesis\/wp-json\/wp\/v2\/posts\/22966","targetHints":{"allow":["GET"]}}],"collection":[{"href":"https:\/\/www.deberes.net\/tesis\/wp-json\/wp\/v2\/posts"}],"about":[{"href":"https:\/\/www.deberes.net\/tesis\/wp-json\/wp\/v2\/types\/post"}],"author":[{"embeddable":true,"href":"https:\/\/www.deberes.net\/tesis\/wp-json\/wp\/v2\/users\/1"}],"replies":[{"embeddable":true,"href":"https:\/\/www.deberes.net\/tesis\/wp-json\/wp\/v2\/comments?post=22966"}],"version-history":[{"count":0,"href":"https:\/\/www.deberes.net\/tesis\/wp-json\/wp\/v2\/posts\/22966\/revisions"}],"wp:attachment":[{"href":"https:\/\/www.deberes.net\/tesis\/wp-json\/wp\/v2\/media?parent=22966"}],"wp:term":[{"taxonomy":"category","embeddable":true,"href":"https:\/\/www.deberes.net\/tesis\/wp-json\/wp\/v2\/categories?post=22966"},{"taxonomy":"post_tag","embeddable":true,"href":"https:\/\/www.deberes.net\/tesis\/wp-json\/wp\/v2\/tags?post=22966"}],"curies":[{"name":"wp","href":"https:\/\/api.w.org\/{rel}","templated":true}]}}