{"id":23041,"date":"2018-03-09T09:13:27","date_gmt":"2018-03-09T09:13:27","guid":{"rendered":"https:\/\/www.deberes.net\/tesis\/sin-categoria\/recuperando-a-edward-sapir-1884-1939-sus-ecos-en-la-linga%c2%bca%c2%adstica-actual\/"},"modified":"2018-03-09T09:13:27","modified_gmt":"2018-03-09T09:13:27","slug":"recuperando-a-edward-sapir-1884-1939-sus-ecos-en-la-linga%c2%bca%c2%adstica-actual","status":"publish","type":"post","link":"https:\/\/www.deberes.net\/tesis\/linguistica\/recuperando-a-edward-sapir-1884-1939-sus-ecos-en-la-linga%c2%bca%c2%adstica-actual\/","title":{"rendered":"Recuperando a edward sapir (1884-1939). sus ecos en la lingu\u00edstica actual"},"content":{"rendered":"<h2>Tesis doctoral de <strong>  Fern\u00e1ndez Casas M. Xos\u00e9 <\/strong><\/h2>\n<p>Es nuestro principal prop\u00f3sito en esta investigaci\u00f3n acercarnos a la obra de edward sapir con el fin de descubrir aquellos aspectos que conectan, por su planteamiento, con la ling\u00ed\u00bc\u00edstica de nuestros d\u00edas. De este modo, podremos comprobar que la aportaci\u00f3n de sapir a la historia de la ling\u00ed\u00bc\u00edstica no se limita, como habitualmente se piensa, a su obra language. An introduction to the study of speech (1921), sino que su legado abarca numerosas investigaciones, relacionadas no s\u00f3lo con la ling\u00ed\u00bc\u00edstica, sino tambi\u00e9n con la antropolog\u00eda y con el arte.  si analizamos el conjunto de la obra sapiriana detenidamente, enseguida constatamos que en la ling\u00ed\u00bc\u00edstica moderna resuenan muchas de las ideas que sapir hab\u00eda vertido ochenta a\u00f1os antes. El aprovechamiento que este autor hace de la \u00f3ptica tipol\u00f3gica, la proyecci\u00f3n de una perspectiva mentalista de cariz social, o la enfatizaci\u00f3n de los factores sociales, culturales, contextuales y personales que inciden en el uso y estructura de la lenguas, entre otros muchos otros aspectos destacados por sapir, representan ideas que adquirir\u00e1n en el \u00faltimo tercio del siglo xx una trascendencia especial. a este respecto, no cabe ninguna duda de que el desarrollo que han experimentado disciplinas como la psicoling\u00ed\u00bc\u00edstica, la socioling\u00ed\u00bc\u00edstica, la tipolog\u00eda lig\u00ed\u00bc\u00edstica, la pragm\u00e1tica o la psicolog\u00eda social del lenguaje entroncan con autores como sapir que ya muchos a\u00f1os antes defend\u00edan una aproximaci\u00f3n integradora al complejo fen\u00f3meno ling\u00ed\u00bc\u00edstico.  por otra parte, en esta tesis hemos querido proporcionar una visi\u00f3n panor\u00e1mica del extenso legado sapiriano. Nos hemos internado en la madeja de investigaciones que componen su legado para hallar el substrato compartido por todas ellas. En relaci\u00f3n a esta cuesti\u00f3n, resulta sorprendente comprobar que debajo del aparente caos de tendencias, \u00e1reas del saber y tradiciones que confluyen en su obra, sapir es coherente con su pensamiento in<\/p>\n<p>&nbsp;<\/p>\n<h3>Datos acad\u00e9micos de la tesis doctoral \u00ab<strong>Recuperando a edward sapir (1884-1939). sus ecos en la lingu\u00edstica actual<\/strong>\u00ab<\/h3>\n<ul>\n<li><strong>T\u00edtulo de la tesis:<\/strong>\u00a0 Recuperando a edward sapir (1884-1939). sus ecos en la lingu\u00edstica actual <\/li>\n<li><strong>Autor:<\/strong>\u00a0  Fern\u00e1ndez Casas M. Xos\u00e9 <\/li>\n<li><strong>Universidad:<\/strong>\u00a0 Santiago de compostela<\/li>\n<li><strong>Fecha de lectura de la tesis:<\/strong>\u00a0 22\/05\/2003<\/li>\n<\/ul>\n<p>&nbsp;<\/p>\n<h3>Direcci\u00f3n y tribunal<\/h3>\n<ul>\n<li><strong>Director de la tesis<\/strong>\n<ul>\n<li>Mar\u00eda De Los Milagros Fern\u00e1ndez P\u00e9rez<\/li>\n<\/ul>\n<\/li>\n<li><strong>Tribunal<\/strong>\n<ul>\n<li>Presidente del tribunal: hans-josef Niederehe <\/li>\n<li>Jes\u00fas Tuson valls (vocal)<\/li>\n<li>pierre Swiggers (vocal)<\/li>\n<li>teresa Fanego lema (vocal)<\/li>\n<\/ul>\n<\/li>\n<\/ul>\n<p>&nbsp;<\/p>\n","protected":false},"excerpt":{"rendered":"<p>Tesis doctoral de Fern\u00e1ndez Casas M. Xos\u00e9 Es nuestro principal prop\u00f3sito en esta investigaci\u00f3n acercarnos a la obra de edward [&hellip;]<\/p>\n","protected":false},"author":1,"featured_media":0,"comment_status":"open","ping_status":"open","sticky":false,"template":"","format":"standard","meta":{"site-sidebar-layout":"default","site-content-layout":"","ast-site-content-layout":"","site-content-style":"default","site-sidebar-style":"default","ast-global-header-display":"","ast-banner-title-visibility":"","ast-main-header-display":"","ast-hfb-above-header-display":"","ast-hfb-below-header-display":"","ast-hfb-mobile-header-display":"","site-post-title":"","ast-breadcrumbs-content":"","ast-featured-img":"","footer-sml-layout":"","theme-transparent-header-meta":"","adv-header-id-meta":"","stick-header-meta":"","header-above-stick-meta":"","header-main-stick-meta":"","header-below-stick-meta":"","astra-migrate-meta-layouts":"default","ast-page-background-enabled":"default","ast-page-background-meta":{"desktop":{"background-color":"var(--ast-global-color-4)","background-image":"","background-repeat":"repeat","background-position":"center center","background-size":"auto","background-attachment":"scroll","background-type":"","background-media":"","overlay-type":"","overlay-color":"","overlay-gradient":""},"tablet":{"background-color":"","background-image":"","background-repeat":"repeat","background-position":"center center","background-size":"auto","background-attachment":"scroll","background-type":"","background-media":"","overlay-type":"","overlay-color":"","overlay-gradient":""},"mobile":{"background-color":"","background-image":"","background-repeat":"repeat","background-position":"center center","background-size":"auto","background-attachment":"scroll","background-type":"","background-media":"","overlay-type":"","overlay-color":"","overlay-gradient":""}},"ast-content-background-meta":{"desktop":{"background-color":"var(--ast-global-color-5)","background-image":"","background-repeat":"repeat","background-position":"center center","background-size":"auto","background-attachment":"scroll","background-type":"","background-media":"","overlay-type":"","overlay-color":"","overlay-gradient":""},"tablet":{"background-color":"var(--ast-global-color-5)","background-image":"","background-repeat":"repeat","background-position":"center center","background-size":"auto","background-attachment":"scroll","background-type":"","background-media":"","overlay-type":"","overlay-color":"","overlay-gradient":""},"mobile":{"background-color":"var(--ast-global-color-5)","background-image":"","background-repeat":"repeat","background-position":"center center","background-size":"auto","background-attachment":"scroll","background-type":"","background-media":"","overlay-type":"","overlay-color":"","overlay-gradient":""}},"footnotes":""},"categories":[7275,59,62,4953,977,3676,3016],"tags":[68519,68520,12335,35038,68521,2440],"class_list":["post-23041","post","type-post","status-publish","format-standard","hentry","category-etnolinguistica","category-linguistica","category-linguistica-sincronica","category-psicolinguistica","category-santiago-de-compostela","category-sociolinguistica","category-teoria-linguistica","tag-fernandez-casas-m-xose","tag-hans-josef-niederehe","tag-jesus-tuson-valls","tag-maria-de-los-milagros-fernandez-perez","tag-pierre-swiggers","tag-teresa-fanego-lema"],"_links":{"self":[{"href":"https:\/\/www.deberes.net\/tesis\/wp-json\/wp\/v2\/posts\/23041","targetHints":{"allow":["GET"]}}],"collection":[{"href":"https:\/\/www.deberes.net\/tesis\/wp-json\/wp\/v2\/posts"}],"about":[{"href":"https:\/\/www.deberes.net\/tesis\/wp-json\/wp\/v2\/types\/post"}],"author":[{"embeddable":true,"href":"https:\/\/www.deberes.net\/tesis\/wp-json\/wp\/v2\/users\/1"}],"replies":[{"embeddable":true,"href":"https:\/\/www.deberes.net\/tesis\/wp-json\/wp\/v2\/comments?post=23041"}],"version-history":[{"count":0,"href":"https:\/\/www.deberes.net\/tesis\/wp-json\/wp\/v2\/posts\/23041\/revisions"}],"wp:attachment":[{"href":"https:\/\/www.deberes.net\/tesis\/wp-json\/wp\/v2\/media?parent=23041"}],"wp:term":[{"taxonomy":"category","embeddable":true,"href":"https:\/\/www.deberes.net\/tesis\/wp-json\/wp\/v2\/categories?post=23041"},{"taxonomy":"post_tag","embeddable":true,"href":"https:\/\/www.deberes.net\/tesis\/wp-json\/wp\/v2\/tags?post=23041"}],"curies":[{"name":"wp","href":"https:\/\/api.w.org\/{rel}","templated":true}]}}