{"id":23101,"date":"2018-03-09T09:13:32","date_gmt":"2018-03-09T09:13:32","guid":{"rendered":"https:\/\/www.deberes.net\/tesis\/sin-categoria\/modelos-de-prediccion-de-cosecha-y-estimacion-de-los-danos-que-producen-las-heladas-en-plantaciones-de-melocotonero-manzano-y-peral\/"},"modified":"2018-03-09T09:13:32","modified_gmt":"2018-03-09T09:13:32","slug":"modelos-de-prediccion-de-cosecha-y-estimacion-de-los-danos-que-producen-las-heladas-en-plantaciones-de-melocotonero-manzano-y-peral","status":"publish","type":"post","link":"https:\/\/www.deberes.net\/tesis\/publica-de-navarra\/modelos-de-prediccion-de-cosecha-y-estimacion-de-los-danos-que-producen-las-heladas-en-plantaciones-de-melocotonero-manzano-y-peral\/","title":{"rendered":"Modelos de predicci\u00f3n de cosecha y estimaci\u00f3n de los da\u00f1os que producen las heladas en plantaciones de melocotonero, manzano y peral"},"content":{"rendered":"<h2>Tesis doctoral de <strong> Carlos Miranda Jim\u00e9nez <\/strong><\/h2>\n<p>La heladas primaverales producen frecuentemente da\u00f1os en las plantaciones frutales de muchas regiones espa\u00f1olas y generalmente, se aseguran contra este riesgo. Cuando lo t\u00e9cnicos del seguro agrario tienen que valorar la indeminizaci\u00f3n, deben estimar la producci\u00f3n final que se hubiese obtenido en el caso de no haber helado (producci\u00f3n potencial) y la proporci\u00f3n en que va a verse reducida esta cosecha potencial por el da\u00f1o de las heladas. adem\u00e1s, desde que se declara el siniestro, las normas del seguro limitan el periodo para realizar dicha valoraci\u00f3n por lo que conviene que las estimaciones en cada parcela afectada se puedan realizar en el menor tiempo posible. ambas estimaciones son problem\u00e1ticas, pues las de las producciones potenciales deben realizarse en ausencia total o parcial de flores o frutos, y la p\u00e9rdida de cosecha no s\u00f3lo depende de la intensidad de los da\u00f1os, sino que est\u00e1 condicionada por la capacidad producitva de la plantaci\u00f3n afectada. El objetivo fundamental de esta tesis ha sido desarrollar m\u00e9todos objetivos que permitan estimar las p\u00e9rdida de cosecha que producen las heladas en melocotonero, manzano y peral. Para ello, se plantearon dos objetivos parciales: obtener modelos predictivos de cosecha basados en caracter\u00edsticas susceptibles de ser medidas objetivamente en las fases iniciales del ciclo y evaluar la influencia de las heladas parciales producidas antes del cuajado sobre la producci\u00f3n y sobre la calidad comercial de los frutos.  para la obtenci\u00f3n de los modelos predictivos se emplearon 86 parcelas comerciales de melocotonero de un grupo amplio de cultivares representativo de los usos actuales, 95 de las variedades de peral \u00abblanquilla \u00bb y \u00abconferencia\u00bb y 62 de los cultivares de manzano \u00abgolden delicious\u00bb y \u00abroyal gala\u00bb. Para cada especie, el conjunto de parcelas representaba un amplio espectro de las situaciones de cultivo propias del valle del ebro. En 20-30 \u00e1rboles de cada una de las parcel<\/p>\n<p>&nbsp;<\/p>\n<h3>Datos acad\u00e9micos de la tesis doctoral \u00ab<strong>Modelos de predicci\u00f3n de cosecha y estimaci\u00f3n de los da\u00f1os que producen las heladas en plantaciones de melocotonero, manzano y peral<\/strong>\u00ab<\/h3>\n<ul>\n<li><strong>T\u00edtulo de la tesis:<\/strong>\u00a0 Modelos de predicci\u00f3n de cosecha y estimaci\u00f3n de los da\u00f1os que producen las heladas en plantaciones de melocotonero, manzano y peral <\/li>\n<li><strong>Autor:<\/strong>\u00a0 Carlos Miranda Jim\u00e9nez <\/li>\n<li><strong>Universidad:<\/strong>\u00a0 P\u00fablica de navarra<\/li>\n<li><strong>Fecha de lectura de la tesis:<\/strong>\u00a0 23\/05\/2003<\/li>\n<\/ul>\n<p>&nbsp;<\/p>\n<h3>Direcci\u00f3n y tribunal<\/h3>\n<ul>\n<li><strong>Director de la tesis<\/strong>\n<ul>\n<li> Royo D\u00edaz Jos\u00e9 Bernardo<\/li>\n<\/ul>\n<\/li>\n<li><strong>Tribunal<\/strong>\n<ul>\n<li>Presidente del tribunal: manuel Agusti fonfria <\/li>\n<li>valero Urbina vallejo (vocal)<\/li>\n<li>\u00e1lvaro Blanco bra\u00f1as (vocal)<\/li>\n<li>ignacio Iglesias castellarnau (vocal)<\/li>\n<\/ul>\n<\/li>\n<\/ul>\n<p>&nbsp;<\/p>\n","protected":false},"excerpt":{"rendered":"<p>Tesis doctoral de Carlos Miranda Jim\u00e9nez La heladas primaverales producen frecuentemente da\u00f1os en las plantaciones frutales de muchas regiones espa\u00f1olas [&hellip;]<\/p>\n","protected":false},"author":1,"featured_media":0,"comment_status":"open","ping_status":"open","sticky":false,"template":"","format":"standard","meta":{"site-sidebar-layout":"default","site-content-layout":"","ast-site-content-layout":"","site-content-style":"default","site-sidebar-style":"default","ast-global-header-display":"","ast-banner-title-visibility":"","ast-main-header-display":"","ast-hfb-above-header-display":"","ast-hfb-below-header-display":"","ast-hfb-mobile-header-display":"","site-post-title":"","ast-breadcrumbs-content":"","ast-featured-img":"","footer-sml-layout":"","theme-transparent-header-meta":"","adv-header-id-meta":"","stick-header-meta":"","header-above-stick-meta":"","header-main-stick-meta":"","header-below-stick-meta":"","astra-migrate-meta-layouts":"default","ast-page-background-enabled":"default","ast-page-background-meta":{"desktop":{"background-color":"var(--ast-global-color-4)","background-image":"","background-repeat":"repeat","background-position":"center center","background-size":"auto","background-attachment":"scroll","background-type":"","background-media":"","overlay-type":"","overlay-color":"","overlay-gradient":""},"tablet":{"background-color":"","background-image":"","background-repeat":"repeat","background-position":"center center","background-size":"auto","background-attachment":"scroll","background-type":"","background-media":"","overlay-type":"","overlay-color":"","overlay-gradient":""},"mobile":{"background-color":"","background-image":"","background-repeat":"repeat","background-position":"center center","background-size":"auto","background-attachment":"scroll","background-type":"","background-media":"","overlay-type":"","overlay-color":"","overlay-gradient":""}},"ast-content-background-meta":{"desktop":{"background-color":"var(--ast-global-color-5)","background-image":"","background-repeat":"repeat","background-position":"center center","background-size":"auto","background-attachment":"scroll","background-type":"","background-media":"","overlay-type":"","overlay-color":"","overlay-gradient":""},"tablet":{"background-color":"var(--ast-global-color-5)","background-image":"","background-repeat":"repeat","background-position":"center center","background-size":"auto","background-attachment":"scroll","background-type":"","background-media":"","overlay-type":"","overlay-color":"","overlay-gradient":""},"mobile":{"background-color":"var(--ast-global-color-5)","background-image":"","background-repeat":"repeat","background-position":"center center","background-size":"auto","background-attachment":"scroll","background-type":"","background-media":"","overlay-type":"","overlay-color":"","overlay-gradient":""}},"footnotes":""},"categories":[18529],"tags":[32534,68676,68677,16843,32533,16218],"class_list":["post-23101","post","type-post","status-publish","format-standard","hentry","category-publica-de-navarra","tag-alvaro-blanco-branas","tag-carlos-miranda-jimenez","tag-ignacio-iglesias-castellarnau","tag-manuel-agusti-fonfria","tag-royo-diaz-jose-bernardo","tag-valero-urbina-vallejo"],"_links":{"self":[{"href":"https:\/\/www.deberes.net\/tesis\/wp-json\/wp\/v2\/posts\/23101","targetHints":{"allow":["GET"]}}],"collection":[{"href":"https:\/\/www.deberes.net\/tesis\/wp-json\/wp\/v2\/posts"}],"about":[{"href":"https:\/\/www.deberes.net\/tesis\/wp-json\/wp\/v2\/types\/post"}],"author":[{"embeddable":true,"href":"https:\/\/www.deberes.net\/tesis\/wp-json\/wp\/v2\/users\/1"}],"replies":[{"embeddable":true,"href":"https:\/\/www.deberes.net\/tesis\/wp-json\/wp\/v2\/comments?post=23101"}],"version-history":[{"count":0,"href":"https:\/\/www.deberes.net\/tesis\/wp-json\/wp\/v2\/posts\/23101\/revisions"}],"wp:attachment":[{"href":"https:\/\/www.deberes.net\/tesis\/wp-json\/wp\/v2\/media?parent=23101"}],"wp:term":[{"taxonomy":"category","embeddable":true,"href":"https:\/\/www.deberes.net\/tesis\/wp-json\/wp\/v2\/categories?post=23101"},{"taxonomy":"post_tag","embeddable":true,"href":"https:\/\/www.deberes.net\/tesis\/wp-json\/wp\/v2\/tags?post=23101"}],"curies":[{"name":"wp","href":"https:\/\/api.w.org\/{rel}","templated":true}]}}