{"id":23117,"date":"2018-03-09T09:13:34","date_gmt":"2018-03-09T09:13:34","guid":{"rendered":"https:\/\/www.deberes.net\/tesis\/sin-categoria\/preconcepciones-y-errores-conceptuales-en-optica-propuesta-y-validacion-de-un-modelo-de-ensenanza-basado-en-la-teoria-de-la-elaboracion-de-reigeluth-y-stein\/"},"modified":"2018-03-09T09:13:34","modified_gmt":"2018-03-09T09:13:34","slug":"preconcepciones-y-errores-conceptuales-en-optica-propuesta-y-validacion-de-un-modelo-de-ensenanza-basado-en-la-teoria-de-la-elaboracion-de-reigeluth-y-stein","status":"publish","type":"post","link":"https:\/\/www.deberes.net\/tesis\/fisica\/preconcepciones-y-errores-conceptuales-en-optica-propuesta-y-validacion-de-un-modelo-de-ensenanza-basado-en-la-teoria-de-la-elaboracion-de-reigeluth-y-stein\/","title":{"rendered":"Preconcepciones y errores conceptuales en \u00f3ptica. propuesta y validaci\u00f3n de un modelo de ense\u00f1anza basado en la teor\u00eda de la elaboraci\u00f3n de reigeluth y stein"},"content":{"rendered":"<h2>Tesis doctoral de <strong> Julia Gil Llinas <\/strong><\/h2>\n<p>Se ha analizado el marco te\u00f3rico que explica la existencia de preconcepciones en f\u00edsica y se ha propuesto innovaciones did\u00e1cticas de inter\u00e9s espec\u00edfico en la ense\u00f1anza de la f\u00edsica y de forma m\u00e1s espec\u00edfica en la ense\u00f1anza de la \u00f3ptica.  se ha elaborado y validado experimentalmente un modelo de ense\u00f1anza-aprendizaje sobre la \u00f3ptica basado en la teor\u00eda de la elaboraci\u00f3n de reigeluth y stein complementada con las innovaciones propuestas y se ha elaborado una unidad did\u00e1ctica sobre la \u00f3ptica.  se ha comprobado experimentalmente la bondad del modelo propuesto mediante la comparaci\u00f3n de los resultados obtenidos por los grupos experimentales y los grupos de control.<\/p>\n<p>&nbsp;<\/p>\n<h3>Datos acad\u00e9micos de la tesis doctoral \u00ab<strong>Preconcepciones y errores conceptuales en \u00f3ptica. propuesta y validaci\u00f3n de un modelo de ense\u00f1anza basado en la teor\u00eda de la elaboraci\u00f3n de reigeluth y stein<\/strong>\u00ab<\/h3>\n<ul>\n<li><strong>T\u00edtulo de la tesis:<\/strong>\u00a0 Preconcepciones y errores conceptuales en \u00f3ptica. propuesta y validaci\u00f3n de un modelo de ense\u00f1anza basado en la teor\u00eda de la elaboraci\u00f3n de reigeluth y stein <\/li>\n<li><strong>Autor:<\/strong>\u00a0 Julia Gil Llinas <\/li>\n<li><strong>Universidad:<\/strong>\u00a0 Extremadura<\/li>\n<li><strong>Fecha de lectura de la tesis:<\/strong>\u00a0 26\/05\/2003<\/li>\n<\/ul>\n<p>&nbsp;<\/p>\n<h3>Direcci\u00f3n y tribunal<\/h3>\n<ul>\n<li><strong>Director de la tesis<\/strong>\n<ul>\n<li> Suero L\u00f3pez M. Isabel<\/li>\n<\/ul>\n<\/li>\n<li><strong>Tribunal<\/strong>\n<ul>\n<li>Presidente del tribunal: Juan  jose Pe\u00f1a bernal <\/li>\n<li>Manuel Yuste llandres (vocal)<\/li>\n<li>enrique Hita villaverde (vocal)<\/li>\n<li>carmen Carreras b\u00e9jar (vocal)<\/li>\n<\/ul>\n<\/li>\n<\/ul>\n<p>&nbsp;<\/p>\n","protected":false},"excerpt":{"rendered":"<p>Tesis doctoral de Julia Gil Llinas Se ha analizado el marco te\u00f3rico que explica la existencia de preconcepciones en f\u00edsica [&hellip;]<\/p>\n","protected":false},"author":1,"featured_media":0,"comment_status":"open","ping_status":"open","sticky":false,"template":"","format":"standard","meta":{"site-sidebar-layout":"default","site-content-layout":"","ast-site-content-layout":"","site-content-style":"default","site-sidebar-style":"default","ast-global-header-display":"","ast-banner-title-visibility":"","ast-main-header-display":"","ast-hfb-above-header-display":"","ast-hfb-below-header-display":"","ast-hfb-mobile-header-display":"","site-post-title":"","ast-breadcrumbs-content":"","ast-featured-img":"","footer-sml-layout":"","theme-transparent-header-meta":"","adv-header-id-meta":"","stick-header-meta":"","header-above-stick-meta":"","header-main-stick-meta":"","header-below-stick-meta":"","astra-migrate-meta-layouts":"default","ast-page-background-enabled":"default","ast-page-background-meta":{"desktop":{"background-color":"var(--ast-global-color-4)","background-image":"","background-repeat":"repeat","background-position":"center center","background-size":"auto","background-attachment":"scroll","background-type":"","background-media":"","overlay-type":"","overlay-color":"","overlay-gradient":""},"tablet":{"background-color":"","background-image":"","background-repeat":"repeat","background-position":"center center","background-size":"auto","background-attachment":"scroll","background-type":"","background-media":"","overlay-type":"","overlay-color":"","overlay-gradient":""},"mobile":{"background-color":"","background-image":"","background-repeat":"repeat","background-position":"center center","background-size":"auto","background-attachment":"scroll","background-type":"","background-media":"","overlay-type":"","overlay-color":"","overlay-gradient":""}},"ast-content-background-meta":{"desktop":{"background-color":"var(--ast-global-color-5)","background-image":"","background-repeat":"repeat","background-position":"center center","background-size":"auto","background-attachment":"scroll","background-type":"","background-media":"","overlay-type":"","overlay-color":"","overlay-gradient":""},"tablet":{"background-color":"var(--ast-global-color-5)","background-image":"","background-repeat":"repeat","background-position":"center center","background-size":"auto","background-attachment":"scroll","background-type":"","background-media":"","overlay-type":"","overlay-color":"","overlay-gradient":""},"mobile":{"background-color":"var(--ast-global-color-5)","background-image":"","background-repeat":"repeat","background-position":"center center","background-size":"auto","background-attachment":"scroll","background-type":"","background-media":"","overlay-type":"","overlay-color":"","overlay-gradient":""}},"footnotes":""},"categories":[6020,949,199,2233,1525,16283,1141,1341,11958],"tags":[68723,3848,10632,68721,49364,68722],"class_list":["post-23117","post","type-post","status-publish","format-standard","hentry","category-evaluacion-de-alumnos","category-extremadura","category-fisica","category-metodos-pedagogicos","category-optica","category-optica-geometrica","category-pedagogia","category-teoria-y-metodos-educativos","category-teorias-educativas","tag-carmen-carreras-bejar","tag-enrique-hita-villaverde","tag-juan-jose-pena-bernal","tag-julia-gil-llinas","tag-manuel-yuste-llandres","tag-suero-lopez-m-isabel"],"_links":{"self":[{"href":"https:\/\/www.deberes.net\/tesis\/wp-json\/wp\/v2\/posts\/23117","targetHints":{"allow":["GET"]}}],"collection":[{"href":"https:\/\/www.deberes.net\/tesis\/wp-json\/wp\/v2\/posts"}],"about":[{"href":"https:\/\/www.deberes.net\/tesis\/wp-json\/wp\/v2\/types\/post"}],"author":[{"embeddable":true,"href":"https:\/\/www.deberes.net\/tesis\/wp-json\/wp\/v2\/users\/1"}],"replies":[{"embeddable":true,"href":"https:\/\/www.deberes.net\/tesis\/wp-json\/wp\/v2\/comments?post=23117"}],"version-history":[{"count":0,"href":"https:\/\/www.deberes.net\/tesis\/wp-json\/wp\/v2\/posts\/23117\/revisions"}],"wp:attachment":[{"href":"https:\/\/www.deberes.net\/tesis\/wp-json\/wp\/v2\/media?parent=23117"}],"wp:term":[{"taxonomy":"category","embeddable":true,"href":"https:\/\/www.deberes.net\/tesis\/wp-json\/wp\/v2\/categories?post=23117"},{"taxonomy":"post_tag","embeddable":true,"href":"https:\/\/www.deberes.net\/tesis\/wp-json\/wp\/v2\/tags?post=23117"}],"curies":[{"name":"wp","href":"https:\/\/api.w.org\/{rel}","templated":true}]}}