{"id":23138,"date":"2018-03-09T09:13:36","date_gmt":"2018-03-09T09:13:36","guid":{"rendered":"https:\/\/www.deberes.net\/tesis\/sin-categoria\/condicionantes-socioprofesores-de-la-salud-docente\/"},"modified":"2018-03-09T09:13:36","modified_gmt":"2018-03-09T09:13:36","slug":"condicionantes-socioprofesores-de-la-salud-docente","status":"publish","type":"post","link":"https:\/\/www.deberes.net\/tesis\/oviedo\/condicionantes-socioprofesores-de-la-salud-docente\/","title":{"rendered":"Condicionantes socioprofesores de la salud docente"},"content":{"rendered":"<h2>Tesis doctoral de <strong>  Garc\u00eda Alvarez M. Teresa <\/strong><\/h2>\n<p>El prop\u00f3sito de este trabajo es obtener una mayor comprensi\u00f3n y valoraci\u00f3n del docente en tanto ser humano en el ejercicio de su profesi\u00f3n.  para ello hemos revisado la investigaci\u00f3n existente sobre el tema. Respecto a los objetivos metodol\u00f3gicos que persigue el trabajo se han realizado tres estudios. En el primero se recogen y presentan datos estad\u00edsticos referentes a problemas de salud que causan baja laboral con mayor frecuencia en la comunidad de asturias. En el segundo estudio se ha aplicado e interpretado el cuestionario ibispe como diagn\u00f3stico de la existencia de malestar docente. finalmente, en el tercero, se han realizado varios \u00abestudios de casos\u00bb para comprender los problemas que afectan a la persona del profesor, que le condicionan social y profesionalmente afectando a su salud.  podemos destacar que de los resultados que hemos obtenido se derivan una serie de propuestas para la prevenci\u00f3n y mejora de la salud docente que tienen en cuenta al mismo como persona y profesional, recogiendo aportaciones desde la dimensi\u00f3n intrapersonal, interpersonal y organizacional.<\/p>\n<p>&nbsp;<\/p>\n<h3>Datos acad\u00e9micos de la tesis doctoral \u00ab<strong>Condicionantes socioprofesores de la salud docente<\/strong>\u00ab<\/h3>\n<ul>\n<li><strong>T\u00edtulo de la tesis:<\/strong>\u00a0 Condicionantes socioprofesores de la salud docente <\/li>\n<li><strong>Autor:<\/strong>\u00a0  Garc\u00eda Alvarez M. Teresa <\/li>\n<li><strong>Universidad:<\/strong>\u00a0 Oviedo<\/li>\n<li><strong>Fecha de lectura de la tesis:<\/strong>\u00a0 27\/05\/2003<\/li>\n<\/ul>\n<p>&nbsp;<\/p>\n<h3>Direcci\u00f3n y tribunal<\/h3>\n<ul>\n<li><strong>Director de la tesis<\/strong>\n<ul>\n<li>Jos\u00e9 Luis San Fabian Maroto<\/li>\n<\/ul>\n<\/li>\n<li><strong>Tribunal<\/strong>\n<ul>\n<li>Presidente del tribunal: Jos\u00e9 manuel Esteve zarazaga <\/li>\n<li> Martinez s\u00e1nchez Mar\u00eda  amparo (vocal)<\/li>\n<li>Jos\u00e9 vicente Pe\u00f1a calvo (vocal)<\/li>\n<li>emilia Serra defilis (vocal)<\/li>\n<\/ul>\n<\/li>\n<\/ul>\n<p>&nbsp;<\/p>\n","protected":false},"excerpt":{"rendered":"<p>Tesis doctoral de Garc\u00eda Alvarez M. Teresa El prop\u00f3sito de este trabajo es obtener una mayor comprensi\u00f3n y valoraci\u00f3n del [&hellip;]<\/p>\n","protected":false},"author":1,"featured_media":0,"comment_status":"open","ping_status":"open","sticky":false,"template":"","format":"standard","meta":{"site-sidebar-layout":"default","site-content-layout":"","ast-site-content-layout":"","site-content-style":"default","site-sidebar-style":"default","ast-global-header-display":"","ast-banner-title-visibility":"","ast-main-header-display":"","ast-hfb-above-header-display":"","ast-hfb-below-header-display":"","ast-hfb-mobile-header-display":"","site-post-title":"","ast-breadcrumbs-content":"","ast-featured-img":"","footer-sml-layout":"","theme-transparent-header-meta":"","adv-header-id-meta":"","stick-header-meta":"","header-above-stick-meta":"","header-main-stick-meta":"","header-below-stick-meta":"","astra-migrate-meta-layouts":"default","ast-page-background-enabled":"default","ast-page-background-meta":{"desktop":{"background-color":"var(--ast-global-color-4)","background-image":"","background-repeat":"repeat","background-position":"center center","background-size":"auto","background-attachment":"scroll","background-type":"","background-media":"","overlay-type":"","overlay-color":"","overlay-gradient":""},"tablet":{"background-color":"","background-image":"","background-repeat":"repeat","background-position":"center center","background-size":"auto","background-attachment":"scroll","background-type":"","background-media":"","overlay-type":"","overlay-color":"","overlay-gradient":""},"mobile":{"background-color":"","background-image":"","background-repeat":"repeat","background-position":"center center","background-size":"auto","background-attachment":"scroll","background-type":"","background-media":"","overlay-type":"","overlay-color":"","overlay-gradient":""}},"ast-content-background-meta":{"desktop":{"background-color":"var(--ast-global-color-5)","background-image":"","background-repeat":"repeat","background-position":"center center","background-size":"auto","background-attachment":"scroll","background-type":"","background-media":"","overlay-type":"","overlay-color":"","overlay-gradient":""},"tablet":{"background-color":"var(--ast-global-color-5)","background-image":"","background-repeat":"repeat","background-position":"center center","background-size":"auto","background-attachment":"scroll","background-type":"","background-media":"","overlay-type":"","overlay-color":"","overlay-gradient":""},"mobile":{"background-color":"var(--ast-global-color-5)","background-image":"","background-repeat":"repeat","background-position":"center center","background-size":"auto","background-attachment":"scroll","background-type":"","background-media":"","overlay-type":"","overlay-color":"","overlay-gradient":""}},"footnotes":""},"categories":[8846],"tags":[68778,68776,8009,7870,25330,68777],"class_list":["post-23138","post","type-post","status-publish","format-standard","hentry","category-oviedo","tag-emilia-serra-defilis","tag-garcia-alvarez-m-teresa","tag-jose-luis-san-fabian-maroto","tag-jose-manuel-esteve-zarazaga","tag-jose-vicente-pena-calvo","tag-Martinez-sanchez-maria-amparo"],"_links":{"self":[{"href":"https:\/\/www.deberes.net\/tesis\/wp-json\/wp\/v2\/posts\/23138","targetHints":{"allow":["GET"]}}],"collection":[{"href":"https:\/\/www.deberes.net\/tesis\/wp-json\/wp\/v2\/posts"}],"about":[{"href":"https:\/\/www.deberes.net\/tesis\/wp-json\/wp\/v2\/types\/post"}],"author":[{"embeddable":true,"href":"https:\/\/www.deberes.net\/tesis\/wp-json\/wp\/v2\/users\/1"}],"replies":[{"embeddable":true,"href":"https:\/\/www.deberes.net\/tesis\/wp-json\/wp\/v2\/comments?post=23138"}],"version-history":[{"count":0,"href":"https:\/\/www.deberes.net\/tesis\/wp-json\/wp\/v2\/posts\/23138\/revisions"}],"wp:attachment":[{"href":"https:\/\/www.deberes.net\/tesis\/wp-json\/wp\/v2\/media?parent=23138"}],"wp:term":[{"taxonomy":"category","embeddable":true,"href":"https:\/\/www.deberes.net\/tesis\/wp-json\/wp\/v2\/categories?post=23138"},{"taxonomy":"post_tag","embeddable":true,"href":"https:\/\/www.deberes.net\/tesis\/wp-json\/wp\/v2\/tags?post=23138"}],"curies":[{"name":"wp","href":"https:\/\/api.w.org\/{rel}","templated":true}]}}