{"id":23176,"date":"2018-03-09T09:13:38","date_gmt":"2018-03-09T09:13:38","guid":{"rendered":"https:\/\/www.deberes.net\/tesis\/sin-categoria\/emigrar-a-la-ria-de-bilbao-factores-de-expulsion-y-seleccion-de-capital-humano-1877-1935\/"},"modified":"2018-03-09T09:13:38","modified_gmt":"2018-03-09T09:13:38","slug":"emigrar-a-la-ria-de-bilbao-factores-de-expulsion-y-seleccion-de-capital-humano-1877-1935","status":"publish","type":"post","link":"https:\/\/www.deberes.net\/tesis\/pais-vasco-euskal-herriko-unibertsitatea\/emigrar-a-la-ria-de-bilbao-factores-de-expulsion-y-seleccion-de-capital-humano-1877-1935\/","title":{"rendered":"Emigrar a la ria de bilbao. factores de expulsi\u00f3n y selecci\u00f3n de capital humano (1877-1935)"},"content":{"rendered":"<h2>Tesis doctoral de <strong> Roc\u00edo Garc\u00eda Abad <\/strong><\/h2>\n<p>En esta investigaci\u00f3n se analiza el complejo fen\u00f3meno de la emigraci\u00f3n, tomando como contexto los flujos migratorios que se establecieron de forma masiva en el \u00faltimo cuarto del siglo xix hacia la r\u00eda de bilbao, procedentes de la corta y media distancia. El objetivo \u00faltimo es completar el marco anal\u00edtico de los procesos de emigraci\u00f3n, profundizar en los factores de expulsi\u00f3n que influyen y determinan la toma de la decisi\u00f3n de emigrar y la selecci\u00f3n del capital humano, y en los mecanismos mediante los cuales se ponen en marcha los desplazamientos.  para ello se ha adoptado la perspectiva del an\u00e1lisis del lugar de origen, y se ha utilizado una innovadora metodolog\u00eda, dneominada \u00abseguimientos nominativos\u00bb, que consiste en la elaboraci\u00f3n de trayectorias migratorias concretas y reales, a partir del rastreo de emigrantes desde el lungar de origen hasta el de destino, mediante la explotaci\u00f3n intensiva de los padrones municipales de habitatnes. Supone una importante contribuci\u00f3n cient\u00edfica al estudio de las migraciones y una aportaci\u00f3n relevante en el contexto de la historiograf\u00eda de las migraciones en espa\u00f1a.<\/p>\n<p>&nbsp;<\/p>\n<h3>Datos acad\u00e9micos de la tesis doctoral \u00ab<strong>Emigrar a la ria de bilbao. factores de expulsi\u00f3n y selecci\u00f3n de capital humano (1877-1935)<\/strong>\u00ab<\/h3>\n<ul>\n<li><strong>T\u00edtulo de la tesis:<\/strong>\u00a0 Emigrar a la ria de bilbao. factores de expulsi\u00f3n y selecci\u00f3n de capital humano (1877-1935) <\/li>\n<li><strong>Autor:<\/strong>\u00a0 Roc\u00edo Garc\u00eda Abad <\/li>\n<li><strong>Universidad:<\/strong>\u00a0 Pa\u00eds vasco\/euskal herriko unibertsitatea<\/li>\n<li><strong>Fecha de lectura de la tesis:<\/strong>\u00a0 29\/05\/2003<\/li>\n<\/ul>\n<p>&nbsp;<\/p>\n<h3>Direcci\u00f3n y tribunal<\/h3>\n<ul>\n<li><strong>Director de la tesis<\/strong>\n<ul>\n<li>Manuel Gonzalez Portilla<\/li>\n<\/ul>\n<\/li>\n<li><strong>Tribunal<\/strong>\n<ul>\n<li>Presidente del tribunal: Juan  pablo Fusi aizpurua <\/li>\n<li> Rodr\u00edguez galdo m. Jos\u00e9 (vocal)<\/li>\n<li>david-sven Reher (vocal)<\/li>\n<li>isabel Moll blanes (vocal)<\/li>\n<\/ul>\n<\/li>\n<\/ul>\n<p>&nbsp;<\/p>\n","protected":false},"excerpt":{"rendered":"<p>Tesis doctoral de Roc\u00edo Garc\u00eda Abad En esta investigaci\u00f3n se analiza el complejo fen\u00f3meno de la emigraci\u00f3n, tomando como contexto [&hellip;]<\/p>\n","protected":false},"author":1,"featured_media":0,"comment_status":"open","ping_status":"open","sticky":false,"template":"","format":"standard","meta":{"site-sidebar-layout":"default","site-content-layout":"","ast-site-content-layout":"","site-content-style":"default","site-sidebar-style":"default","ast-global-header-display":"","ast-banner-title-visibility":"","ast-main-header-display":"","ast-hfb-above-header-display":"","ast-hfb-below-header-display":"","ast-hfb-mobile-header-display":"","site-post-title":"","ast-breadcrumbs-content":"","ast-featured-img":"","footer-sml-layout":"","theme-transparent-header-meta":"","adv-header-id-meta":"","stick-header-meta":"","header-above-stick-meta":"","header-main-stick-meta":"","header-below-stick-meta":"","astra-migrate-meta-layouts":"default","ast-page-background-enabled":"default","ast-page-background-meta":{"desktop":{"background-color":"var(--ast-global-color-4)","background-image":"","background-repeat":"repeat","background-position":"center center","background-size":"auto","background-attachment":"scroll","background-type":"","background-media":"","overlay-type":"","overlay-color":"","overlay-gradient":""},"tablet":{"background-color":"","background-image":"","background-repeat":"repeat","background-position":"center center","background-size":"auto","background-attachment":"scroll","background-type":"","background-media":"","overlay-type":"","overlay-color":"","overlay-gradient":""},"mobile":{"background-color":"","background-image":"","background-repeat":"repeat","background-position":"center center","background-size":"auto","background-attachment":"scroll","background-type":"","background-media":"","overlay-type":"","overlay-color":"","overlay-gradient":""}},"ast-content-background-meta":{"desktop":{"background-color":"var(--ast-global-color-5)","background-image":"","background-repeat":"repeat","background-position":"center center","background-size":"auto","background-attachment":"scroll","background-type":"","background-media":"","overlay-type":"","overlay-color":"","overlay-gradient":""},"tablet":{"background-color":"var(--ast-global-color-5)","background-image":"","background-repeat":"repeat","background-position":"center center","background-size":"auto","background-attachment":"scroll","background-type":"","background-media":"","overlay-type":"","overlay-color":"","overlay-gradient":""},"mobile":{"background-color":"var(--ast-global-color-5)","background-image":"","background-repeat":"repeat","background-position":"center center","background-size":"auto","background-attachment":"scroll","background-type":"","background-media":"","overlay-type":"","overlay-color":"","overlay-gradient":""}},"footnotes":""},"categories":[12909],"tags":[53959,19036,6662,3996,68861,21625],"class_list":["post-23176","post","type-post","status-publish","format-standard","hentry","category-pais-vasco-euskal-herriko-unibertsitatea","tag-david-sven-reher","tag-isabel-moll-blanes","tag-juan-pablo-fusi-aizpurua","tag-manuel-gonzalez-portilla","tag-rocio-garcia-abad","tag-rodriguez-galdo-m-jose"],"_links":{"self":[{"href":"https:\/\/www.deberes.net\/tesis\/wp-json\/wp\/v2\/posts\/23176","targetHints":{"allow":["GET"]}}],"collection":[{"href":"https:\/\/www.deberes.net\/tesis\/wp-json\/wp\/v2\/posts"}],"about":[{"href":"https:\/\/www.deberes.net\/tesis\/wp-json\/wp\/v2\/types\/post"}],"author":[{"embeddable":true,"href":"https:\/\/www.deberes.net\/tesis\/wp-json\/wp\/v2\/users\/1"}],"replies":[{"embeddable":true,"href":"https:\/\/www.deberes.net\/tesis\/wp-json\/wp\/v2\/comments?post=23176"}],"version-history":[{"count":0,"href":"https:\/\/www.deberes.net\/tesis\/wp-json\/wp\/v2\/posts\/23176\/revisions"}],"wp:attachment":[{"href":"https:\/\/www.deberes.net\/tesis\/wp-json\/wp\/v2\/media?parent=23176"}],"wp:term":[{"taxonomy":"category","embeddable":true,"href":"https:\/\/www.deberes.net\/tesis\/wp-json\/wp\/v2\/categories?post=23176"},{"taxonomy":"post_tag","embeddable":true,"href":"https:\/\/www.deberes.net\/tesis\/wp-json\/wp\/v2\/tags?post=23176"}],"curies":[{"name":"wp","href":"https:\/\/api.w.org\/{rel}","templated":true}]}}