{"id":23239,"date":"2018-03-09T09:13:43","date_gmt":"2018-03-09T09:13:43","guid":{"rendered":"https:\/\/www.deberes.net\/tesis\/sin-categoria\/educacion-temprana-evaluacion-del-programa-de-la-escuela-infantil-kutunbaita\/"},"modified":"2018-03-09T09:13:43","modified_gmt":"2018-03-09T09:13:43","slug":"educacion-temprana-evaluacion-del-programa-de-la-escuela-infantil-kutunbaita","status":"publish","type":"post","link":"https:\/\/www.deberes.net\/tesis\/navarra\/educacion-temprana-evaluacion-del-programa-de-la-escuela-infantil-kutunbaita\/","title":{"rendered":"Educaci\u00f3n temprana. evaluaci\u00f3n del programa de la escuela infantil kutunbaita"},"content":{"rendered":"<h2>Tesis doctoral de <strong>  Rivas Borrell Sonia Josefa <\/strong><\/h2>\n<p>El objetivo de este trabajo es evaluar un programa de educaci\u00f3n temprana que se est\u00e1 llevando a cabo en una escuela infantil de san sebasti\u00e1n.  la actual legislaci\u00f3n ha elevado a rango educativo la etapa de preescolar. ello  ha conllevado que este ciclo, anteriormente asistencial tenga  una finalidad educativa, que implique que el profesional deba estimular las capacidades del ni\u00f1o para lograr el desarrolloo de la personalidad.  unido a lo anterior, la ley sugiere que se respete el principio de calidad y que se eval\u00faen los elementos que intervienen en el proceso de ense\u00f1anza-aprendizaje. por tanto, la evaluaci\u00f3n de programas se convierte en una necesidad para asegurar que realmente se est\u00e1n cumpliendo unos objetivos, una obligaci\u00f3n respondiendo a la petici\u00f3n de la loce.  en la legislaci\u00f3n vigente, la evaluaci\u00f3n de programas es, en primer lugar, que realmente se est\u00e1 repondiendo a la finalidad educativa que reclama el primer ciclo de educaci\u00f3n infantil con programas denominados de educaci\u00f3n temprana, y en segundo lugar, de saber que realmente se pueden ofrecer experiencias educativas de calidad que fomenten el pleno desarrollo de las capacidades del ni\u00f1o.<\/p>\n<p>&nbsp;<\/p>\n<h3>Datos acad\u00e9micos de la tesis doctoral \u00ab<strong>Educaci\u00f3n temprana. evaluaci\u00f3n del programa de la escuela infantil kutunbaita<\/strong>\u00ab<\/h3>\n<ul>\n<li><strong>T\u00edtulo de la tesis:<\/strong>\u00a0 Educaci\u00f3n temprana. evaluaci\u00f3n del programa de la escuela infantil kutunbaita <\/li>\n<li><strong>Autor:<\/strong>\u00a0  Rivas Borrell Sonia Josefa <\/li>\n<li><strong>Universidad:<\/strong>\u00a0 Navarra<\/li>\n<li><strong>Fecha de lectura de la tesis:<\/strong>\u00a0 31\/05\/2003<\/li>\n<\/ul>\n<p>&nbsp;<\/p>\n<h3>Direcci\u00f3n y tribunal<\/h3>\n<ul>\n<li><strong>Director de la tesis<\/strong>\n<ul>\n<li>Angel Mar\u00eda Sobrino Morras<\/li>\n<\/ul>\n<\/li>\n<li><strong>Tribunal<\/strong>\n<ul>\n<li>Presidente del tribunal: Juan Narbona garcia <\/li>\n<li>Fernando Carabajo lopez (vocal)<\/li>\n<li>bego\u00f1a Numarriza iba\u00f1eta (vocal)<\/li>\n<li> Poch oliv\u00e9 Mar\u00eda Luisa (vocal)<\/li>\n<\/ul>\n<\/li>\n<\/ul>\n<p>&nbsp;<\/p>\n","protected":false},"excerpt":{"rendered":"<p>Tesis doctoral de Rivas Borrell Sonia Josefa El objetivo de este trabajo es evaluar un programa de educaci\u00f3n temprana que [&hellip;]<\/p>\n","protected":false},"author":1,"featured_media":0,"comment_status":"open","ping_status":"open","sticky":false,"template":"","format":"standard","meta":{"site-sidebar-layout":"default","site-content-layout":"","ast-site-content-layout":"","site-content-style":"default","site-sidebar-style":"default","ast-global-header-display":"","ast-banner-title-visibility":"","ast-main-header-display":"","ast-hfb-above-header-display":"","ast-hfb-below-header-display":"","ast-hfb-mobile-header-display":"","site-post-title":"","ast-breadcrumbs-content":"","ast-featured-img":"","footer-sml-layout":"","theme-transparent-header-meta":"","adv-header-id-meta":"","stick-header-meta":"","header-above-stick-meta":"","header-main-stick-meta":"","header-below-stick-meta":"","astra-migrate-meta-layouts":"default","ast-page-background-enabled":"default","ast-page-background-meta":{"desktop":{"background-color":"var(--ast-global-color-4)","background-image":"","background-repeat":"repeat","background-position":"center center","background-size":"auto","background-attachment":"scroll","background-type":"","background-media":"","overlay-type":"","overlay-color":"","overlay-gradient":""},"tablet":{"background-color":"","background-image":"","background-repeat":"repeat","background-position":"center center","background-size":"auto","background-attachment":"scroll","background-type":"","background-media":"","overlay-type":"","overlay-color":"","overlay-gradient":""},"mobile":{"background-color":"","background-image":"","background-repeat":"repeat","background-position":"center center","background-size":"auto","background-attachment":"scroll","background-type":"","background-media":"","overlay-type":"","overlay-color":"","overlay-gradient":""}},"ast-content-background-meta":{"desktop":{"background-color":"var(--ast-global-color-5)","background-image":"","background-repeat":"repeat","background-position":"center center","background-size":"auto","background-attachment":"scroll","background-type":"","background-media":"","overlay-type":"","overlay-color":"","overlay-gradient":""},"tablet":{"background-color":"var(--ast-global-color-5)","background-image":"","background-repeat":"repeat","background-position":"center center","background-size":"auto","background-attachment":"scroll","background-type":"","background-media":"","overlay-type":"","overlay-color":"","overlay-gradient":""},"mobile":{"background-color":"var(--ast-global-color-5)","background-image":"","background-repeat":"repeat","background-position":"center center","background-size":"auto","background-attachment":"scroll","background-type":"","background-media":"","overlay-type":"","overlay-color":"","overlay-gradient":""}},"footnotes":""},"categories":[17749],"tags":[32339,69023,69022,17958,69024,69021],"class_list":["post-23239","post","type-post","status-publish","format-standard","hentry","category-navarra","tag-angel-maria-sobrino-morras","tag-begona-numarriza-ibaneta","tag-fernando-carabajo-lopez","tag-juan-narbona-garcia","tag-poch-olive-maria-luisa","tag-rivas-borrell-sonia-josefa"],"_links":{"self":[{"href":"https:\/\/www.deberes.net\/tesis\/wp-json\/wp\/v2\/posts\/23239","targetHints":{"allow":["GET"]}}],"collection":[{"href":"https:\/\/www.deberes.net\/tesis\/wp-json\/wp\/v2\/posts"}],"about":[{"href":"https:\/\/www.deberes.net\/tesis\/wp-json\/wp\/v2\/types\/post"}],"author":[{"embeddable":true,"href":"https:\/\/www.deberes.net\/tesis\/wp-json\/wp\/v2\/users\/1"}],"replies":[{"embeddable":true,"href":"https:\/\/www.deberes.net\/tesis\/wp-json\/wp\/v2\/comments?post=23239"}],"version-history":[{"count":0,"href":"https:\/\/www.deberes.net\/tesis\/wp-json\/wp\/v2\/posts\/23239\/revisions"}],"wp:attachment":[{"href":"https:\/\/www.deberes.net\/tesis\/wp-json\/wp\/v2\/media?parent=23239"}],"wp:term":[{"taxonomy":"category","embeddable":true,"href":"https:\/\/www.deberes.net\/tesis\/wp-json\/wp\/v2\/categories?post=23239"},{"taxonomy":"post_tag","embeddable":true,"href":"https:\/\/www.deberes.net\/tesis\/wp-json\/wp\/v2\/tags?post=23239"}],"curies":[{"name":"wp","href":"https:\/\/api.w.org\/{rel}","templated":true}]}}