{"id":23249,"date":"2003-02-06T00:00:00","date_gmt":"2003-02-06T00:00:00","guid":{"rendered":"https:\/\/www.deberes.net\/tesis\/sin-categoria\/la-orfebreria-de-los-siglos-del-barroco-en-la-diocesis-de-leon\/"},"modified":"2003-02-06T00:00:00","modified_gmt":"2003-02-06T00:00:00","slug":"la-orfebreria-de-los-siglos-del-barroco-en-la-diocesis-de-leon","status":"publish","type":"post","link":"https:\/\/www.deberes.net\/tesis\/leon\/la-orfebreria-de-los-siglos-del-barroco-en-la-diocesis-de-leon\/","title":{"rendered":"La orfebreria de los siglos del barroco en la di\u00f3cesis de le\u00f3n"},"content":{"rendered":"<h2>Tesis doctoral de <strong> Javier Alonso Benito <\/strong><\/h2>\n<p>Aportaci\u00f3n a la historia del arte barroco leon\u00e9s en la que se profundiza sobre el tema concreto de la plateria religiosa y los plateros que trabajaron en la di\u00f3cesis de le\u00f3n durante los siglos xvii y xviii.  aparece dividido en dos bloques referentes a cada centuria e incluye abundantes datos biogr\u00e1ficos sobre los art\u00edfices, estudio tipol\u00f3gico y art\u00edstico de las piezas leonesas y un cat\u00e1logo adicional de hallazgos for\u00e1neos.<\/p>\n<p>&nbsp;<\/p>\n<h3>Datos acad\u00e9micos de la tesis doctoral \u00ab<strong>La orfebreria de los siglos del barroco en la di\u00f3cesis de le\u00f3n<\/strong>\u00ab<\/h3>\n<ul>\n<li><strong>T\u00edtulo de la tesis:<\/strong>\u00a0 La orfebreria de los siglos del barroco en la di\u00f3cesis de le\u00f3n <\/li>\n<li><strong>Autor:<\/strong>\u00a0 Javier Alonso Benito <\/li>\n<li><strong>Universidad:<\/strong>\u00a0 Le\u00f3n<\/li>\n<li><strong>Fecha de lectura de la tesis:<\/strong>\u00a0 02\/06\/2003<\/li>\n<\/ul>\n<p>&nbsp;<\/p>\n<h3>Direcci\u00f3n y tribunal<\/h3>\n<ul>\n<li><strong>Director de la tesis<\/strong>\n<ul>\n<li>Mar\u00eda  Victoria Herr\u00e1ez Ortega<\/li>\n<\/ul>\n<\/li>\n<li><strong>Tribunal<\/strong>\n<ul>\n<li>Presidente del tribunal: manuel Vald\u00e9s fern\u00e1ndez <\/li>\n<li>carmen Heredia moreno (vocal)<\/li>\n<li> Sanz serrano m. Jes\u00fas (vocal)<\/li>\n<li>Jes\u00fas Francisco Rivas carmona (vocal)<\/li>\n<\/ul>\n<\/li>\n<\/ul>\n<p>&nbsp;<\/p>\n","protected":false},"excerpt":{"rendered":"<p>Tesis doctoral de Javier Alonso Benito Aportaci\u00f3n a la historia del arte barroco leon\u00e9s en la que se profundiza sobre [&hellip;]<\/p>\n","protected":false},"author":1,"featured_media":0,"comment_status":"open","ping_status":"open","sticky":false,"template":"","format":"standard","meta":{"site-sidebar-layout":"default","site-content-layout":"","ast-site-content-layout":"","site-content-style":"default","site-sidebar-style":"default","ast-global-header-display":"","ast-banner-title-visibility":"","ast-main-header-display":"","ast-hfb-above-header-display":"","ast-hfb-below-header-display":"","ast-hfb-mobile-header-display":"","site-post-title":"","ast-breadcrumbs-content":"","ast-featured-img":"","footer-sml-layout":"","theme-transparent-header-meta":"","adv-header-id-meta":"","stick-header-meta":"","header-above-stick-meta":"","header-main-stick-meta":"","header-below-stick-meta":"","astra-migrate-meta-layouts":"default","ast-page-background-enabled":"default","ast-page-background-meta":{"desktop":{"background-color":"var(--ast-global-color-4)","background-image":"","background-repeat":"repeat","background-position":"center center","background-size":"auto","background-attachment":"scroll","background-type":"","background-media":"","overlay-type":"","overlay-color":"","overlay-gradient":""},"tablet":{"background-color":"","background-image":"","background-repeat":"repeat","background-position":"center center","background-size":"auto","background-attachment":"scroll","background-type":"","background-media":"","overlay-type":"","overlay-color":"","overlay-gradient":""},"mobile":{"background-color":"","background-image":"","background-repeat":"repeat","background-position":"center center","background-size":"auto","background-attachment":"scroll","background-type":"","background-media":"","overlay-type":"","overlay-color":"","overlay-gradient":""}},"ast-content-background-meta":{"desktop":{"background-color":"var(--ast-global-color-5)","background-image":"","background-repeat":"repeat","background-position":"center center","background-size":"auto","background-attachment":"scroll","background-type":"","background-media":"","overlay-type":"","overlay-color":"","overlay-gradient":""},"tablet":{"background-color":"var(--ast-global-color-5)","background-image":"","background-repeat":"repeat","background-position":"center center","background-size":"auto","background-attachment":"scroll","background-type":"","background-media":"","overlay-type":"","overlay-color":"","overlay-gradient":""},"mobile":{"background-color":"var(--ast-global-color-5)","background-image":"","background-repeat":"repeat","background-position":"center center","background-size":"auto","background-attachment":"scroll","background-type":"","background-media":"","overlay-type":"","overlay-color":"","overlay-gradient":""}},"footnotes":""},"categories":[4430],"tags":[24190,69041,69044,4513,69042,69043],"class_list":["post-23249","post","type-post","status-publish","format-standard","hentry","category-leon","tag-carmen-heredia-moreno","tag-javier-alonso-benito","tag-jesus-francisco-rivas-carmona","tag-manuel-valdes-fernandez","tag-maria-victoria-herraez-ortega","tag-sanz-serrano-m-jesus"],"_links":{"self":[{"href":"https:\/\/www.deberes.net\/tesis\/wp-json\/wp\/v2\/posts\/23249","targetHints":{"allow":["GET"]}}],"collection":[{"href":"https:\/\/www.deberes.net\/tesis\/wp-json\/wp\/v2\/posts"}],"about":[{"href":"https:\/\/www.deberes.net\/tesis\/wp-json\/wp\/v2\/types\/post"}],"author":[{"embeddable":true,"href":"https:\/\/www.deberes.net\/tesis\/wp-json\/wp\/v2\/users\/1"}],"replies":[{"embeddable":true,"href":"https:\/\/www.deberes.net\/tesis\/wp-json\/wp\/v2\/comments?post=23249"}],"version-history":[{"count":0,"href":"https:\/\/www.deberes.net\/tesis\/wp-json\/wp\/v2\/posts\/23249\/revisions"}],"wp:attachment":[{"href":"https:\/\/www.deberes.net\/tesis\/wp-json\/wp\/v2\/media?parent=23249"}],"wp:term":[{"taxonomy":"category","embeddable":true,"href":"https:\/\/www.deberes.net\/tesis\/wp-json\/wp\/v2\/categories?post=23249"},{"taxonomy":"post_tag","embeddable":true,"href":"https:\/\/www.deberes.net\/tesis\/wp-json\/wp\/v2\/tags?post=23249"}],"curies":[{"name":"wp","href":"https:\/\/api.w.org\/{rel}","templated":true}]}}