{"id":23252,"date":"2003-02-06T00:00:00","date_gmt":"2003-02-06T00:00:00","guid":{"rendered":"https:\/\/www.deberes.net\/tesis\/sin-categoria\/diseno-validacion-y-aplicacion-de-un-sistema-integrado-de-caracterizacion-de-parta%c2%adculas-de-aerosol\/"},"modified":"2003-02-06T00:00:00","modified_gmt":"2003-02-06T00:00:00","slug":"diseno-validacion-y-aplicacion-de-un-sistema-integrado-de-caracterizacion-de-parta%c2%adculas-de-aerosol","status":"publish","type":"post","link":"https:\/\/www.deberes.net\/tesis\/sin-categoria\/diseno-validacion-y-aplicacion-de-un-sistema-integrado-de-caracterizacion-de-parta%c2%adculas-de-aerosol\/","title":{"rendered":"Dise\u00f1o, validaci\u00f3n y aplicaci\u00f3n de un sistema integrado de caracterizaci\u00f3n de part\u00edculas de aerosol"},"content":{"rendered":"<h2>Tesis doctoral de <strong> Jes\u00fas Javier Rodriguez Maroto <\/strong><\/h2>\n<p>Se presenta una metodolog\u00eda de caracterizaci\u00f3n de part\u00edculas de aerosol para emisiones industriales, aunque podr\u00eda adaptarse a inmisiones o medioambiente. consiste en el dise\u00f1o, validaci\u00f3n y aplicaci\u00f3n de un sistema de muestreo y medida de part\u00edculas, basado en la disposici\u00f3n acoplada de varios equipos y su utilizaci\u00f3n simult\u00e1nea, para obtener resultados que se complementen y proporcionen una informaci\u00f3n integral en un amplio intervalo de tama\u00f1o de part\u00edcula.  el m\u00e9todo inicialmente consiste en dividir la muestra principal con un divisor de flujo, en la l\u00ednea de muestreo, en varias muestras secundarias, dirigidas a cada uno de los instrumentos. El funcionamiento de algunos equipos requiere el acondicionamiento de la muestra, que supone la separaci\u00f3n de part\u00edculas indeseables, el submuestreo a un caudal fijo y el secado de la muestra. Por ello, el sistema de muestreo incorpora los siguientes dispositivos: cicl\u00f3n, c\u00e1mara de muestreo, secador por difusi\u00f3n y preimpactador; adaptaciones que han sido validadas te\u00f3rica, y experimentalmente en el laboratorio con bancos de calibraci\u00f3n, dise\u00f1ados para tal objeto, determinando para cada uno de estos equipos de eficacia de transporte en las condiciones de muestreo. El an\u00e1lisis de resultados ha permitido definir ecuaciones emp\u00edricas sencillas, que relacionaban la eficacia de transporte con el caudal de muestreo. As\u00ed, se consigue corregir las medidas realizadas, permitiendo aproximar los resultados de las medidas a la muestra real.  la metodolog\u00eda, se aplic\u00f3 en la validaci\u00f3n de un precipitador electrost\u00e1tico o electrofiltro (esp) y una c\u00e1mara de aglomeraci\u00f3n ac\u00fastica. As\u00ed como a la caracterizaci\u00f3n previa de las part\u00edculas, objeto de este tratamiento: combusti\u00f3n de carb\u00f3n y gasoil. Tambi\u00e9n, el sistema ha sido utilizado para caracterizar las emisiones de un motor diesel de 0,5 mw, las de combusti\u00f3n de biomasa en un lecho fluido y las de un motor diesel de baja v<\/p>\n<p>&nbsp;<\/p>\n<h3>Datos acad\u00e9micos de la tesis doctoral \u00ab<strong>Dise\u00f1o, validaci\u00f3n y aplicaci\u00f3n de un sistema integrado de caracterizaci\u00f3n de part\u00edculas de aerosol<\/strong>\u00ab<\/h3>\n<ul>\n<li><strong>T\u00edtulo de la tesis:<\/strong>\u00a0 Dise\u00f1o, validaci\u00f3n y aplicaci\u00f3n de un sistema integrado de caracterizaci\u00f3n de part\u00edculas de aerosol <\/li>\n<li><strong>Autor:<\/strong>\u00a0 Jes\u00fas Javier Rodriguez Maroto <\/li>\n<li><strong>Universidad:<\/strong>\u00a0 Complutense de Madrid<\/li>\n<li><strong>Fecha de lectura de la tesis:<\/strong>\u00a0 02\/06\/2003<\/li>\n<\/ul>\n<p>&nbsp;<\/p>\n<h3>Direcci\u00f3n y tribunal<\/h3>\n<ul>\n<li><strong>Director de la tesis<\/strong>\n<ul>\n<li> Rodr\u00edguez Maroto Jos\u00e9 Miguel<\/li>\n<\/ul>\n<\/li>\n<li><strong>Tribunal<\/strong>\n<ul>\n<li>Presidente del tribunal: Jos\u00e9 Luis Sotelo sancho <\/li>\n<li>ignacio Gonzalez loscertales (vocal)<\/li>\n<li> Riera franco de sarabia enrique (vocal)<\/li>\n<li> G\u00f3mez moreno Francisco Javier (vocal)<\/li>\n<\/ul>\n<\/li>\n<\/ul>\n<p>&nbsp;<\/p>\n","protected":false},"excerpt":{"rendered":"<p>Tesis doctoral de Jes\u00fas Javier Rodriguez Maroto Se presenta una metodolog\u00eda de caracterizaci\u00f3n de part\u00edculas de aerosol para emisiones industriales, [&hellip;]<\/p>\n","protected":false},"author":1,"featured_media":0,"comment_status":"open","ping_status":"open","sticky":false,"template":"","format":"standard","meta":{"site-sidebar-layout":"default","site-content-layout":"","ast-site-content-layout":"","site-content-style":"default","site-sidebar-style":"default","ast-global-header-display":"","ast-banner-title-visibility":"","ast-main-header-display":"","ast-hfb-above-header-display":"","ast-hfb-below-header-display":"","ast-hfb-mobile-header-display":"","site-post-title":"","ast-breadcrumbs-content":"","ast-featured-img":"","footer-sml-layout":"","theme-transparent-header-meta":"","adv-header-id-meta":"","stick-header-meta":"","header-above-stick-meta":"","header-main-stick-meta":"","header-below-stick-meta":"","astra-migrate-meta-layouts":"default","ast-page-background-enabled":"default","ast-page-background-meta":{"desktop":{"background-color":"var(--ast-global-color-4)","background-image":"","background-repeat":"repeat","background-position":"center center","background-size":"auto","background-attachment":"scroll","background-type":"","background-media":"","overlay-type":"","overlay-color":"","overlay-gradient":""},"tablet":{"background-color":"","background-image":"","background-repeat":"repeat","background-position":"center center","background-size":"auto","background-attachment":"scroll","background-type":"","background-media":"","overlay-type":"","overlay-color":"","overlay-gradient":""},"mobile":{"background-color":"","background-image":"","background-repeat":"repeat","background-position":"center center","background-size":"auto","background-attachment":"scroll","background-type":"","background-media":"","overlay-type":"","overlay-color":"","overlay-gradient":""}},"ast-content-background-meta":{"desktop":{"background-color":"var(--ast-global-color-5)","background-image":"","background-repeat":"repeat","background-position":"center center","background-size":"auto","background-attachment":"scroll","background-type":"","background-media":"","overlay-type":"","overlay-color":"","overlay-gradient":""},"tablet":{"background-color":"var(--ast-global-color-5)","background-image":"","background-repeat":"repeat","background-position":"center center","background-size":"auto","background-attachment":"scroll","background-type":"","background-media":"","overlay-type":"","overlay-color":"","overlay-gradient":""},"mobile":{"background-color":"var(--ast-global-color-5)","background-image":"","background-repeat":"repeat","background-position":"center center","background-size":"auto","background-attachment":"scroll","background-type":"","background-media":"","overlay-type":"","overlay-color":"","overlay-gradient":""}},"footnotes":""},"categories":[1],"tags":[69053,69052,69051,310,6046,2654],"class_list":["post-23252","post","type-post","status-publish","format-standard","hentry","category-sin-categoria","tag-gomez-moreno-francisco-javier","tag-ignacio-gonzalez-loscertales","tag-jesus-javier-rodriguez-maroto","tag-jose-luis-sotelo-sancho","tag-riera-franco-de-sarabia-enrique","tag-rodriguez-maroto-jose-miguel"],"_links":{"self":[{"href":"https:\/\/www.deberes.net\/tesis\/wp-json\/wp\/v2\/posts\/23252","targetHints":{"allow":["GET"]}}],"collection":[{"href":"https:\/\/www.deberes.net\/tesis\/wp-json\/wp\/v2\/posts"}],"about":[{"href":"https:\/\/www.deberes.net\/tesis\/wp-json\/wp\/v2\/types\/post"}],"author":[{"embeddable":true,"href":"https:\/\/www.deberes.net\/tesis\/wp-json\/wp\/v2\/users\/1"}],"replies":[{"embeddable":true,"href":"https:\/\/www.deberes.net\/tesis\/wp-json\/wp\/v2\/comments?post=23252"}],"version-history":[{"count":0,"href":"https:\/\/www.deberes.net\/tesis\/wp-json\/wp\/v2\/posts\/23252\/revisions"}],"wp:attachment":[{"href":"https:\/\/www.deberes.net\/tesis\/wp-json\/wp\/v2\/media?parent=23252"}],"wp:term":[{"taxonomy":"category","embeddable":true,"href":"https:\/\/www.deberes.net\/tesis\/wp-json\/wp\/v2\/categories?post=23252"},{"taxonomy":"post_tag","embeddable":true,"href":"https:\/\/www.deberes.net\/tesis\/wp-json\/wp\/v2\/tags?post=23252"}],"curies":[{"name":"wp","href":"https:\/\/api.w.org\/{rel}","templated":true}]}}