{"id":23258,"date":"2003-02-06T00:00:00","date_gmt":"2003-02-06T00:00:00","guid":{"rendered":"https:\/\/www.deberes.net\/tesis\/sin-categoria\/proteccion-de-la-imparcialidad-judicial-abstencion-y-recusacion\/"},"modified":"2003-02-06T00:00:00","modified_gmt":"2003-02-06T00:00:00","slug":"proteccion-de-la-imparcialidad-judicial-abstencion-y-recusacion","status":"publish","type":"post","link":"https:\/\/www.deberes.net\/tesis\/sin-categoria\/proteccion-de-la-imparcialidad-judicial-abstencion-y-recusacion\/","title":{"rendered":"Protecci\u00f3n de la imparcialidad judicial (abstenci\u00f3n y recusaci\u00f3n)"},"content":{"rendered":"<h2>Tesis doctoral de <strong> Candela Gal\u00e1n Gonz\u00e1lez <\/strong><\/h2>\n<p>La tesis ofrece una nueva perspectiva de los mecanismos tuitivos de la imparcialidad judicial. Como premisa previa al an\u00e1lisis de las instituciones procesales que posibilitan la separaci\u00f3n del juez competente fue necesario delimitar el concepto de imparcialidad cuya garant\u00eda se pretende. Una vez precisado \u00e9ste, la delimitaci\u00f3n del alcance y contenido de la abstenci\u00f3n y recusaci\u00f3n se efectu\u00f3 de conformidad con las exigencias que vienen impuestas por nuestra constituci\u00f3n, la cual hace expresa remisi\u00f3n a la jurisprudencia del tribunal europeo de derechos humanos creada en torno al derecho fundamental al juez imparcial, que complementa la insuficiencia de nuestro r\u00e9gimen local. \u00abLa apariencia de imparcialidad\u00bb constituye un nuevo criterio hermeneutico, que se infiere de la jurisprudencia de esta instancia jurisdiccional supranacional, y permite abordar diversas cuestiones que tradicionalmente se ha planteado la doctrina con un diverso enfoque: la interpretaci\u00f3n teleol\u00f3gica de las causas legales de abstenci\u00f3n y recusaci\u00f3n, la configuraci\u00f3n del derecho al juez imparcial como un derecho de configuraci\u00f3n legal, y la idoneidad de nuestro sistema  de separaci\u00f3n judicial para dar adecuada tutela a la imparcialidad judicial.<\/p>\n<p>&nbsp;<\/p>\n<h3>Datos acad\u00e9micos de la tesis doctoral \u00ab<strong>Protecci\u00f3n de la imparcialidad judicial (abstenci\u00f3n y recusaci\u00f3n)<\/strong>\u00ab<\/h3>\n<ul>\n<li><strong>T\u00edtulo de la tesis:<\/strong>\u00a0 Protecci\u00f3n de la imparcialidad judicial (abstenci\u00f3n y recusaci\u00f3n) <\/li>\n<li><strong>Autor:<\/strong>\u00a0 Candela Gal\u00e1n Gonz\u00e1lez <\/li>\n<li><strong>Universidad:<\/strong>\u00a0 Aut\u00f3noma de Madrid<\/li>\n<li><strong>Fecha de lectura de la tesis:<\/strong>\u00a0 02\/06\/2003<\/li>\n<\/ul>\n<p>&nbsp;<\/p>\n<h3>Direcci\u00f3n y tribunal<\/h3>\n<ul>\n<li><strong>Director de la tesis<\/strong>\n<ul>\n<li>Juan Dami\u00e1n Moreno<\/li>\n<\/ul>\n<\/li>\n<li><strong>Tribunal<\/strong>\n<ul>\n<li>Presidente del tribunal: valentin Cortes dominguez <\/li>\n<li>Andr\u00e9s de la Oliva santos (vocal)<\/li>\n<li> Gonz\u00e1lez montes Jos\u00e9 Luis (vocal)<\/li>\n<li>victor Moreno catena (vocal)<\/li>\n<\/ul>\n<\/li>\n<\/ul>\n<p>&nbsp;<\/p>\n","protected":false},"excerpt":{"rendered":"<p>Tesis doctoral de Candela Gal\u00e1n Gonz\u00e1lez La tesis ofrece una nueva perspectiva de los mecanismos tuitivos de la imparcialidad judicial. [&hellip;]<\/p>\n","protected":false},"author":1,"featured_media":0,"comment_status":"open","ping_status":"open","sticky":false,"template":"","format":"standard","meta":{"site-sidebar-layout":"default","site-content-layout":"","ast-site-content-layout":"","site-content-style":"default","site-sidebar-style":"default","ast-global-header-display":"","ast-banner-title-visibility":"","ast-main-header-display":"","ast-hfb-above-header-display":"","ast-hfb-below-header-display":"","ast-hfb-mobile-header-display":"","site-post-title":"","ast-breadcrumbs-content":"","ast-featured-img":"","footer-sml-layout":"","theme-transparent-header-meta":"","adv-header-id-meta":"","stick-header-meta":"","header-above-stick-meta":"","header-main-stick-meta":"","header-below-stick-meta":"","astra-migrate-meta-layouts":"default","ast-page-background-enabled":"default","ast-page-background-meta":{"desktop":{"background-color":"var(--ast-global-color-4)","background-image":"","background-repeat":"repeat","background-position":"center center","background-size":"auto","background-attachment":"scroll","background-type":"","background-media":"","overlay-type":"","overlay-color":"","overlay-gradient":""},"tablet":{"background-color":"","background-image":"","background-repeat":"repeat","background-position":"center center","background-size":"auto","background-attachment":"scroll","background-type":"","background-media":"","overlay-type":"","overlay-color":"","overlay-gradient":""},"mobile":{"background-color":"","background-image":"","background-repeat":"repeat","background-position":"center center","background-size":"auto","background-attachment":"scroll","background-type":"","background-media":"","overlay-type":"","overlay-color":"","overlay-gradient":""}},"ast-content-background-meta":{"desktop":{"background-color":"var(--ast-global-color-5)","background-image":"","background-repeat":"repeat","background-position":"center center","background-size":"auto","background-attachment":"scroll","background-type":"","background-media":"","overlay-type":"","overlay-color":"","overlay-gradient":""},"tablet":{"background-color":"var(--ast-global-color-5)","background-image":"","background-repeat":"repeat","background-position":"center center","background-size":"auto","background-attachment":"scroll","background-type":"","background-media":"","overlay-type":"","overlay-color":"","overlay-gradient":""},"mobile":{"background-color":"var(--ast-global-color-5)","background-image":"","background-repeat":"repeat","background-position":"center center","background-size":"auto","background-attachment":"scroll","background-type":"","background-media":"","overlay-type":"","overlay-color":"","overlay-gradient":""}},"footnotes":""},"categories":[1],"tags":[3626,69066,3623,13553,9850,11249],"class_list":["post-23258","post","type-post","status-publish","format-standard","hentry","category-sin-categoria","tag-andres-de-la-oliva-santos","tag-candela-galan-gonzalez","tag-gonzalez-montes-jose-luis","tag-juan-damian-moreno","tag-valentin-cortes-dominguez","tag-victor-moreno-catena"],"_links":{"self":[{"href":"https:\/\/www.deberes.net\/tesis\/wp-json\/wp\/v2\/posts\/23258","targetHints":{"allow":["GET"]}}],"collection":[{"href":"https:\/\/www.deberes.net\/tesis\/wp-json\/wp\/v2\/posts"}],"about":[{"href":"https:\/\/www.deberes.net\/tesis\/wp-json\/wp\/v2\/types\/post"}],"author":[{"embeddable":true,"href":"https:\/\/www.deberes.net\/tesis\/wp-json\/wp\/v2\/users\/1"}],"replies":[{"embeddable":true,"href":"https:\/\/www.deberes.net\/tesis\/wp-json\/wp\/v2\/comments?post=23258"}],"version-history":[{"count":0,"href":"https:\/\/www.deberes.net\/tesis\/wp-json\/wp\/v2\/posts\/23258\/revisions"}],"wp:attachment":[{"href":"https:\/\/www.deberes.net\/tesis\/wp-json\/wp\/v2\/media?parent=23258"}],"wp:term":[{"taxonomy":"category","embeddable":true,"href":"https:\/\/www.deberes.net\/tesis\/wp-json\/wp\/v2\/categories?post=23258"},{"taxonomy":"post_tag","embeddable":true,"href":"https:\/\/www.deberes.net\/tesis\/wp-json\/wp\/v2\/tags?post=23258"}],"curies":[{"name":"wp","href":"https:\/\/api.w.org\/{rel}","templated":true}]}}