{"id":23270,"date":"2003-03-06T00:00:00","date_gmt":"2003-03-06T00:00:00","guid":{"rendered":"https:\/\/www.deberes.net\/tesis\/sin-categoria\/el-papel-de-las-tecnologa%c2%adas-de-la-informacion-en-las-redes-estrategicas\/"},"modified":"2003-03-06T00:00:00","modified_gmt":"2003-03-06T00:00:00","slug":"el-papel-de-las-tecnologa%c2%adas-de-la-informacion-en-las-redes-estrategicas","status":"publish","type":"post","link":"https:\/\/www.deberes.net\/tesis\/ciencias-economicas\/el-papel-de-las-tecnologa%c2%adas-de-la-informacion-en-las-redes-estrategicas\/","title":{"rendered":"El papel de las tecnolog\u00edas de la informaci\u00f3n en las redes estrat\u00e9gicas"},"content":{"rendered":"<h2>Tesis doctoral de <strong> Jos\u00e9 Aurelio Medina Garrido <\/strong><\/h2>\n<p>El objetivo de esta investigaci\u00f3n es analizar cu\u00e1l es el papel de las tecnolog\u00edas de la informaci\u00f3n (ti) en la formaci\u00f3n y mantenimiento de las redes estrat\u00e9gicas. los marcos seleccionados fueron la econom\u00eda de los costes de transacci\u00f3n y la visi\u00f3n de la empresa basada en recursos y capacidades. A partir estos marcos te\u00f3ricos, se construy\u00f3 un enfoque ecl\u00e9ctico, para conseguir un tratamiento te\u00f3rico equilibrado del objetivo de investigaci\u00f3n, armonizando as\u00ed los solapamientos entre las dos perspectivas y cubriendo lagunas. Las ti fueron segregadas bajo el enfoque de la visi\u00f3n basada en los recursos y capacidades como iti -infraestructuras en tecnolog\u00edas de la informaci\u00f3n-, y cti &#8211; capacidades en la gesti\u00f3n de las tecnolog\u00edas de la informaci\u00f3n. La revisi\u00f3n de la literatura sobre redes estrat\u00e9gicas y ti, y el enfoque te\u00f3rico ecl\u00e9ctico que se utiliz\u00f3, facilitaron el dise\u00f1o de diversas proposiciones a comprobar. Estas proposiciones fueron refinadas y ordenadas tras los resultados del trabajo de campo sobre un caso piloto. Las proposiciones principales fueron tres. La primera, argumenta que las iti y las cti complementan las gesti\u00f3n de las empresas que funcionan en red, y que est\u00e1 complementariedad es contigente con diversos factores. La segunda  proposici\u00f3n, afirmaba que las iti y las cti reduc\u00edan los costes de coordinaci\u00f3n en la red. La tercera, y \u00faltima, conclu\u00eda que las iti y las cti reduc\u00edan los riesgos de transaci\u00f3n. Adem\u00e1s, estas proposiciones fueron desarrolladas en otras proposiciones de segundo orden, que facilitar\u00edan el an\u00e1lisis de las principales. Con los argumentos esgrimidos en las proposiciones, fue posible definir un modelo te\u00f3rico preliminar.  el cap\u00edtulo metodol\u00f3gico justifica la elecci\u00f3n del estudio de casos como metodolog\u00eda de investigaci\u00f3n y la selecic\u00f3n de los casos particulares. tas la descripci\u00f3n de cada caso, se procedi\u00f3 al an\u00e1lisis de las fuentes de evidencia recogidas. De<\/p>\n<p>&nbsp;<\/p>\n<h3>Datos acad\u00e9micos de la tesis doctoral \u00ab<strong>El papel de las tecnolog\u00edas de la informaci\u00f3n en las redes estrat\u00e9gicas<\/strong>\u00ab<\/h3>\n<ul>\n<li><strong>T\u00edtulo de la tesis:<\/strong>\u00a0 El papel de las tecnolog\u00edas de la informaci\u00f3n en las redes estrat\u00e9gicas <\/li>\n<li><strong>Autor:<\/strong>\u00a0 Jos\u00e9 Aurelio Medina Garrido <\/li>\n<li><strong>Universidad:<\/strong>\u00a0 C\u00e1diz<\/li>\n<li><strong>Fecha de lectura de la tesis:<\/strong>\u00a0 03\/06\/2003<\/li>\n<\/ul>\n<p>&nbsp;<\/p>\n<h3>Direcci\u00f3n y tribunal<\/h3>\n<ul>\n<li><strong>Director de la tesis<\/strong>\n<ul>\n<li>Jos\u00e9 Ruiz Navarro<\/li>\n<\/ul>\n<\/li>\n<li><strong>Tribunal<\/strong>\n<ul>\n<li>Presidente del tribunal: zulima Fernandez rodriguez <\/li>\n<li>ramiro Montealegre jos\u00e9 (vocal)<\/li>\n<li>Juan Ventura victoria (vocal)<\/li>\n<li>Luis \u00e1ngel Guerras mart\u00edn (vocal)<\/li>\n<\/ul>\n<\/li>\n<\/ul>\n<p>&nbsp;<\/p>\n","protected":false},"excerpt":{"rendered":"<p>Tesis doctoral de Jos\u00e9 Aurelio Medina Garrido El objetivo de esta investigaci\u00f3n es analizar cu\u00e1l es el papel de las [&hellip;]<\/p>\n","protected":false},"author":1,"featured_media":0,"comment_status":"open","ping_status":"open","sticky":false,"template":"","format":"standard","meta":{"site-sidebar-layout":"default","site-content-layout":"","ast-site-content-layout":"","site-content-style":"default","site-sidebar-style":"default","ast-global-header-display":"","ast-banner-title-visibility":"","ast-main-header-display":"","ast-hfb-above-header-display":"","ast-hfb-below-header-display":"","ast-hfb-mobile-header-display":"","site-post-title":"","ast-breadcrumbs-content":"","ast-featured-img":"","footer-sml-layout":"","theme-transparent-header-meta":"","adv-header-id-meta":"","stick-header-meta":"","header-above-stick-meta":"","header-main-stick-meta":"","header-below-stick-meta":"","astra-migrate-meta-layouts":"default","ast-page-background-enabled":"default","ast-page-background-meta":{"desktop":{"background-color":"var(--ast-global-color-4)","background-image":"","background-repeat":"repeat","background-position":"center center","background-size":"auto","background-attachment":"scroll","background-type":"","background-media":"","overlay-type":"","overlay-color":"","overlay-gradient":""},"tablet":{"background-color":"","background-image":"","background-repeat":"repeat","background-position":"center center","background-size":"auto","background-attachment":"scroll","background-type":"","background-media":"","overlay-type":"","overlay-color":"","overlay-gradient":""},"mobile":{"background-color":"","background-image":"","background-repeat":"repeat","background-position":"center center","background-size":"auto","background-attachment":"scroll","background-type":"","background-media":"","overlay-type":"","overlay-color":"","overlay-gradient":""}},"ast-content-background-meta":{"desktop":{"background-color":"var(--ast-global-color-5)","background-image":"","background-repeat":"repeat","background-position":"center center","background-size":"auto","background-attachment":"scroll","background-type":"","background-media":"","overlay-type":"","overlay-color":"","overlay-gradient":""},"tablet":{"background-color":"var(--ast-global-color-5)","background-image":"","background-repeat":"repeat","background-position":"center center","background-size":"auto","background-attachment":"scroll","background-type":"","background-media":"","overlay-type":"","overlay-color":"","overlay-gradient":""},"mobile":{"background-color":"var(--ast-global-color-5)","background-image":"","background-repeat":"repeat","background-position":"center center","background-size":"auto","background-attachment":"scroll","background-type":"","background-media":"","overlay-type":"","overlay-color":"","overlay-gradient":""}},"footnotes":""},"categories":[1506,82,836,991,1302],"tags":[69096,36656,5986,5985,69097,9173],"class_list":["post-23270","post","type-post","status-publish","format-standard","hentry","category-cadiz","category-ciencias-economicas","category-economia-del-cambio-tecnologico","category-innovacion-tecnologica","category-organizacion-y-gestion-de-empresas","tag-jose-aurelio-medina-garrido","tag-jose-ruiz-navarro","tag-juan-ventura-victoria","tag-luis-angel-guerras-martin","tag-ramiro-montealegre-jose","tag-zulima-fernandez-rodriguez"],"_links":{"self":[{"href":"https:\/\/www.deberes.net\/tesis\/wp-json\/wp\/v2\/posts\/23270","targetHints":{"allow":["GET"]}}],"collection":[{"href":"https:\/\/www.deberes.net\/tesis\/wp-json\/wp\/v2\/posts"}],"about":[{"href":"https:\/\/www.deberes.net\/tesis\/wp-json\/wp\/v2\/types\/post"}],"author":[{"embeddable":true,"href":"https:\/\/www.deberes.net\/tesis\/wp-json\/wp\/v2\/users\/1"}],"replies":[{"embeddable":true,"href":"https:\/\/www.deberes.net\/tesis\/wp-json\/wp\/v2\/comments?post=23270"}],"version-history":[{"count":0,"href":"https:\/\/www.deberes.net\/tesis\/wp-json\/wp\/v2\/posts\/23270\/revisions"}],"wp:attachment":[{"href":"https:\/\/www.deberes.net\/tesis\/wp-json\/wp\/v2\/media?parent=23270"}],"wp:term":[{"taxonomy":"category","embeddable":true,"href":"https:\/\/www.deberes.net\/tesis\/wp-json\/wp\/v2\/categories?post=23270"},{"taxonomy":"post_tag","embeddable":true,"href":"https:\/\/www.deberes.net\/tesis\/wp-json\/wp\/v2\/tags?post=23270"}],"curies":[{"name":"wp","href":"https:\/\/api.w.org\/{rel}","templated":true}]}}