{"id":23271,"date":"2003-03-06T00:00:00","date_gmt":"2003-03-06T00:00:00","guid":{"rendered":"https:\/\/www.deberes.net\/tesis\/sin-categoria\/estudio-epidemiologico-sobre-vih-sida-en-el-area-hospitalaria-de-algeciras-1986-2000\/"},"modified":"2003-03-06T00:00:00","modified_gmt":"2003-03-06T00:00:00","slug":"estudio-epidemiologico-sobre-vih-sida-en-el-area-hospitalaria-de-algeciras-1986-2000","status":"publish","type":"post","link":"https:\/\/www.deberes.net\/tesis\/ciencias-medicas\/estudio-epidemiologico-sobre-vih-sida-en-el-area-hospitalaria-de-algeciras-1986-2000\/","title":{"rendered":"Estudio epidemiologico sobre vih\/sida en el \u00e1rea hospitalaria de algeciras, 1986-2000"},"content":{"rendered":"<h2>Tesis doctoral de <strong> Jes\u00fas D\u00e1vila Guerrero <\/strong><\/h2>\n<p>Se realiza un estudio epidemiol\u00f3gico de la infecci\u00f3n vih\/sida en un \u00e1rea de peque\u00f1o tama\u00f1o, el campo gibraltar, entre los a\u00f1os 1986 y 2000.  objetivos  caracterizar la epidemia e vih\/sida en el campo de gibraltar desde el punto de vista de las variables sociodemogr\u00e1ficas, conocer las pr\u00e1cticas de riesgo que han contribuido a la expansi\u00f3n de la epidemia, identificar las patolog\u00edas m\u00e1s frecuentes asociadas a la infecci\u00f3n por vih\/sida en la zona de estudio, comparar las distintas pautas de tratamiento en los infectados con su evoluci\u00f3n cl\u00ednica, as\u00ed como estudiar la supervivencia de los infectados en la citada \u00e1rea.  tipo de estudio  anal\u00edtico de seguimiento, se considera el tiempo inicial de incorporaci\u00f3n a la cohorte de estudio 1986, sigui\u00e9ndose hasta que se produce el fen\u00f3meno de inter\u00e9s, en nuestro caso, patolog\u00eda definitoria de sida, muerte o p\u00e9rdida, finalizando en el a\u00f1o 2000.  el grupo de estudio est\u00e1 constituido por los vih positivos (seroprevalentes) o sida que a lo largo del tiempo de seguimiento desarrollan inmunosupresi\u00f3n y enfermedades oportunistas. Se han estudiado 2057 casos, mediante cuestionario individual. Las fuentes han sido primarias y secundaria. A trav\u00e9s del programa spss-10 se realiz\u00f3 el an\u00e1lisis estad\u00edstico. Entre ellos, la tasa de preValencia de vih y sida, incidencia acumulada, densidad de incidencia, tablas de vida y kaplan &#8211; meier.  resultados  se encuentra una alta preValencia de vih as\u00ed como una alta tasa de incidencia acumulada de sida. Destaca la alta proporci\u00f3n de infectados por adicci\u00f3n de drogas inyectadas (udi) y la proporci\u00f3n de mujeres en la categor\u00eda de transmisi\u00f3n heterosexual. La tuberculosis representa el primer criterio diagn\u00f3stico de sida. Se evidencia una baja proporci\u00f3n de infectados en tratamiento. La supervivencia media para el periodo de estudio fue de 8 a\u00f1os desde el diagn\u00f3stico de vih hasta la muerte. Solamente la triple terapia ha tenido un<\/p>\n<p>&nbsp;<\/p>\n<h3>Datos acad\u00e9micos de la tesis doctoral \u00ab<strong>Estudio epidemiologico sobre vih\/sida en el \u00e1rea hospitalaria de algeciras, 1986-2000<\/strong>\u00ab<\/h3>\n<ul>\n<li><strong>T\u00edtulo de la tesis:<\/strong>\u00a0 Estudio epidemiologico sobre vih\/sida en el \u00e1rea hospitalaria de algeciras, 1986-2000 <\/li>\n<li><strong>Autor:<\/strong>\u00a0 Jes\u00fas D\u00e1vila Guerrero <\/li>\n<li><strong>Universidad:<\/strong>\u00a0 C\u00e1diz<\/li>\n<li><strong>Fecha de lectura de la tesis:<\/strong>\u00a0 03\/06\/2003<\/li>\n<\/ul>\n<p>&nbsp;<\/p>\n<h3>Direcci\u00f3n y tribunal<\/h3>\n<ul>\n<li><strong>Director de la tesis<\/strong>\n<ul>\n<li>Amelia Rodr\u00edguez Mart\u00edn<\/li>\n<\/ul>\n<\/li>\n<li><strong>Tribunal<\/strong>\n<ul>\n<li>Presidente del tribunal: joaqu\u00edn Fern\u00e1ndez-crehuet navajas <\/li>\n<li>Jos\u00e9 Guill\u00e9n solves (vocal)<\/li>\n<li>Antonio Garc\u00eda rodr\u00edguez (vocal)<\/li>\n<li>  (vocal)<\/li>\n<\/ul>\n<\/li>\n<\/ul>\n<p>&nbsp;<\/p>\n","protected":false},"excerpt":{"rendered":"<p>Tesis doctoral de Jes\u00fas D\u00e1vila Guerrero Se realiza un estudio epidemiol\u00f3gico de la infecci\u00f3n vih\/sida en un \u00e1rea de peque\u00f1o [&hellip;]<\/p>\n","protected":false},"author":1,"featured_media":0,"comment_status":"open","ping_status":"open","sticky":false,"template":"","format":"standard","meta":{"site-sidebar-layout":"default","site-content-layout":"","ast-site-content-layout":"","site-content-style":"default","site-sidebar-style":"default","ast-global-header-display":"","ast-banner-title-visibility":"","ast-main-header-display":"","ast-hfb-above-header-display":"","ast-hfb-below-header-display":"","ast-hfb-mobile-header-display":"","site-post-title":"","ast-breadcrumbs-content":"","ast-featured-img":"","footer-sml-layout":"","theme-transparent-header-meta":"","adv-header-id-meta":"","stick-header-meta":"","header-above-stick-meta":"","header-main-stick-meta":"","header-below-stick-meta":"","astra-migrate-meta-layouts":"default","ast-page-background-enabled":"default","ast-page-background-meta":{"desktop":{"background-color":"var(--ast-global-color-4)","background-image":"","background-repeat":"repeat","background-position":"center center","background-size":"auto","background-attachment":"scroll","background-type":"","background-media":"","overlay-type":"","overlay-color":"","overlay-gradient":""},"tablet":{"background-color":"","background-image":"","background-repeat":"repeat","background-position":"center center","background-size":"auto","background-attachment":"scroll","background-type":"","background-media":"","overlay-type":"","overlay-color":"","overlay-gradient":""},"mobile":{"background-color":"","background-image":"","background-repeat":"repeat","background-position":"center center","background-size":"auto","background-attachment":"scroll","background-type":"","background-media":"","overlay-type":"","overlay-color":"","overlay-gradient":""}},"ast-content-background-meta":{"desktop":{"background-color":"var(--ast-global-color-5)","background-image":"","background-repeat":"repeat","background-position":"center center","background-size":"auto","background-attachment":"scroll","background-type":"","background-media":"","overlay-type":"","overlay-color":"","overlay-gradient":""},"tablet":{"background-color":"var(--ast-global-color-5)","background-image":"","background-repeat":"repeat","background-position":"center center","background-size":"auto","background-attachment":"scroll","background-type":"","background-media":"","overlay-type":"","overlay-color":"","overlay-gradient":""},"mobile":{"background-color":"var(--ast-global-color-5)","background-image":"","background-repeat":"repeat","background-position":"center center","background-size":"auto","background-attachment":"scroll","background-type":"","background-media":"","overlay-type":"","overlay-color":"","overlay-gradient":""}},"footnotes":""},"categories":[1506,9,1086,156,2935],"tags":[1804,3636,69098,2223,69099],"class_list":["post-23271","post","type-post","status-publish","format-standard","hentry","category-cadiz","category-ciencias-medicas","category-epidemiologia","category-patologia","category-sindrome-de-inmunodeficiencia-adquirida","tag-amelia-rodriguez-martin","tag-antonio-garcia-rodriguez","tag-jesus-davila-guerrero","tag-joaquin-fernandez-crehuet-navajas","tag-jose-guillen-solves"],"_links":{"self":[{"href":"https:\/\/www.deberes.net\/tesis\/wp-json\/wp\/v2\/posts\/23271","targetHints":{"allow":["GET"]}}],"collection":[{"href":"https:\/\/www.deberes.net\/tesis\/wp-json\/wp\/v2\/posts"}],"about":[{"href":"https:\/\/www.deberes.net\/tesis\/wp-json\/wp\/v2\/types\/post"}],"author":[{"embeddable":true,"href":"https:\/\/www.deberes.net\/tesis\/wp-json\/wp\/v2\/users\/1"}],"replies":[{"embeddable":true,"href":"https:\/\/www.deberes.net\/tesis\/wp-json\/wp\/v2\/comments?post=23271"}],"version-history":[{"count":0,"href":"https:\/\/www.deberes.net\/tesis\/wp-json\/wp\/v2\/posts\/23271\/revisions"}],"wp:attachment":[{"href":"https:\/\/www.deberes.net\/tesis\/wp-json\/wp\/v2\/media?parent=23271"}],"wp:term":[{"taxonomy":"category","embeddable":true,"href":"https:\/\/www.deberes.net\/tesis\/wp-json\/wp\/v2\/categories?post=23271"},{"taxonomy":"post_tag","embeddable":true,"href":"https:\/\/www.deberes.net\/tesis\/wp-json\/wp\/v2\/tags?post=23271"}],"curies":[{"name":"wp","href":"https:\/\/api.w.org\/{rel}","templated":true}]}}