{"id":23288,"date":"2003-03-06T00:00:00","date_gmt":"2003-03-06T00:00:00","guid":{"rendered":"https:\/\/www.deberes.net\/tesis\/sin-categoria\/arte-y-cosmos-el-inconsciente-como-viajero\/"},"modified":"2003-03-06T00:00:00","modified_gmt":"2003-03-06T00:00:00","slug":"arte-y-cosmos-el-inconsciente-como-viajero","status":"publish","type":"post","link":"https:\/\/www.deberes.net\/tesis\/vigo\/arte-y-cosmos-el-inconsciente-como-viajero\/","title":{"rendered":"Arte y cosmos: el inconsciente como viajero"},"content":{"rendered":"<h2>Tesis doctoral de <strong> Fernando Estarque Casas <\/strong><\/h2>\n<p>La tesis, aborda y profundiza en la idea del arte como forma de conocimiento del cosmos, tomando la naturaleza como su manifestaci\u00f3n y estableciendo conexiones entre diferentes formas de conocimiento. Esta la tesis estructurada en cuatro partes.  primera  donde se introduce la idea del cosmos y la naturaleza y el tr\u00f3pico como su representaci\u00f3n.  segunda  donde se analizan los m\u00e9todos de indagaci\u00f3n de las ciencias y de las artes sobre el universo, y sobre el valor de la intuici\u00f3n en la psicolog\u00eda, y en la f\u00edsica, principalmente en el relativo a las nociones de tiempo y de espacio.  estudio de los arquetipos, de los mitos, y de la idea de la nostalg\u00eda del eden.  tercera  como el arte ha respondido a la experiencia creativa y la respuesta, hist\u00f3rica de diferentes art\u00edstas sobre este tema, con una visi\u00f3n r\u00e1pida sobre el romanticismo. Hasta los actuales movimientos de arte y naturaleza, analizando particularmente la obra de artistas como robert-smithson, frans  krajcbergo mark boyoe.  cuarta  como el autor responde a estas indagaciones a trav\u00e9s de su obra, desarrollada a partir de los a\u00f1os sesenta en una vertiente en la que interviene directamente en la naturaleza y otra donde trabaja con materiales erosionados por esa misma naturaleza.  la conclusi\u00f3n no establece una respuesta definitiva, sino que reafirma la propuesta del arte como indagaci\u00f3n y expresi\u00f3n de la complejidad del cosmos.<\/p>\n<p>&nbsp;<\/p>\n<h3>Datos acad\u00e9micos de la tesis doctoral \u00ab<strong>Arte y cosmos: el inconsciente como viajero<\/strong>\u00ab<\/h3>\n<ul>\n<li><strong>T\u00edtulo de la tesis:<\/strong>\u00a0 Arte y cosmos: el inconsciente como viajero <\/li>\n<li><strong>Autor:<\/strong>\u00a0 Fernando Estarque Casas <\/li>\n<li><strong>Universidad:<\/strong>\u00a0 Vigo<\/li>\n<li><strong>Fecha de lectura de la tesis:<\/strong>\u00a0 03\/06\/2003<\/li>\n<\/ul>\n<p>&nbsp;<\/p>\n<h3>Direcci\u00f3n y tribunal<\/h3>\n<ul>\n<li><strong>Director de la tesis<\/strong>\n<ul>\n<li>Juan  Fernando De La Iglesia Gonzalez De Pereda<\/li>\n<\/ul>\n<\/li>\n<li><strong>Tribunal<\/strong>\n<ul>\n<li>Presidente del tribunal: f\u00e9lix Duque pajuelo <\/li>\n<li> Marredo henriquez Jos\u00e9 Manuel (vocal)<\/li>\n<li>natividad Bermejo arrieta (vocal)<\/li>\n<li>Alberto Ruiz de samaniego Garc\u00eda (vocal)<\/li>\n<\/ul>\n<\/li>\n<\/ul>\n<p>&nbsp;<\/p>\n","protected":false},"excerpt":{"rendered":"<p>Tesis doctoral de Fernando Estarque Casas La tesis, aborda y profundiza en la idea del arte como forma de conocimiento [&hellip;]<\/p>\n","protected":false},"author":1,"featured_media":0,"comment_status":"open","ping_status":"open","sticky":false,"template":"","format":"standard","meta":{"site-sidebar-layout":"default","site-content-layout":"","ast-site-content-layout":"","site-content-style":"default","site-sidebar-style":"default","ast-global-header-display":"","ast-banner-title-visibility":"","ast-main-header-display":"","ast-hfb-above-header-display":"","ast-hfb-below-header-display":"","ast-hfb-mobile-header-display":"","site-post-title":"","ast-breadcrumbs-content":"","ast-featured-img":"","footer-sml-layout":"","theme-transparent-header-meta":"","adv-header-id-meta":"","stick-header-meta":"","header-above-stick-meta":"","header-main-stick-meta":"","header-below-stick-meta":"","astra-migrate-meta-layouts":"default","ast-page-background-enabled":"default","ast-page-background-meta":{"desktop":{"background-color":"var(--ast-global-color-4)","background-image":"","background-repeat":"repeat","background-position":"center center","background-size":"auto","background-attachment":"scroll","background-type":"","background-media":"","overlay-type":"","overlay-color":"","overlay-gradient":""},"tablet":{"background-color":"","background-image":"","background-repeat":"repeat","background-position":"center center","background-size":"auto","background-attachment":"scroll","background-type":"","background-media":"","overlay-type":"","overlay-color":"","overlay-gradient":""},"mobile":{"background-color":"","background-image":"","background-repeat":"repeat","background-position":"center center","background-size":"auto","background-attachment":"scroll","background-type":"","background-media":"","overlay-type":"","overlay-color":"","overlay-gradient":""}},"ast-content-background-meta":{"desktop":{"background-color":"var(--ast-global-color-5)","background-image":"","background-repeat":"repeat","background-position":"center center","background-size":"auto","background-attachment":"scroll","background-type":"","background-media":"","overlay-type":"","overlay-color":"","overlay-gradient":""},"tablet":{"background-color":"var(--ast-global-color-5)","background-image":"","background-repeat":"repeat","background-position":"center center","background-size":"auto","background-attachment":"scroll","background-type":"","background-media":"","overlay-type":"","overlay-color":"","overlay-gradient":""},"mobile":{"background-color":"var(--ast-global-color-5)","background-image":"","background-repeat":"repeat","background-position":"center center","background-size":"auto","background-attachment":"scroll","background-type":"","background-media":"","overlay-type":"","overlay-color":"","overlay-gradient":""}},"footnotes":""},"categories":[18657],"tags":[62217,14590,69135,4367,69136,6421],"class_list":["post-23288","post","type-post","status-publish","format-standard","hentry","category-vigo","tag-alberto-ruiz-de-samaniego-garcia","tag-felix-duque-pajuelo","tag-fernando-estarque-casas","tag-juan-fernando-de-la-iglesia-gonzalez-de-pereda","tag-marredo-henriquez-jose-manuel","tag-natividad-bermejo-arrieta"],"_links":{"self":[{"href":"https:\/\/www.deberes.net\/tesis\/wp-json\/wp\/v2\/posts\/23288","targetHints":{"allow":["GET"]}}],"collection":[{"href":"https:\/\/www.deberes.net\/tesis\/wp-json\/wp\/v2\/posts"}],"about":[{"href":"https:\/\/www.deberes.net\/tesis\/wp-json\/wp\/v2\/types\/post"}],"author":[{"embeddable":true,"href":"https:\/\/www.deberes.net\/tesis\/wp-json\/wp\/v2\/users\/1"}],"replies":[{"embeddable":true,"href":"https:\/\/www.deberes.net\/tesis\/wp-json\/wp\/v2\/comments?post=23288"}],"version-history":[{"count":0,"href":"https:\/\/www.deberes.net\/tesis\/wp-json\/wp\/v2\/posts\/23288\/revisions"}],"wp:attachment":[{"href":"https:\/\/www.deberes.net\/tesis\/wp-json\/wp\/v2\/media?parent=23288"}],"wp:term":[{"taxonomy":"category","embeddable":true,"href":"https:\/\/www.deberes.net\/tesis\/wp-json\/wp\/v2\/categories?post=23288"},{"taxonomy":"post_tag","embeddable":true,"href":"https:\/\/www.deberes.net\/tesis\/wp-json\/wp\/v2\/tags?post=23288"}],"curies":[{"name":"wp","href":"https:\/\/api.w.org\/{rel}","templated":true}]}}