{"id":23310,"date":"2003-04-06T00:00:00","date_gmt":"2003-04-06T00:00:00","guid":{"rendered":"https:\/\/www.deberes.net\/tesis\/sin-categoria\/el-microcredito-analisis-del-caso-espanol\/"},"modified":"2003-04-06T00:00:00","modified_gmt":"2003-04-06T00:00:00","slug":"el-microcredito-analisis-del-caso-espanol","status":"publish","type":"post","link":"https:\/\/www.deberes.net\/tesis\/nacional-de-educacion-a-distancia\/el-microcredito-analisis-del-caso-espanol\/","title":{"rendered":"El microcr\u00e9dito. an\u00e1lisis del caso espa\u00f1ol"},"content":{"rendered":"<h2>Tesis doctoral de <strong> Bego\u00f1a Guti\u00e9rrez Nieto <\/strong><\/h2>\n<p>La investigaci\u00f3n aborda el estudio del microcr\u00e9dito espa\u00f1ol. En una primera parte de la misma se estudian los fundamentos del mismo: generalidades, enfoque te\u00f3rico, perspectiva hist\u00f3rica, medidas de impacto, de an\u00e1lisis econ\u00f3mico-financiero y dependencia. En una segunda parte se estudia el microcr\u00e9dito en espa\u00f1a, mediante un an\u00e1lisis de diez entidades gestoras del mismo. Se describen sus caracter\u00edsticas, se analiza cada instituci\u00f3n y tambi\u00e9n se hace un estudio desde una perspectiva comparada. Se estudia el impacto del microcr\u00e9dito en el empleo tres medidas: el n\u00famero de empleos creados, la supervivencia de las nuevas empresas y el gasto por empleo creado, compar\u00e1ndolo con el gasto por subsidio p\u00fablico por desempleo. Tambi\u00e9n se estudia su dependencia, fundamentalmente mediante el \u00edndice de dependencia del subsidio y el ratio de dependencia del subsidio. Asimismo, se realiza un an\u00e1lisis econ\u00f3mico-financiero mediante ratios. Para finalizar, se aborda una clasificaci\u00f3n en espa\u00f1\u00e1 de los instrumentos de financiaci\u00f3n social.<\/p>\n<p>&nbsp;<\/p>\n<h3>Datos acad\u00e9micos de la tesis doctoral \u00ab<strong>El microcr\u00e9dito. an\u00e1lisis del caso espa\u00f1ol<\/strong>\u00ab<\/h3>\n<ul>\n<li><strong>T\u00edtulo de la tesis:<\/strong>\u00a0 El microcr\u00e9dito. an\u00e1lisis del caso espa\u00f1ol <\/li>\n<li><strong>Autor:<\/strong>\u00a0 Bego\u00f1a Guti\u00e9rrez Nieto <\/li>\n<li><strong>Universidad:<\/strong>\u00a0 Nacional de educaci\u00f3n a distancia<\/li>\n<li><strong>Fecha de lectura de la tesis:<\/strong>\u00a0 04\/06\/2003<\/li>\n<\/ul>\n<p>&nbsp;<\/p>\n<h3>Direcci\u00f3n y tribunal<\/h3>\n<ul>\n<li><strong>Director de la tesis<\/strong>\n<ul>\n<li>Carlos Berzosa Alonso Martinez<\/li>\n<\/ul>\n<\/li>\n<li><strong>Tribunal<\/strong>\n<ul>\n<li>Presidente del tribunal: Juan  Antonio Gimeno ullastres <\/li>\n<li> Moneva abad\u00eda Jos\u00e9 Mar\u00eda no (vocal)<\/li>\n<li>Rafael Mart\u00ednez corti\u00f1a (vocal)<\/li>\n<li> G\u00f3mez serrano pedro Jos\u00e9 (vocal)<\/li>\n<\/ul>\n<\/li>\n<\/ul>\n<p>&nbsp;<\/p>\n","protected":false},"excerpt":{"rendered":"<p>Tesis doctoral de Bego\u00f1a Guti\u00e9rrez Nieto La investigaci\u00f3n aborda el estudio del microcr\u00e9dito espa\u00f1ol. En una primera parte de la [&hellip;]<\/p>\n","protected":false},"author":1,"featured_media":0,"comment_status":"open","ping_status":"open","sticky":false,"template":"","format":"standard","meta":{"site-sidebar-layout":"default","site-content-layout":"","ast-site-content-layout":"","site-content-style":"default","site-sidebar-style":"default","ast-global-header-display":"","ast-banner-title-visibility":"","ast-main-header-display":"","ast-hfb-above-header-display":"","ast-hfb-below-header-display":"","ast-hfb-mobile-header-display":"","site-post-title":"","ast-breadcrumbs-content":"","ast-featured-img":"","footer-sml-layout":"","theme-transparent-header-meta":"","adv-header-id-meta":"","stick-header-meta":"","header-above-stick-meta":"","header-main-stick-meta":"","header-below-stick-meta":"","astra-migrate-meta-layouts":"default","ast-page-background-enabled":"default","ast-page-background-meta":{"desktop":{"background-color":"var(--ast-global-color-4)","background-image":"","background-repeat":"repeat","background-position":"center center","background-size":"auto","background-attachment":"scroll","background-type":"","background-media":"","overlay-type":"","overlay-color":"","overlay-gradient":""},"tablet":{"background-color":"","background-image":"","background-repeat":"repeat","background-position":"center center","background-size":"auto","background-attachment":"scroll","background-type":"","background-media":"","overlay-type":"","overlay-color":"","overlay-gradient":""},"mobile":{"background-color":"","background-image":"","background-repeat":"repeat","background-position":"center center","background-size":"auto","background-attachment":"scroll","background-type":"","background-media":"","overlay-type":"","overlay-color":"","overlay-gradient":""}},"ast-content-background-meta":{"desktop":{"background-color":"var(--ast-global-color-5)","background-image":"","background-repeat":"repeat","background-position":"center center","background-size":"auto","background-attachment":"scroll","background-type":"","background-media":"","overlay-type":"","overlay-color":"","overlay-gradient":""},"tablet":{"background-color":"var(--ast-global-color-5)","background-image":"","background-repeat":"repeat","background-position":"center center","background-size":"auto","background-attachment":"scroll","background-type":"","background-media":"","overlay-type":"","overlay-color":"","overlay-gradient":""},"mobile":{"background-color":"var(--ast-global-color-5)","background-image":"","background-repeat":"repeat","background-position":"center center","background-size":"auto","background-attachment":"scroll","background-type":"","background-media":"","overlay-type":"","overlay-color":"","overlay-gradient":""}},"footnotes":""},"categories":[17070],"tags":[69185,892,47113,50198,45988,832],"class_list":["post-23310","post","type-post","status-publish","format-standard","hentry","category-nacional-de-educacion-a-distancia","tag-begona-gutierrez-nieto","tag-carlos-berzosa-alonso-Martinez","tag-gomez-serrano-pedro-jose","tag-juan-antonio-gimeno-ullastres","tag-moneva-abadia-jose-maria-no","tag-rafael-Martinez-cortina"],"_links":{"self":[{"href":"https:\/\/www.deberes.net\/tesis\/wp-json\/wp\/v2\/posts\/23310","targetHints":{"allow":["GET"]}}],"collection":[{"href":"https:\/\/www.deberes.net\/tesis\/wp-json\/wp\/v2\/posts"}],"about":[{"href":"https:\/\/www.deberes.net\/tesis\/wp-json\/wp\/v2\/types\/post"}],"author":[{"embeddable":true,"href":"https:\/\/www.deberes.net\/tesis\/wp-json\/wp\/v2\/users\/1"}],"replies":[{"embeddable":true,"href":"https:\/\/www.deberes.net\/tesis\/wp-json\/wp\/v2\/comments?post=23310"}],"version-history":[{"count":0,"href":"https:\/\/www.deberes.net\/tesis\/wp-json\/wp\/v2\/posts\/23310\/revisions"}],"wp:attachment":[{"href":"https:\/\/www.deberes.net\/tesis\/wp-json\/wp\/v2\/media?parent=23310"}],"wp:term":[{"taxonomy":"category","embeddable":true,"href":"https:\/\/www.deberes.net\/tesis\/wp-json\/wp\/v2\/categories?post=23310"},{"taxonomy":"post_tag","embeddable":true,"href":"https:\/\/www.deberes.net\/tesis\/wp-json\/wp\/v2\/tags?post=23310"}],"curies":[{"name":"wp","href":"https:\/\/api.w.org\/{rel}","templated":true}]}}