{"id":23315,"date":"2003-04-06T00:00:00","date_gmt":"2003-04-06T00:00:00","guid":{"rendered":"https:\/\/www.deberes.net\/tesis\/sin-categoria\/la-moralitat-de-la-pola%c2%adtica-linga%c2%bca%c2%adstica-un-estudi-comparat-de-la-legitimitat-liberal-democratica-de-les-pola%c2%adtiques-linga%c2%bca%c2%adstiques-de-quebec-i-catalunya\/"},"modified":"2003-04-06T00:00:00","modified_gmt":"2003-04-06T00:00:00","slug":"la-moralitat-de-la-pola%c2%adtica-linga%c2%bca%c2%adstica-un-estudi-comparat-de-la-legitimitat-liberal-democratica-de-les-pola%c2%adtiques-linga%c2%bca%c2%adstiques-de-quebec-i-catalunya","status":"publish","type":"post","link":"https:\/\/www.deberes.net\/tesis\/teoria-politica\/la-moralitat-de-la-pola%c2%adtica-linga%c2%bca%c2%adstica-un-estudi-comparat-de-la-legitimitat-liberal-democratica-de-les-pola%c2%adtiques-linga%c2%bca%c2%adstiques-de-quebec-i-catalunya\/","title":{"rendered":"La moralitat de la pol\u00edtica lingu\u00edstica. un estudi comparat de la legitimitat liberal-democr\u00e1tica de les pol\u00edtiques lingu\u00edstiques de quebec i catalunya"},"content":{"rendered":"<h2>Tesis doctoral de <strong> Albert Branchadell Gallo <\/strong><\/h2>\n<p>El objetivo de esta tesis es contribuir a la formulaci\u00f3n de una teor\u00eda normativa de la pol\u00edtica ling\u00ed\u00bc\u00edstica, entendiendo que una teor\u00eda de este tipo tiene por objeto esclarecer qu\u00e9 formas de pol\u00edtica ling\u00ed\u00bc\u00edstica (no) son moralmente permisibles en una democracia liberal. En lugar de postular una serie de valores liberal-democr\u00e1ticos y deducir de ellos las pol\u00edticas ling\u00ed\u00bc\u00edsticas permisibles, esta tesis opta estudiar dos casos concretos de pol\u00edticas ling\u00ed\u00bc\u00edsticas (los de qu\u00e9bec y catalu\u00f1a) para inferir unos criterios generales que tengan validez m\u00e1s all\u00e1 de estos casos. El marco te\u00f3rico de la tesis es la revisi\u00f3n de la teor\u00eda liberal-democr\u00e1tica en los a\u00f1os 90 del siglo xx por parte de autores como taylor, kymlicka, requejo y otros, y m\u00e1s concretamente lo que kymlicka llama \u00abculturalismo liberal\u00bb, seg\u00fan el cual el proteccionismo cultural es moralmente permisible en una sociedad libre y democr\u00e1tica, siempre que respete determinados l\u00edmites infranqueables. La cuesti\u00f3n clave, en este sentido, es hasta qu\u00e9 punto es posible restringir derechos y libertades b\u00e1sicos como parte de una pol\u00edtica ling\u00ed\u00bc\u00edstica encaminada a la protecci\u00f3n de una lengua. Una vez formulado el marco te\u00f3rico de la tesis, \u00e9sta se adentra en los \u00abproblemas\u00bb socioling\u00ed\u00bc\u00edsticos que dieron lugar a las pol\u00edticas ling\u00ed\u00bc\u00edsticas de qu\u00e9bec y catalu\u00f1a, para exponer luego sobre este trasfondo las principales decisiones legislativas en que se encarnan estas pol\u00edticas ling\u00ed\u00bc\u00edsticas. Posteriormente, se analizan las principales \u00e1reas de controversia relativas a estas decisiones legislativas, con un an\u00e1lisis pormenorizado de la subsiguiente jurisprudencia del tribunal supremo de canad\u00e1 y del tribunal constitucional y el tribunal supremo espa\u00f1oles. De esta misma jurisprudencia se extrae un criterio de proporcionalidad que sirve para discriminar las restricciones de libertades y derechos b\u00e1sicos que podemos considerar moralmente permisibles en una sociedad libre y democr\u00e1tica de otras restricciones que cabe rechazar en todo caso.<\/p>\n<p>&nbsp;<\/p>\n<h3>Datos acad\u00e9micos de la tesis doctoral \u00ab<strong>La moralitat de la pol\u00edtica lingu\u00edstica. un estudi comparat de la legitimitat liberal-democr\u00e1tica de les pol\u00edtiques lingu\u00edstiques de quebec i catalunya<\/strong>\u00ab<\/h3>\n<ul>\n<li><strong>T\u00edtulo de la tesis:<\/strong>\u00a0 La moralitat de la pol\u00edtica lingu\u00edstica. un estudi comparat de la legitimitat liberal-democr\u00e1tica de les pol\u00edtiques lingu\u00edstiques de quebec i catalunya <\/li>\n<li><strong>Autor:<\/strong>\u00a0 Albert Branchadell Gallo <\/li>\n<li><strong>Universidad:<\/strong>\u00a0 Pompeu fabra<\/li>\n<li><strong>Fecha de lectura de la tesis:<\/strong>\u00a0 04\/06\/2003<\/li>\n<\/ul>\n<p>&nbsp;<\/p>\n<h3>Direcci\u00f3n y tribunal<\/h3>\n<ul>\n<li><strong>Director de la tesis<\/strong>\n<ul>\n<li> <\/li>\n<\/ul>\n<\/li>\n<li><strong>Tribunal<\/strong>\n<ul>\n<li>Presidente del tribunal: Klaus-j\u00ed\u00bcrgen Nagel <\/li>\n<li>Albert Bastardas Boada (vocal)<\/li>\n<li>\u00e1ngel Rivero Rodr\u00edguez (vocal)<\/li>\n<li>Antoni Milian I Massana (vocal)<\/li>\n<\/ul>\n<\/li>\n<\/ul>\n<p>&nbsp;<\/p>\n","protected":false},"excerpt":{"rendered":"<p>Tesis doctoral de Albert Branchadell Gallo El objetivo de esta tesis es contribuir a la formulaci\u00f3n de una teor\u00eda normativa [&hellip;]<\/p>\n","protected":false},"author":1,"featured_media":0,"comment_status":"open","ping_status":"open","sticky":false,"template":"","format":"standard","meta":{"site-sidebar-layout":"default","site-content-layout":"","ast-site-content-layout":"","site-content-style":"default","site-sidebar-style":"default","ast-global-header-display":"","ast-banner-title-visibility":"","ast-main-header-display":"","ast-hfb-above-header-display":"","ast-hfb-below-header-display":"","ast-hfb-mobile-header-display":"","site-post-title":"","ast-breadcrumbs-content":"","ast-featured-img":"","footer-sml-layout":"","theme-transparent-header-meta":"","adv-header-id-meta":"","stick-header-meta":"","header-above-stick-meta":"","header-main-stick-meta":"","header-below-stick-meta":"","astra-migrate-meta-layouts":"default","ast-page-background-enabled":"default","ast-page-background-meta":{"desktop":{"background-color":"var(--ast-global-color-4)","background-image":"","background-repeat":"repeat","background-position":"center center","background-size":"auto","background-attachment":"scroll","background-type":"","background-media":"","overlay-type":"","overlay-color":"","overlay-gradient":""},"tablet":{"background-color":"","background-image":"","background-repeat":"repeat","background-position":"center center","background-size":"auto","background-attachment":"scroll","background-type":"","background-media":"","overlay-type":"","overlay-color":"","overlay-gradient":""},"mobile":{"background-color":"","background-image":"","background-repeat":"repeat","background-position":"center center","background-size":"auto","background-attachment":"scroll","background-type":"","background-media":"","overlay-type":"","overlay-color":"","overlay-gradient":""}},"ast-content-background-meta":{"desktop":{"background-color":"var(--ast-global-color-5)","background-image":"","background-repeat":"repeat","background-position":"center center","background-size":"auto","background-attachment":"scroll","background-type":"","background-media":"","overlay-type":"","overlay-color":"","overlay-gradient":""},"tablet":{"background-color":"var(--ast-global-color-5)","background-image":"","background-repeat":"repeat","background-position":"center center","background-size":"auto","background-attachment":"scroll","background-type":"","background-media":"","overlay-type":"","overlay-color":"","overlay-gradient":""},"mobile":{"background-color":"var(--ast-global-color-5)","background-image":"","background-repeat":"repeat","background-position":"center center","background-size":"auto","background-attachment":"scroll","background-type":"","background-media":"","overlay-type":"","overlay-color":"","overlay-gradient":""}},"footnotes":""},"categories":[18712,6917],"tags":[69202,69200,69203,69204,69201],"class_list":["post-23315","post","type-post","status-publish","format-standard","hentry","category-pompeu-fabra","category-teoria-politica","tag-albert-bastardas-boada","tag-albert-branchadell-gallo","tag-angel-rivero-rodriguez","tag-antoni-milian-i-massana","tag-klaus-jirgen-nagel"],"_links":{"self":[{"href":"https:\/\/www.deberes.net\/tesis\/wp-json\/wp\/v2\/posts\/23315","targetHints":{"allow":["GET"]}}],"collection":[{"href":"https:\/\/www.deberes.net\/tesis\/wp-json\/wp\/v2\/posts"}],"about":[{"href":"https:\/\/www.deberes.net\/tesis\/wp-json\/wp\/v2\/types\/post"}],"author":[{"embeddable":true,"href":"https:\/\/www.deberes.net\/tesis\/wp-json\/wp\/v2\/users\/1"}],"replies":[{"embeddable":true,"href":"https:\/\/www.deberes.net\/tesis\/wp-json\/wp\/v2\/comments?post=23315"}],"version-history":[{"count":0,"href":"https:\/\/www.deberes.net\/tesis\/wp-json\/wp\/v2\/posts\/23315\/revisions"}],"wp:attachment":[{"href":"https:\/\/www.deberes.net\/tesis\/wp-json\/wp\/v2\/media?parent=23315"}],"wp:term":[{"taxonomy":"category","embeddable":true,"href":"https:\/\/www.deberes.net\/tesis\/wp-json\/wp\/v2\/categories?post=23315"},{"taxonomy":"post_tag","embeddable":true,"href":"https:\/\/www.deberes.net\/tesis\/wp-json\/wp\/v2\/tags?post=23315"}],"curies":[{"name":"wp","href":"https:\/\/api.w.org\/{rel}","templated":true}]}}