{"id":23318,"date":"2003-05-06T00:00:00","date_gmt":"2003-05-06T00:00:00","guid":{"rendered":"https:\/\/www.deberes.net\/tesis\/sin-categoria\/la-evaluacion-en-la-practica-profesional-de-la-musicoterapia-un-estudio-descriptivo-en-el-contexto-iberoamericano\/"},"modified":"2003-05-06T00:00:00","modified_gmt":"2003-05-06T00:00:00","slug":"la-evaluacion-en-la-practica-profesional-de-la-musicoterapia-un-estudio-descriptivo-en-el-contexto-iberoamericano","status":"publish","type":"post","link":"https:\/\/www.deberes.net\/tesis\/ciencias-de-las-artes-y-las-letras\/la-evaluacion-en-la-practica-profesional-de-la-musicoterapia-un-estudio-descriptivo-en-el-contexto-iberoamericano\/","title":{"rendered":"La evaluaci\u00f3n en la pr\u00e1ctica profesional de la musicoterapia: un estudio descriptivo en el contexto iberoamericano"},"content":{"rendered":"<h2>Tesis doctoral de <strong> Patricia Leonor Sabbatella Riccardi <\/strong><\/h2>\n<p>La diversidad te\u00f3rico-metodol\u00f3gica que caracteriza el panorama de la musicoterapia contempor\u00e1nea tiene su origen en factores pol\u00edticos, sociales, culturales, laborales y geogr\u00e1ficos, a partir de los cuales se reconocen dos contextos profesionales diferenciados: el anglosaj\u00f3n y el iberoamericano. Esta situaci\u00f3n fomenta la coexistencia de modelos, m\u00e9todos y t\u00e9cnicas de trabajo y evaluaci\u00f3n con enfoques te\u00f3ricos diferentes y particulares en cada uno de los contextos mencionados.  como tema de estudio en musicoterapia la evaluaci\u00f3n se encuentra, desde finales de los noventa, en fase de desarrollo metodol\u00f3gico. La revisi\u00f3n bibliogr\u00e1fica pone en evidencia que el tema se aborda principalmente, desde la perspectiva de la evaluaci\u00f3n cl\u00ednica del paciente dejando de lado otros aspectos relacionados como son la evaluaci\u00f3n de programas o la meta-evaluaci\u00f3n de los procesos evaluativos de la pr\u00e1ctica cl\u00ednica de la musicoterapia.  el objetivo de esta investigaci\u00f3n se centra en describir y caracterizar distintos aspectos vinculados con la pr\u00e1ctica de la musicoterapia en el contexto profesional iberoamericano enfocado, espec\u00edficamente, en la evaluaci\u00f3n de la pr\u00e1ctica cl\u00ednica. A tal efecto, se detecta una falta de estudios rigurosos sobre el estatus profesional y el estilo de trabajo de los musicoterapeutas iberoamericanos, siendo \u00e9ste el primero a gran escala que se realiza en el contexto.  la metodolog\u00eda de investigaci\u00f3n, basada en un dise\u00f1o de encuesta, toma un enfoque descriptivo recogi\u00e9ndose los datos a trav\u00e9s del cuestionario pr\u00e1ctica profesional de la musicoterapia. El criterio utilizado para seleccionar los pa\u00edses participantes fue su pertenencia al comit\u00e9 latinoamericano de musicoterapia. A fin de ofrecer una perspectiva de conjunto del contexto se decide la inclusi\u00f3n de espa\u00f1a y portugal  el aporte m\u00e1s significativo de esta investigaci\u00f3n radica en la recogida, organizaci\u00f3n, an\u00e1lisis y descripci\u00f3n de<\/p>\n<p>&nbsp;<\/p>\n<h3>Datos acad\u00e9micos de la tesis doctoral \u00ab<strong>La evaluaci\u00f3n en la pr\u00e1ctica profesional de la musicoterapia: un estudio descriptivo en el contexto iberoamericano<\/strong>\u00ab<\/h3>\n<ul>\n<li><strong>T\u00edtulo de la tesis:<\/strong>\u00a0 La evaluaci\u00f3n en la pr\u00e1ctica profesional de la musicoterapia: un estudio descriptivo en el contexto iberoamericano <\/li>\n<li><strong>Autor:<\/strong>\u00a0 Patricia Leonor Sabbatella Riccardi <\/li>\n<li><strong>Universidad:<\/strong>\u00a0 C\u00e1diz<\/li>\n<li><strong>Fecha de lectura de la tesis:<\/strong>\u00a0 05\/06\/2003<\/li>\n<\/ul>\n<p>&nbsp;<\/p>\n<h3>Direcci\u00f3n y tribunal<\/h3>\n<ul>\n<li><strong>Director de la tesis<\/strong>\n<ul>\n<li>Gregorio Rodr\u00edguez G\u00f3mez<\/li>\n<\/ul>\n<\/li>\n<li><strong>Tribunal<\/strong>\n<ul>\n<li>Presidente del tribunal: Jos\u00e9 manuel Gonz\u00e1lez infante <\/li>\n<li>pilar Lago castro (vocal)<\/li>\n<li>p\u00edo Tur mayans (vocal)<\/li>\n<li>Francisco Aliaga abad (vocal)<\/li>\n<\/ul>\n<\/li>\n<\/ul>\n<p>&nbsp;<\/p>\n","protected":false},"excerpt":{"rendered":"<p>Tesis doctoral de Patricia Leonor Sabbatella Riccardi La diversidad te\u00f3rico-metodol\u00f3gica que caracteriza el panorama de la musicoterapia contempor\u00e1nea tiene su [&hellip;]<\/p>\n","protected":false},"author":1,"featured_media":0,"comment_status":"open","ping_status":"open","sticky":false,"template":"","format":"standard","meta":{"site-sidebar-layout":"default","site-content-layout":"","ast-site-content-layout":"","site-content-style":"default","site-sidebar-style":"default","ast-global-header-display":"","ast-banner-title-visibility":"","ast-main-header-display":"","ast-hfb-above-header-display":"","ast-hfb-below-header-display":"","ast-hfb-mobile-header-display":"","site-post-title":"","ast-breadcrumbs-content":"","ast-featured-img":"","footer-sml-layout":"","theme-transparent-header-meta":"","adv-header-id-meta":"","stick-header-meta":"","header-above-stick-meta":"","header-main-stick-meta":"","header-below-stick-meta":"","astra-migrate-meta-layouts":"default","ast-page-background-enabled":"default","ast-page-background-meta":{"desktop":{"background-color":"var(--ast-global-color-4)","background-image":"","background-repeat":"repeat","background-position":"center center","background-size":"auto","background-attachment":"scroll","background-type":"","background-media":"","overlay-type":"","overlay-color":"","overlay-gradient":""},"tablet":{"background-color":"","background-image":"","background-repeat":"repeat","background-position":"center center","background-size":"auto","background-attachment":"scroll","background-type":"","background-media":"","overlay-type":"","overlay-color":"","overlay-gradient":""},"mobile":{"background-color":"","background-image":"","background-repeat":"repeat","background-position":"center center","background-size":"auto","background-attachment":"scroll","background-type":"","background-media":"","overlay-type":"","overlay-color":"","overlay-gradient":""}},"ast-content-background-meta":{"desktop":{"background-color":"var(--ast-global-color-5)","background-image":"","background-repeat":"repeat","background-position":"center center","background-size":"auto","background-attachment":"scroll","background-type":"","background-media":"","overlay-type":"","overlay-color":"","overlay-gradient":""},"tablet":{"background-color":"var(--ast-global-color-5)","background-image":"","background-repeat":"repeat","background-position":"center center","background-size":"auto","background-attachment":"scroll","background-type":"","background-media":"","overlay-type":"","overlay-color":"","overlay-gradient":""},"mobile":{"background-color":"var(--ast-global-color-5)","background-image":"","background-repeat":"repeat","background-position":"center center","background-size":"auto","background-attachment":"scroll","background-type":"","background-media":"","overlay-type":"","overlay-color":"","overlay-gradient":""}},"footnotes":""},"categories":[1506,147,6222,1175,9132,1184,1141,324,1111],"tags":[45907,54752,18145,69207,69208,40211],"class_list":["post-23318","post","type-post","status-publish","format-standard","hentry","category-cadiz","category-ciencias-de-las-artes-y-las-letras","category-educacion-especial","category-evaluacion-y-diagnostico-en-psicologia","category-musica-y-musicologia","category-organizacion-y-planificacion-de-la-educacion","category-pedagogia","category-psicologia","category-teoria-analisis-y-critica-de-las-bellas-artes","tag-francisco-aliaga-abad","tag-gregorio-rodriguez-gomez","tag-jose-manuel-gonzalez-infante","tag-patricia-leonor-sabbatella-riccardi","tag-pilar-lago-castro","tag-pio-tur-mayans"],"_links":{"self":[{"href":"https:\/\/www.deberes.net\/tesis\/wp-json\/wp\/v2\/posts\/23318","targetHints":{"allow":["GET"]}}],"collection":[{"href":"https:\/\/www.deberes.net\/tesis\/wp-json\/wp\/v2\/posts"}],"about":[{"href":"https:\/\/www.deberes.net\/tesis\/wp-json\/wp\/v2\/types\/post"}],"author":[{"embeddable":true,"href":"https:\/\/www.deberes.net\/tesis\/wp-json\/wp\/v2\/users\/1"}],"replies":[{"embeddable":true,"href":"https:\/\/www.deberes.net\/tesis\/wp-json\/wp\/v2\/comments?post=23318"}],"version-history":[{"count":0,"href":"https:\/\/www.deberes.net\/tesis\/wp-json\/wp\/v2\/posts\/23318\/revisions"}],"wp:attachment":[{"href":"https:\/\/www.deberes.net\/tesis\/wp-json\/wp\/v2\/media?parent=23318"}],"wp:term":[{"taxonomy":"category","embeddable":true,"href":"https:\/\/www.deberes.net\/tesis\/wp-json\/wp\/v2\/categories?post=23318"},{"taxonomy":"post_tag","embeddable":true,"href":"https:\/\/www.deberes.net\/tesis\/wp-json\/wp\/v2\/tags?post=23318"}],"curies":[{"name":"wp","href":"https:\/\/api.w.org\/{rel}","templated":true}]}}