{"id":23327,"date":"2003-05-06T00:00:00","date_gmt":"2003-05-06T00:00:00","guid":{"rendered":"https:\/\/www.deberes.net\/tesis\/sin-categoria\/el-gallego-hablado-de-cangas-de-morrazo\/"},"modified":"2003-05-06T00:00:00","modified_gmt":"2003-05-06T00:00:00","slug":"el-gallego-hablado-de-cangas-de-morrazo","status":"publish","type":"post","link":"https:\/\/www.deberes.net\/tesis\/oviedo\/el-gallego-hablado-de-cangas-de-morrazo\/","title":{"rendered":"El gallego hablado de cangas de morrazo"},"content":{"rendered":"<h2>Tesis doctoral de <strong> Margarita Gonz\u00e1lez Gonz\u00e1lez <\/strong><\/h2>\n<p>Se presenta una descripci\u00f3n de la variedad dialectal gallega que se habla en el municipio del mismo nombre de la pen\u00ednsula de morrazo, en la provincia de pontevedra. Se trata de una descripci\u00f3n sincr\u00f3nica que refleja el estado actual, vivo, de la lengua -los datos se obtuvieron de encuestas orales grabadas por todo el principio-, y que adoptan un enfoque funcional y estructural, partiendo de postulados puramente ling\u00ed\u00bc\u00edsticos, de la metodolog\u00eda y conceptos utilzados por las gram\u00e1ticas estructurales y funcionales. Adem\u00e1s de conocer el sistema ling\u00ed\u00bc\u00edstico del municipio, se indica su nivel de uso, sin hacer ning\u00fan tipo de valoraci\u00f3n sobre la correcci\u00f3n o incorrecci\u00f3n del empleo del mismo y se\u00f1alando las posibles interferencias con el castellano. Con este fin, el estudio dialectol\u00f3gico que describe la fon\u00e9tica, morfosintaxis y el l\u00e9xico caracter\u00edsticos de la zona se completa con una aproximaci\u00f3n a la situaci\u00f3n socioling\u00ed\u00bc\u00edstica del lugar y una descripci\u00f3n de las interferencias ling\u00ed\u00bc\u00edsticas entre gallego y castellano.<\/p>\n<p>&nbsp;<\/p>\n<h3>Datos acad\u00e9micos de la tesis doctoral \u00ab<strong>El gallego hablado de cangas de morrazo<\/strong>\u00ab<\/h3>\n<ul>\n<li><strong>T\u00edtulo de la tesis:<\/strong>\u00a0 El gallego hablado de cangas de morrazo <\/li>\n<li><strong>Autor:<\/strong>\u00a0 Margarita Gonz\u00e1lez Gonz\u00e1lez <\/li>\n<li><strong>Universidad:<\/strong>\u00a0 Oviedo<\/li>\n<li><strong>Fecha de lectura de la tesis:<\/strong>\u00a0 05\/06\/2003<\/li>\n<\/ul>\n<p>&nbsp;<\/p>\n<h3>Direcci\u00f3n y tribunal<\/h3>\n<ul>\n<li><strong>Director de la tesis<\/strong>\n<ul>\n<li> Cano Gonz\u00e1lez Ana M.<\/li>\n<\/ul>\n<\/li>\n<li><strong>Tribunal<\/strong>\n<ul>\n<li>Presidente del tribunal:  Fern\u00e1ndez gonz\u00e1lez Jos\u00e9 ram\u00f3n <\/li>\n<li>Manuel Gonz\u00e1lez gonz\u00e1lez (vocal)<\/li>\n<li>Mar\u00eda  mercedes Brea lopez (vocal)<\/li>\n<li>Jos\u00e9 Luis Garc\u00eda arias (vocal)<\/li>\n<\/ul>\n<\/li>\n<\/ul>\n<p>&nbsp;<\/p>\n","protected":false},"excerpt":{"rendered":"<p>Tesis doctoral de Margarita Gonz\u00e1lez Gonz\u00e1lez Se presenta una descripci\u00f3n de la variedad dialectal gallega que se habla en el [&hellip;]<\/p>\n","protected":false},"author":1,"featured_media":0,"comment_status":"open","ping_status":"open","sticky":false,"template":"","format":"standard","meta":{"site-sidebar-layout":"default","site-content-layout":"","ast-site-content-layout":"","site-content-style":"default","site-sidebar-style":"default","ast-global-header-display":"","ast-banner-title-visibility":"","ast-main-header-display":"","ast-hfb-above-header-display":"","ast-hfb-below-header-display":"","ast-hfb-mobile-header-display":"","site-post-title":"","ast-breadcrumbs-content":"","ast-featured-img":"","footer-sml-layout":"","theme-transparent-header-meta":"","adv-header-id-meta":"","stick-header-meta":"","header-above-stick-meta":"","header-main-stick-meta":"","header-below-stick-meta":"","astra-migrate-meta-layouts":"default","ast-page-background-enabled":"default","ast-page-background-meta":{"desktop":{"background-color":"var(--ast-global-color-4)","background-image":"","background-repeat":"repeat","background-position":"center center","background-size":"auto","background-attachment":"scroll","background-type":"","background-media":"","overlay-type":"","overlay-color":"","overlay-gradient":""},"tablet":{"background-color":"","background-image":"","background-repeat":"repeat","background-position":"center center","background-size":"auto","background-attachment":"scroll","background-type":"","background-media":"","overlay-type":"","overlay-color":"","overlay-gradient":""},"mobile":{"background-color":"","background-image":"","background-repeat":"repeat","background-position":"center center","background-size":"auto","background-attachment":"scroll","background-type":"","background-media":"","overlay-type":"","overlay-color":"","overlay-gradient":""}},"ast-content-background-meta":{"desktop":{"background-color":"var(--ast-global-color-5)","background-image":"","background-repeat":"repeat","background-position":"center center","background-size":"auto","background-attachment":"scroll","background-type":"","background-media":"","overlay-type":"","overlay-color":"","overlay-gradient":""},"tablet":{"background-color":"var(--ast-global-color-5)","background-image":"","background-repeat":"repeat","background-position":"center center","background-size":"auto","background-attachment":"scroll","background-type":"","background-media":"","overlay-type":"","overlay-color":"","overlay-gradient":""},"mobile":{"background-color":"var(--ast-global-color-5)","background-image":"","background-repeat":"repeat","background-position":"center center","background-size":"auto","background-attachment":"scroll","background-type":"","background-media":"","overlay-type":"","overlay-color":"","overlay-gradient":""}},"footnotes":""},"categories":[8846],"tags":[69230,69231,69232,23277,69229,7278],"class_list":["post-23327","post","type-post","status-publish","format-standard","hentry","category-oviedo","tag-cano-gonzalez-ana-m","tag-fernandez-gonzalez-jose-ramon","tag-jose-luis-garcia-arias","tag-manuel-gonzalez-gonzalez","tag-margarita-gonzalez-gonzalez","tag-maria-mercedes-brea-lopez"],"_links":{"self":[{"href":"https:\/\/www.deberes.net\/tesis\/wp-json\/wp\/v2\/posts\/23327","targetHints":{"allow":["GET"]}}],"collection":[{"href":"https:\/\/www.deberes.net\/tesis\/wp-json\/wp\/v2\/posts"}],"about":[{"href":"https:\/\/www.deberes.net\/tesis\/wp-json\/wp\/v2\/types\/post"}],"author":[{"embeddable":true,"href":"https:\/\/www.deberes.net\/tesis\/wp-json\/wp\/v2\/users\/1"}],"replies":[{"embeddable":true,"href":"https:\/\/www.deberes.net\/tesis\/wp-json\/wp\/v2\/comments?post=23327"}],"version-history":[{"count":0,"href":"https:\/\/www.deberes.net\/tesis\/wp-json\/wp\/v2\/posts\/23327\/revisions"}],"wp:attachment":[{"href":"https:\/\/www.deberes.net\/tesis\/wp-json\/wp\/v2\/media?parent=23327"}],"wp:term":[{"taxonomy":"category","embeddable":true,"href":"https:\/\/www.deberes.net\/tesis\/wp-json\/wp\/v2\/categories?post=23327"},{"taxonomy":"post_tag","embeddable":true,"href":"https:\/\/www.deberes.net\/tesis\/wp-json\/wp\/v2\/tags?post=23327"}],"curies":[{"name":"wp","href":"https:\/\/api.w.org\/{rel}","templated":true}]}}