{"id":23350,"date":"2003-06-06T00:00:00","date_gmt":"2003-06-06T00:00:00","guid":{"rendered":""},"modified":"2003-06-06T00:00:00","modified_gmt":"2003-06-06T00:00:00","slug":"efectos-comportamentales-de-la-activacion-del-complejo-parabraquial-troncoencefalico-relevancia-del-subnucleo-lateral-externo-en-el-aprendizaje-espacial-y-gustativo-inducido-por-estimulacion-electric","status":"publish","type":"post","link":"https:\/\/www.deberes.net\/tesis\/psicologia\/efectos-comportamentales-de-la-activacion-del-complejo-parabraquial-troncoencefalico-relevancia-del-subnucleo-lateral-externo-en-el-aprendizaje-espacial-y-gustativo-inducido-por-estimulacion-electric\/","title":{"rendered":"Efectos comportamentales de la activaci\u00f3n del complejo parabraquial troncoencef\u00e1lico: relevancia del subn\u00facleo lateral externo en el aprendizaje espacial y gustativo inducido por estimulaci\u00f3n el\u00e9ctrica o administraci\u00f3n enteral de nutrientes"},"content":{"rendered":"<h2>Tesis doctoral de <strong> M. Jose Simon Ferre <\/strong><\/h2>\n<p>El n\u00facleo parabraquial lateral externo, situado en el extremo lateral del complejo parabraquial es una zona de convergencia de informaci\u00f3n viscerosensorial y gustativa (karimnamazi et al., 2002). Recibe aferencias procedentes del nts caudal, a. Postrema y l\u00e1minas i y ii del a sustancia gris medular, y env\u00eda fibras hacia el hipot\u00e1lamo, t\u00e1lamo, amigdala extendida y corteza insular (fulwiler y saper, 1984). Teniendo en cuenta estas conexiones se ha relacionado con el proecesamiento de eventos motivacionales aversivos y apetitivos.  la estimulaci\u00f3n el\u00e9ctrica del npble induce preferencias o aversiones selectivas hacia los est\u00edmulos gustativos y espaciales con que es asociada. la regi\u00f3n anat\u00f3mica activada por los electrodos implantados estereot\u00e1xiamente estar\u00eda situada en el subn\u00facleo parabraquial lateral externo del tronco cerebral.  este efecto es consistente para cada sujeto experimental independientemente de las caracter\u00edsticas de los est\u00edmulos gustativos y de la reorganizaci\u00f3n espacial impuesta a los animales.  lesiones electrol\u00edticas de este subn\u00facleo impiden el establecimiento de preferencias gustativas inducidas por la infusi\u00f3n intrag\u00e1strica de productos naturales reforzantes -alimentos predigeridos- en tareas de aprendizaje concurrente\/impl\u00edcito.  por el contrario, estas mismas lesiones no interfieren en el aprendizaje discriminativo secuencial\/expl\u00edcito inducido por la administraci\u00f3n enteral de estos productos nutrientes reforzantes.  los animales con electrodos implantados en el npble, no puede ser atribu\u00edda el car\u00e1cter aversivo asociado a la intensidad de la corriente, puesto que manipulaciones en el par\u00e1metro de la frecuencia, con el objetivo de mantener estable el radio de acci\u00f3n de la estimulaci\u00f3n, tampoco permiten generar una conducta de autoestimulaci\u00f3n.  los animales con electrodos implantados en el hipot\u00e1lamo lateral, por su parte, s\u00ed pueden adquirir esta conducta operante de aeic reforz<\/p>\n<p>&nbsp;<\/p>\n<h3>Datos acad\u00e9micos de la tesis doctoral \u00ab<strong>Efectos comportamentales de la activaci\u00f3n del complejo parabraquial troncoencef\u00e1lico: relevancia del subn\u00facleo lateral externo en el aprendizaje espacial y gustativo inducido por estimulaci\u00f3n el\u00e9ctrica o administraci\u00f3n enteral de nutrientes<\/strong>\u00ab<\/h3>\n<ul>\n<li><strong>T\u00edtulo de la tesis:<\/strong>\u00a0 Efectos comportamentales de la activaci\u00f3n del complejo parabraquial troncoencef\u00e1lico: relevancia del subn\u00facleo lateral externo en el aprendizaje espacial y gustativo inducido por estimulaci\u00f3n el\u00e9ctrica o administraci\u00f3n enteral de nutrientes <\/li>\n<li><strong>Autor:<\/strong>\u00a0 M. Jose Simon Ferre <\/li>\n<li><strong>Universidad:<\/strong>\u00a0 Granada<\/li>\n<li><strong>Fecha de lectura de la tesis:<\/strong>\u00a0 06\/06\/2003<\/li>\n<\/ul>\n<p>&nbsp;<\/p>\n<h3>Direcci\u00f3n y tribunal<\/h3>\n<ul>\n<li><strong>Director de la tesis<\/strong>\n<ul>\n<li>Amadeo Puerto Salgado<\/li>\n<\/ul>\n<\/li>\n<li><strong>Tribunal<\/strong>\n<ul>\n<li>Presidente del tribunal: Miguel S\u00e1nchez turet <\/li>\n<li>Jos\u00e9 Francisco Navarro humanes (vocal)<\/li>\n<li>Fernando Cadaveira mah\u00eda (vocal)<\/li>\n<li> P\u00e9rez raya Mar\u00eda  dolores (vocal)<\/li>\n<\/ul>\n<\/li>\n<\/ul>\n<p>&nbsp;<\/p>\n","protected":false},"excerpt":{"rendered":"<p>Tesis doctoral de M. Jose Simon Ferre El n\u00facleo parabraquial lateral externo, situado en el extremo lateral del complejo parabraquial [&hellip;]<\/p>\n","protected":false},"author":1,"featured_media":0,"comment_status":"open","ping_status":"open","sticky":false,"template":"","format":"standard","meta":{"site-sidebar-layout":"default","site-content-layout":"","ast-site-content-layout":"","site-content-style":"default","site-sidebar-style":"default","ast-global-header-display":"","ast-banner-title-visibility":"","ast-main-header-display":"","ast-hfb-above-header-display":"","ast-hfb-below-header-display":"","ast-hfb-mobile-header-display":"","site-post-title":"","ast-breadcrumbs-content":"","ast-featured-img":"","footer-sml-layout":"","theme-transparent-header-meta":"","adv-header-id-meta":"","stick-header-meta":"","header-above-stick-meta":"","header-main-stick-meta":"","header-below-stick-meta":"","astra-migrate-meta-layouts":"default","ast-page-background-enabled":"default","ast-page-background-meta":{"desktop":{"background-color":"var(--ast-global-color-4)","background-image":"","background-repeat":"repeat","background-position":"center center","background-size":"auto","background-attachment":"scroll","background-type":"","background-media":"","overlay-type":"","overlay-color":"","overlay-gradient":""},"tablet":{"background-color":"","background-image":"","background-repeat":"repeat","background-position":"center center","background-size":"auto","background-attachment":"scroll","background-type":"","background-media":"","overlay-type":"","overlay-color":"","overlay-gradient":""},"mobile":{"background-color":"","background-image":"","background-repeat":"repeat","background-position":"center center","background-size":"auto","background-attachment":"scroll","background-type":"","background-media":"","overlay-type":"","overlay-color":"","overlay-gradient":""}},"ast-content-background-meta":{"desktop":{"background-color":"var(--ast-global-color-5)","background-image":"","background-repeat":"repeat","background-position":"center center","background-size":"auto","background-attachment":"scroll","background-type":"","background-media":"","overlay-type":"","overlay-color":"","overlay-gradient":""},"tablet":{"background-color":"var(--ast-global-color-5)","background-image":"","background-repeat":"repeat","background-position":"center center","background-size":"auto","background-attachment":"scroll","background-type":"","background-media":"","overlay-type":"","overlay-color":"","overlay-gradient":""},"mobile":{"background-color":"var(--ast-global-color-5)","background-image":"","background-repeat":"repeat","background-position":"center center","background-size":"auto","background-attachment":"scroll","background-type":"","background-media":"","overlay-type":"","overlay-color":"","overlay-gradient":""}},"footnotes":""},"categories":[4167,7464,324,2462,5110,12264],"tags":[8915,8758,12267,69291,6691,69292],"class_list":["post-23350","post","type-post","status-publish","format-standard","hentry","category-actividad-cerebral","category-psicofarmacologia","category-psicologia","category-psicologia-experimental","category-psicologia-fisiologica","category-respuestas-del-comportamiento","tag-amadeo-puerto-salgado","tag-fernando-cadaveira-mahia","tag-jose-francisco-navarro-humanes","tag-m-jose-simon-ferre","tag-miguel-sanchez-turet","tag-perez-raya-maria-dolores"],"_links":{"self":[{"href":"https:\/\/www.deberes.net\/tesis\/wp-json\/wp\/v2\/posts\/23350","targetHints":{"allow":["GET"]}}],"collection":[{"href":"https:\/\/www.deberes.net\/tesis\/wp-json\/wp\/v2\/posts"}],"about":[{"href":"https:\/\/www.deberes.net\/tesis\/wp-json\/wp\/v2\/types\/post"}],"author":[{"embeddable":true,"href":"https:\/\/www.deberes.net\/tesis\/wp-json\/wp\/v2\/users\/1"}],"replies":[{"embeddable":true,"href":"https:\/\/www.deberes.net\/tesis\/wp-json\/wp\/v2\/comments?post=23350"}],"version-history":[{"count":0,"href":"https:\/\/www.deberes.net\/tesis\/wp-json\/wp\/v2\/posts\/23350\/revisions"}],"wp:attachment":[{"href":"https:\/\/www.deberes.net\/tesis\/wp-json\/wp\/v2\/media?parent=23350"}],"wp:term":[{"taxonomy":"category","embeddable":true,"href":"https:\/\/www.deberes.net\/tesis\/wp-json\/wp\/v2\/categories?post=23350"},{"taxonomy":"post_tag","embeddable":true,"href":"https:\/\/www.deberes.net\/tesis\/wp-json\/wp\/v2\/tags?post=23350"}],"curies":[{"name":"wp","href":"https:\/\/api.w.org\/{rel}","templated":true}]}}