{"id":23421,"date":"2003-09-06T00:00:00","date_gmt":"2003-09-06T00:00:00","guid":{"rendered":"https:\/\/www.deberes.net\/tesis\/sin-categoria\/a-contribuia%c2%a7om-da-iniciativa-leader-ao-desenvolvimento-das-zonas-rurais-analise-dos-resultados-do-programa-leader-i-em-galiza-e-o-norte-de-portugal\/"},"modified":"2003-09-06T00:00:00","modified_gmt":"2003-09-06T00:00:00","slug":"a-contribuia%c2%a7om-da-iniciativa-leader-ao-desenvolvimento-das-zonas-rurais-analise-dos-resultados-do-programa-leader-i-em-galiza-e-o-norte-de-portugal","status":"publish","type":"post","link":"https:\/\/www.deberes.net\/tesis\/ciencias-economicas\/a-contribuia%c2%a7om-da-iniciativa-leader-ao-desenvolvimento-das-zonas-rurais-analise-dos-resultados-do-programa-leader-i-em-galiza-e-o-norte-de-portugal\/","title":{"rendered":"A contribui\u00c1\u00a7om da iniciativa leader ao desenvolvimento das zonas rurais. analise dos resultados do programa leader i em galiza e o norte de portugal"},"content":{"rendered":"<h2>Tesis doctoral de <strong> M. Mar P\u00e9rez Fra <\/strong><\/h2>\n<p>La aparici\u00f3n de la iniciativa leader est\u00e1 relacionada con el cambio en la concepci\u00f3n del desarrollo de las \u00e1reas rurales: es la concretizaci\u00f3n del paso de una concepci\u00f3n sectorial de las ayudas que aplicaba planteamientos descendentes a un nuevo enfoque. Por otra parte, la necesidad de potenciar el desarrollo de estas \u00e1reas es una cuesti\u00f3n que hoy en d\u00eda est\u00e1 siendo apoyada desde todos los sectores. La propia comisi\u00f3n europea explicit\u00f3 en numerosas ocasiones la necesidad de alcanzar un reparto geogr\u00e1fico m\u00e1s equilibrado de la actividad econ\u00f3mico y de mantener el nivel necesario de ocupaci\u00f3n y funcionamiento de las zonas rurales.  el elemento central de esta tesis ser\u00e1 evaluar en que medida la iniciativa leader en su primera fase ha contribuido al avance en la consecuci\u00f3n del objetivo de desarrollo territorial equilibrado.  queremos destacar que con este trabajo se ha pretendido ir m\u00e1s all\u00e1 de una evaluaci\u00f3n cuantitativa de la iniciativa , el objetivo de partida era realizar una valoraci\u00f3n que permitiera hacer un balance de sus efectos en las estructuras econ\u00f3micas y sociales de las zonas afectadas.  como es l\u00f3gico, esto implic\u00f3 el dise\u00f1o de una metodolog\u00eda en la que las variables utilizadas est\u00e1n directamente relacionadas con aspectos espec\u00edficos de la iniciativa.  as\u00ed, el trabajo realizado se organiza entorno a tres ejes de estudio: la perspectiva territorial, los grupos de actuaci\u00f3n local, y, por \u00faltimo, el an\u00e1lisis de lo ejecutado, prestando atenci\u00f3n tanto a las acciones emprendidas como a los participantes en las mismas.  esta perspectiva de an\u00e1lisis precisa de la realizaci\u00f3n de un trabajo de campo complejo, para el que apenas se tuvo apoyo de fuentes indirectas. de hecho, la informaci\u00f3n utilizada procede de recogida directa de datos en los grupos y de la puesta en marcha de dispositivos de producci\u00f3n de datos.  el \u00e1rea seleccionada para el trabajo es la conocida como eurorregi\u00f3n galiza-n<\/p>\n<p>&nbsp;<\/p>\n<h3>Datos acad\u00e9micos de la tesis doctoral \u00ab<strong>A contribui\u00c1\u00a7om da iniciativa leader ao desenvolvimento das zonas rurais. analise dos resultados do programa leader i em galiza e o norte de portugal<\/strong>\u00ab<\/h3>\n<ul>\n<li><strong>T\u00edtulo de la tesis:<\/strong>\u00a0 A contribui\u00c1\u00a7om da iniciativa leader ao desenvolvimento das zonas rurais. analise dos resultados do programa leader i em galiza e o norte de portugal <\/li>\n<li><strong>Autor:<\/strong>\u00a0 M. Mar P\u00e9rez Fra <\/li>\n<li><strong>Universidad:<\/strong>\u00a0 Santiago de compostela<\/li>\n<li><strong>Fecha de lectura de la tesis:<\/strong>\u00a0 09\/06\/2003<\/li>\n<\/ul>\n<p>&nbsp;<\/p>\n<h3>Direcci\u00f3n y tribunal<\/h3>\n<ul>\n<li><strong>Director de la tesis<\/strong>\n<ul>\n<li>Edelmiro L\u00f3pez Iglesias<\/li>\n<\/ul>\n<\/li>\n<li><strong>Tribunal<\/strong>\n<ul>\n<li>Presidente del tribunal: felisa Ce\u00f1a delgado <\/li>\n<li>Fernando Oliveira baptista (vocal)<\/li>\n<li>eladio Arnalte alegre (vocal)<\/li>\n<li>artur Cristovao (vocal)<\/li>\n<\/ul>\n<\/li>\n<\/ul>\n<p>&nbsp;<\/p>\n","protected":false},"excerpt":{"rendered":"<p>Tesis doctoral de M. Mar P\u00e9rez Fra La aparici\u00f3n de la iniciativa leader est\u00e1 relacionada con el cambio en la [&hellip;]<\/p>\n","protected":false},"author":1,"featured_media":0,"comment_status":"open","ping_status":"open","sticky":false,"template":"","format":"standard","meta":{"site-sidebar-layout":"default","site-content-layout":"","ast-site-content-layout":"","site-content-style":"default","site-sidebar-style":"default","ast-global-header-display":"","ast-banner-title-visibility":"","ast-main-header-display":"","ast-hfb-above-header-display":"","ast-hfb-below-header-display":"","ast-hfb-mobile-header-display":"","site-post-title":"","ast-breadcrumbs-content":"","ast-featured-img":"","footer-sml-layout":"","theme-transparent-header-meta":"","adv-header-id-meta":"","stick-header-meta":"","header-above-stick-meta":"","header-main-stick-meta":"","header-below-stick-meta":"","astra-migrate-meta-layouts":"default","ast-page-background-enabled":"default","ast-page-background-meta":{"desktop":{"background-color":"var(--ast-global-color-4)","background-image":"","background-repeat":"repeat","background-position":"center center","background-size":"auto","background-attachment":"scroll","background-type":"","background-media":"","overlay-type":"","overlay-color":"","overlay-gradient":""},"tablet":{"background-color":"","background-image":"","background-repeat":"repeat","background-position":"center center","background-size":"auto","background-attachment":"scroll","background-type":"","background-media":"","overlay-type":"","overlay-color":"","overlay-gradient":""},"mobile":{"background-color":"","background-image":"","background-repeat":"repeat","background-position":"center center","background-size":"auto","background-attachment":"scroll","background-type":"","background-media":"","overlay-type":"","overlay-color":"","overlay-gradient":""}},"ast-content-background-meta":{"desktop":{"background-color":"var(--ast-global-color-5)","background-image":"","background-repeat":"repeat","background-position":"center center","background-size":"auto","background-attachment":"scroll","background-type":"","background-media":"","overlay-type":"","overlay-color":"","overlay-gradient":""},"tablet":{"background-color":"var(--ast-global-color-5)","background-image":"","background-repeat":"repeat","background-position":"center center","background-size":"auto","background-attachment":"scroll","background-type":"","background-media":"","overlay-type":"","overlay-color":"","overlay-gradient":""},"mobile":{"background-color":"var(--ast-global-color-5)","background-image":"","background-repeat":"repeat","background-position":"center center","background-size":"auto","background-attachment":"scroll","background-type":"","background-media":"","overlay-type":"","overlay-color":"","overlay-gradient":""}},"footnotes":""},"categories":[82,38004,83,910,963,977,935,20807],"tags":[69447,21391,16459,16460,48414,69446],"class_list":["post-23421","post","type-post","status-publish","format-standard","hentry","category-ciencias-economicas","category-economia-de-recursos-naturales-y-analisis-territorial","category-economia-del-area-europea","category-economia-internacional","category-economia-sectorial","category-santiago-de-compostela","category-sector-de-agricultura-silvicultura-ganaderia-y-pesca","category-sector-de-investigacion-y-desarrollo","tag-artur-cristovao","tag-edelmiro-lopez-iglesias","tag-eladio-arnalte-alegre","tag-felisa-cena-delgado","tag-fernando-oliveira-baptista","tag-m-mar-perez-fra"],"_links":{"self":[{"href":"https:\/\/www.deberes.net\/tesis\/wp-json\/wp\/v2\/posts\/23421","targetHints":{"allow":["GET"]}}],"collection":[{"href":"https:\/\/www.deberes.net\/tesis\/wp-json\/wp\/v2\/posts"}],"about":[{"href":"https:\/\/www.deberes.net\/tesis\/wp-json\/wp\/v2\/types\/post"}],"author":[{"embeddable":true,"href":"https:\/\/www.deberes.net\/tesis\/wp-json\/wp\/v2\/users\/1"}],"replies":[{"embeddable":true,"href":"https:\/\/www.deberes.net\/tesis\/wp-json\/wp\/v2\/comments?post=23421"}],"version-history":[{"count":0,"href":"https:\/\/www.deberes.net\/tesis\/wp-json\/wp\/v2\/posts\/23421\/revisions"}],"wp:attachment":[{"href":"https:\/\/www.deberes.net\/tesis\/wp-json\/wp\/v2\/media?parent=23421"}],"wp:term":[{"taxonomy":"category","embeddable":true,"href":"https:\/\/www.deberes.net\/tesis\/wp-json\/wp\/v2\/categories?post=23421"},{"taxonomy":"post_tag","embeddable":true,"href":"https:\/\/www.deberes.net\/tesis\/wp-json\/wp\/v2\/tags?post=23421"}],"curies":[{"name":"wp","href":"https:\/\/api.w.org\/{rel}","templated":true}]}}