{"id":23443,"date":"2003-10-06T00:00:00","date_gmt":"2003-10-06T00:00:00","guid":{"rendered":"https:\/\/www.deberes.net\/tesis\/sin-categoria\/el-pensamiento-pola%c2%adtico-de-la-compana%c2%ada-de-jesus-en-la-espana-de-los-siglos-xvi-y-xvii-y-su-relacion-con-el-poder-local-en-la-andaluca%c2%ada-moderna\/"},"modified":"2003-10-06T00:00:00","modified_gmt":"2003-10-06T00:00:00","slug":"el-pensamiento-pola%c2%adtico-de-la-compana%c2%ada-de-jesus-en-la-espana-de-los-siglos-xvi-y-xvii-y-su-relacion-con-el-poder-local-en-la-andaluca%c2%ada-moderna","status":"publish","type":"post","link":"https:\/\/www.deberes.net\/tesis\/historia\/el-pensamiento-pola%c2%adtico-de-la-compana%c2%ada-de-jesus-en-la-espana-de-los-siglos-xvi-y-xvii-y-su-relacion-con-el-poder-local-en-la-andaluca%c2%ada-moderna\/","title":{"rendered":"\u00abel pensamiento pol\u00edtico de la compa\u00f1\u00edade jes\u00fas en la espa\u00f1a de los siglos xvi y xvii y su relaci\u00f3n con el poder local en la andaluc\u00edamoderna\u00bb"},"content":{"rendered":"<h2>Tesis doctoral de <strong> Juli\u00e1n Jos\u00e9 Lozano Navarro <\/strong><\/h2>\n<p>En la tesis se rastrean las conexiones que, desde el gobierno romano de la compa\u00f1\u00eda de jes\u00fas, se establecieron con la realeza espa\u00f1ola y los m\u00e1s diversos agentes de la corona durante los siglos xvi y xvii. Unas relaciones que, indudablemente, fueron relaciones de poder.  un hecho fundamental en las mismas es el control de las conciencias de nobles, ministros, virreyes, validos y monarcas por los jesuitas. Gracias a ello, los distintos generales de la orden de san ignacio -apoyados por las soberanes hispanas, en especial por las princesas de la casa de austria- consiguen integrar, a principios del siglo xvii, a la que a\u00fan era considerada como la primera potencia mundial y principal baluarte en la lucha contra el protestantismo, en los esquemas de la contrarreforma tal y como \u00e9sta era entendida por la santa sede.  el segundo hecho a destacar en esta tesis es que, como consecuencia del referido control de la conciencias y de la influencia de la orden en cuestiones de alta pol\u00edtica y en negocios de estado, los generales de la compa\u00f1\u00eda, especialmente durante el siglo xvii, traban a su alrededor una verdadera red clientelar que vincula a la m\u00e1s lata nobleza de los territorios europeos de la monarqu\u00eda hisp\u00e1nica -flandes e italia especialmente- con los jesuitas. Algo que se visualiza perfectamente, durante la \u00e9poca del conde duque de olivares, siempre asistido espiritualmente por padres de la compa\u00f1\u00eda; que, a su vez, reciben \u00f3rdenes precisas de su superior romano -al que deben la misma obediencia que a cristo, por otra parte- para utilizar su ascendiente en beneficio de los nobiliarios \u00abclientes\u00bb de la compa\u00f1\u00eda de jes\u00fas. Una din\u00e1mica \u00e9sta para la que se sientan las bases en el reinado del emperador y en 1 de felipe ii, que tiene su apogeo en los de felipe iii y felipe iv, que alcanza su z\u00e9nit cuando el valido de la regente mariana de austria -el padre nithard, evidentemente- es \u00e9l mismo un jesuita. Un siglo y medio en el<\/p>\n<p>&nbsp;<\/p>\n<h3>Datos acad\u00e9micos de la tesis doctoral \u00ab<strong>\u00abel pensamiento pol\u00edtico de la compa\u00f1\u00edade jes\u00fas en la espa\u00f1a de los siglos xvi y xvii y su relaci\u00f3n con el poder local en la andaluc\u00edamoderna\u00bb<\/strong>\u00ab<\/h3>\n<ul>\n<li><strong>T\u00edtulo de la tesis:<\/strong>\u00a0 \u00abel pensamiento pol\u00edtico de la compa\u00f1\u00edade jes\u00fas en la espa\u00f1a de los siglos xvi y xvii y su relaci\u00f3n con el poder local en la andaluc\u00edamoderna\u00bb <\/li>\n<li><strong>Autor:<\/strong>\u00a0 Juli\u00e1n Jos\u00e9 Lozano Navarro <\/li>\n<li><strong>Universidad:<\/strong>\u00a0 Granada<\/li>\n<li><strong>Fecha de lectura de la tesis:<\/strong>\u00a0 10\/06\/2003<\/li>\n<\/ul>\n<p>&nbsp;<\/p>\n<h3>Direcci\u00f3n y tribunal<\/h3>\n<ul>\n<li><strong>Director de la tesis<\/strong>\n<ul>\n<li>Juan  Luis Castellano Castellano<\/li>\n<\/ul>\n<\/li>\n<li><strong>Tribunal<\/strong>\n<ul>\n<li>Presidente del tribunal: leon Carlos Alvarez santalo <\/li>\n<li>bernard Vicent (vocal)<\/li>\n<li>ricardo Garc\u00eda c\u00e1rcel (vocal)<\/li>\n<li> Mart\u00ednez medina Francisco Javier (vocal)<\/li>\n<\/ul>\n<\/li>\n<\/ul>\n<p>&nbsp;<\/p>\n","protected":false},"excerpt":{"rendered":"<p>Tesis doctoral de Juli\u00e1n Jos\u00e9 Lozano Navarro En la tesis se rastrean las conexiones que, desde el gobierno romano de [&hellip;]<\/p>\n","protected":false},"author":1,"featured_media":0,"comment_status":"open","ping_status":"open","sticky":false,"template":"","format":"standard","meta":{"site-sidebar-layout":"default","site-content-layout":"","ast-site-content-layout":"","site-content-style":"default","site-sidebar-style":"default","ast-global-header-display":"","ast-banner-title-visibility":"","ast-main-header-display":"","ast-hfb-above-header-display":"","ast-hfb-below-header-display":"","ast-hfb-mobile-header-display":"","site-post-title":"","ast-breadcrumbs-content":"","ast-featured-img":"","footer-sml-layout":"","theme-transparent-header-meta":"","adv-header-id-meta":"","stick-header-meta":"","header-above-stick-meta":"","header-main-stick-meta":"","header-below-stick-meta":"","astra-migrate-meta-layouts":"default","ast-page-background-enabled":"default","ast-page-background-meta":{"desktop":{"background-color":"var(--ast-global-color-4)","background-image":"","background-repeat":"repeat","background-position":"center center","background-size":"auto","background-attachment":"scroll","background-type":"","background-media":"","overlay-type":"","overlay-color":"","overlay-gradient":""},"tablet":{"background-color":"","background-image":"","background-repeat":"repeat","background-position":"center center","background-size":"auto","background-attachment":"scroll","background-type":"","background-media":"","overlay-type":"","overlay-color":"","overlay-gradient":""},"mobile":{"background-color":"","background-image":"","background-repeat":"repeat","background-position":"center center","background-size":"auto","background-attachment":"scroll","background-type":"","background-media":"","overlay-type":"","overlay-color":"","overlay-gradient":""}},"ast-content-background-meta":{"desktop":{"background-color":"var(--ast-global-color-5)","background-image":"","background-repeat":"repeat","background-position":"center center","background-size":"auto","background-attachment":"scroll","background-type":"","background-media":"","overlay-type":"","overlay-color":"","overlay-gradient":""},"tablet":{"background-color":"var(--ast-global-color-5)","background-image":"","background-repeat":"repeat","background-position":"center center","background-size":"auto","background-attachment":"scroll","background-type":"","background-media":"","overlay-type":"","overlay-color":"","overlay-gradient":""},"mobile":{"background-color":"var(--ast-global-color-5)","background-image":"","background-repeat":"repeat","background-position":"center center","background-size":"auto","background-attachment":"scroll","background-type":"","background-media":"","overlay-type":"","overlay-color":"","overlay-gradient":""}},"footnotes":""},"categories":[104,3538,989,220,222],"tags":[49999,3358,69501,14897,55897,13829],"class_list":["post-23443","post","type-post","status-publish","format-standard","hentry","category-historia","category-historia-de-las-ideas-politicas","category-historia-moderna","category-historia-por-epocas","category-historias-especializadas","tag-bernard-vicent","tag-juan-luis-castellano-castellano","tag-julian-jose-lozano-navarro","tag-leon-carlos-alvarez-santalo","tag-Martinez-medina-francisco-javier","tag-ricardo-garcia-carcel"],"_links":{"self":[{"href":"https:\/\/www.deberes.net\/tesis\/wp-json\/wp\/v2\/posts\/23443","targetHints":{"allow":["GET"]}}],"collection":[{"href":"https:\/\/www.deberes.net\/tesis\/wp-json\/wp\/v2\/posts"}],"about":[{"href":"https:\/\/www.deberes.net\/tesis\/wp-json\/wp\/v2\/types\/post"}],"author":[{"embeddable":true,"href":"https:\/\/www.deberes.net\/tesis\/wp-json\/wp\/v2\/users\/1"}],"replies":[{"embeddable":true,"href":"https:\/\/www.deberes.net\/tesis\/wp-json\/wp\/v2\/comments?post=23443"}],"version-history":[{"count":0,"href":"https:\/\/www.deberes.net\/tesis\/wp-json\/wp\/v2\/posts\/23443\/revisions"}],"wp:attachment":[{"href":"https:\/\/www.deberes.net\/tesis\/wp-json\/wp\/v2\/media?parent=23443"}],"wp:term":[{"taxonomy":"category","embeddable":true,"href":"https:\/\/www.deberes.net\/tesis\/wp-json\/wp\/v2\/categories?post=23443"},{"taxonomy":"post_tag","embeddable":true,"href":"https:\/\/www.deberes.net\/tesis\/wp-json\/wp\/v2\/tags?post=23443"}],"curies":[{"name":"wp","href":"https:\/\/api.w.org\/{rel}","templated":true}]}}