{"id":23460,"date":"2003-11-06T00:00:00","date_gmt":"2003-11-06T00:00:00","guid":{"rendered":"https:\/\/www.deberes.net\/tesis\/sin-categoria\/modernitzacio-social-a-la-catalunya-de-ponent-durant-el-canvi-de-segles-xix-i-xx-una-interpretacio-antropologica-i-sociologica-del-canvi-de-segles-xix-i-xx-des-de-la-catalunya-occidental\/"},"modified":"2003-11-06T00:00:00","modified_gmt":"2003-11-06T00:00:00","slug":"modernitzacio-social-a-la-catalunya-de-ponent-durant-el-canvi-de-segles-xix-i-xx-una-interpretacio-antropologica-i-sociologica-del-canvi-de-segles-xix-i-xx-des-de-la-catalunya-occidental","status":"publish","type":"post","link":"https:\/\/www.deberes.net\/tesis\/linguistica\/modernitzacio-social-a-la-catalunya-de-ponent-durant-el-canvi-de-segles-xix-i-xx-una-interpretacio-antropologica-i-sociologica-del-canvi-de-segles-xix-i-xx-des-de-la-catalunya-occidental\/","title":{"rendered":"Modernitzaci\u00f3 social a la catalunya de ponent durant el canvi de segles xix i xx. (una interpretaci\u00f3 antropol\u00f3gica i sociol\u00f3gica del canvi de segles xix i xx des de la catalunya occidental)"},"content":{"rendered":"<h2>Tesis doctoral de <strong> Joaquim Capdevila Capdevila <\/strong><\/h2>\n<p>El primer objetivo de la teses es hacer un estudio hsit\u00f3rico-fenomenol\u00f3gico del inquieto materialismo de masas que se formar\u00eda a partir, sobretodo, de la segunda mitad del s. Xix. Un materialismo seducido por un nuevo paradigma de utop\u00eda material. Que definen las vastas mutaciones materiales ligadas a los procesos de industrializaci\u00f3n-urbanizaci\u00f3n. Y, sobretodo, las nuevas construcciones mec\u00e1nicas e ingenios tecnol\u00f3gicos y a\u00fan especialmente, una moderna oferta de entretenimiento activamente heter\u00f3noma con respecto a los gustos populares reales (modernos ofrecimientos obscenos; juegos de azar y de envite; moderna m\u00fasica -y cancionero- populistas; espect\u00e1culos t\u00e9cnicos; ..). Esta moderna utop\u00eda material -o utop\u00eda material de masas &#8211; difiere de las viejas utop\u00edas materiales de las clases populares de antiguo r\u00e9gimen &#8211; situadas en unos planos at\u00f3pico y atemporal &#8211; en el hecho que es percibida hic et nunc. Por primera vez hist\u00f3ricamente.  un sengudo objetivo de la tesis es analizar las ra\u00edces del moderno materialismo de masas y de la moderna utop\u00eda material en el materialismo de antiguo r\u00e9gimen, y en la rancia utop\u00eda material campesina preindustrial. Procediendo, con este fin, a una etnohermen\u00e9utica del calendario campesino de antiguo r\u00e9gimen; y centralmente, de la utop\u00eda material campesina, sirvi\u00e9ndonos a este efecto de un repertorio de recreaciones arromanzadas que versan distintas variaciones t\u00f3picas del mundo campesino de la abundancia (xausa, cucanya, la gond\u00f3fia).  el tercer objetivo es estudiar la relaci\u00f3n que se producir\u00eda  entre una espl\u00e9ndida emergencia p\u00fablica de la s\u00e1tira, cuya materializaci\u00f3n se intensificar\u00eda a partir de las \u00faltimas d\u00e9cadas del ochocientos y el activo materialismo de masas que se formar\u00eda a partir de este momento, especialmente. en este punto, nos fijamos en la recepci\u00f3n popular de un moderno orden de factores sentidos como agresivos. Tales como unas nuevas concepciones de<\/p>\n<p>&nbsp;<\/p>\n<h3>Datos acad\u00e9micos de la tesis doctoral \u00ab<strong>Modernitzaci\u00f3 social a la catalunya de ponent durant el canvi de segles xix i xx. (una interpretaci\u00f3 antropol\u00f3gica i sociol\u00f3gica del canvi de segles xix i xx des de la catalunya occidental)<\/strong>\u00ab<\/h3>\n<ul>\n<li><strong>T\u00edtulo de la tesis:<\/strong>\u00a0 Modernitzaci\u00f3 social a la catalunya de ponent durant el canvi de segles xix i xx. (una interpretaci\u00f3 antropol\u00f3gica i sociol\u00f3gica del canvi de segles xix i xx des de la catalunya occidental) <\/li>\n<li><strong>Autor:<\/strong>\u00a0 Joaquim Capdevila Capdevila <\/li>\n<li><strong>Universidad:<\/strong>\u00a0 Barcelona<\/li>\n<li><strong>Fecha de lectura de la tesis:<\/strong>\u00a0 11\/06\/2003<\/li>\n<\/ul>\n<p>&nbsp;<\/p>\n<h3>Direcci\u00f3n y tribunal<\/h3>\n<ul>\n<li><strong>Director de la tesis<\/strong>\n<ul>\n<li>Sebastia Serrano Farrera<\/li>\n<\/ul>\n<\/li>\n<li><strong>Tribunal<\/strong>\n<ul>\n<li>Presidente del tribunal: Jes\u00fas Tuson valls <\/li>\n<li>Manuel Lladonosa vall-llebrera (vocal)<\/li>\n<li>salvador Cardus ros (vocal)<\/li>\n<li>f. Toledano llu\u00eds (vocal)<\/li>\n<\/ul>\n<\/li>\n<\/ul>\n<p>&nbsp;<\/p>\n","protected":false},"excerpt":{"rendered":"<p>Tesis doctoral de Joaquim Capdevila Capdevila El primer objetivo de la teses es hacer un estudio hsit\u00f3rico-fenomenol\u00f3gico del inquieto materialismo [&hellip;]<\/p>\n","protected":false},"author":1,"featured_media":0,"comment_status":"open","ping_status":"open","sticky":false,"template":"","format":"standard","meta":{"site-sidebar-layout":"default","site-content-layout":"","ast-site-content-layout":"","site-content-style":"default","site-sidebar-style":"default","ast-global-header-display":"","ast-banner-title-visibility":"","ast-main-header-display":"","ast-hfb-above-header-display":"","ast-hfb-below-header-display":"","ast-hfb-mobile-header-display":"","site-post-title":"","ast-breadcrumbs-content":"","ast-featured-img":"","footer-sml-layout":"","theme-transparent-header-meta":"","adv-header-id-meta":"","stick-header-meta":"","header-above-stick-meta":"","header-main-stick-meta":"","header-below-stick-meta":"","astra-migrate-meta-layouts":"default","ast-page-background-enabled":"default","ast-page-background-meta":{"desktop":{"background-color":"var(--ast-global-color-4)","background-image":"","background-repeat":"repeat","background-position":"center center","background-size":"auto","background-attachment":"scroll","background-type":"","background-media":"","overlay-type":"","overlay-color":"","overlay-gradient":""},"tablet":{"background-color":"","background-image":"","background-repeat":"repeat","background-position":"center center","background-size":"auto","background-attachment":"scroll","background-type":"","background-media":"","overlay-type":"","overlay-color":"","overlay-gradient":""},"mobile":{"background-color":"","background-image":"","background-repeat":"repeat","background-position":"center center","background-size":"auto","background-attachment":"scroll","background-type":"","background-media":"","overlay-type":"","overlay-color":"","overlay-gradient":""}},"ast-content-background-meta":{"desktop":{"background-color":"var(--ast-global-color-5)","background-image":"","background-repeat":"repeat","background-position":"center center","background-size":"auto","background-attachment":"scroll","background-type":"","background-media":"","overlay-type":"","overlay-color":"","overlay-gradient":""},"tablet":{"background-color":"var(--ast-global-color-5)","background-image":"","background-repeat":"repeat","background-position":"center center","background-size":"auto","background-attachment":"scroll","background-type":"","background-media":"","overlay-type":"","overlay-color":"","overlay-gradient":""},"mobile":{"background-color":"var(--ast-global-color-5)","background-image":"","background-repeat":"repeat","background-position":"center center","background-size":"auto","background-attachment":"scroll","background-type":"","background-media":"","overlay-type":"","overlay-color":"","overlay-gradient":""}},"footnotes":""},"categories":[951,6217,24577,104,22854,222,59,62,980,269,270,17329],"tags":[69544,12335,69543,37823,30506,19172],"class_list":["post-23460","post","type-post","status-publish","format-standard","hentry","category-barcelona","category-cambio-y-desarrollo-social","category-evolucion-de-las-sociedades","category-historia","category-historia-de-la-sociologia","category-historias-especializadas","category-linguistica","category-linguistica-sincronica","category-semiologia","category-sociologia","category-sociologia-general","category-teoria-sociologica","tag-f-toledano-lluis","tag-jesus-tuson-valls","tag-joaquim-capdevila-capdevila","tag-manuel-lladonosa-vall-llebrera","tag-salvador-cardus-ros","tag-sebastia-serrano-farrera"],"_links":{"self":[{"href":"https:\/\/www.deberes.net\/tesis\/wp-json\/wp\/v2\/posts\/23460","targetHints":{"allow":["GET"]}}],"collection":[{"href":"https:\/\/www.deberes.net\/tesis\/wp-json\/wp\/v2\/posts"}],"about":[{"href":"https:\/\/www.deberes.net\/tesis\/wp-json\/wp\/v2\/types\/post"}],"author":[{"embeddable":true,"href":"https:\/\/www.deberes.net\/tesis\/wp-json\/wp\/v2\/users\/1"}],"replies":[{"embeddable":true,"href":"https:\/\/www.deberes.net\/tesis\/wp-json\/wp\/v2\/comments?post=23460"}],"version-history":[{"count":0,"href":"https:\/\/www.deberes.net\/tesis\/wp-json\/wp\/v2\/posts\/23460\/revisions"}],"wp:attachment":[{"href":"https:\/\/www.deberes.net\/tesis\/wp-json\/wp\/v2\/media?parent=23460"}],"wp:term":[{"taxonomy":"category","embeddable":true,"href":"https:\/\/www.deberes.net\/tesis\/wp-json\/wp\/v2\/categories?post=23460"},{"taxonomy":"post_tag","embeddable":true,"href":"https:\/\/www.deberes.net\/tesis\/wp-json\/wp\/v2\/tags?post=23460"}],"curies":[{"name":"wp","href":"https:\/\/api.w.org\/{rel}","templated":true}]}}