{"id":23471,"date":"2003-11-06T00:00:00","date_gmt":"2003-11-06T00:00:00","guid":{"rendered":"https:\/\/www.deberes.net\/tesis\/sin-categoria\/el-retrato-literario\/"},"modified":"2003-11-06T00:00:00","modified_gmt":"2003-11-06T00:00:00","slug":"el-retrato-literario","status":"publish","type":"post","link":"https:\/\/www.deberes.net\/tesis\/navarra\/el-retrato-literario\/","title":{"rendered":"El retrato literario"},"content":{"rendered":"<h2>Tesis doctoral de <strong> Margarita Iriarte L\u00f3pez <\/strong><\/h2>\n<p>El presente trabajo pretende ser una reflexi\u00f3n sobre un fen\u00f3meno -el retrato literario- que goza, en las disciplinas acad\u00e9micas, de un reconocimiento y una opeatividad como noci\u00f3n cr\u00edtica que no se corresponde, realmente, con  un firme o s\u00f3lido sustento te\u00f3rico.  tradicionalmente, considerado como una posibilidad ret\u00f3rica, una concreci\u00f3n de una realidad mayor, la descripci\u00f3n la riqueza y complejidad que encierra el fen\u00f3meno retrat\u00edstico hace imposible limitarlo a este \u00e1mbito y es, particularmente en las \u00faltimas d\u00e9cadas, la teor\u00eda de los g\u00e9neros la que parece permitir defender o especular con la posibilidad de concebirlo y considerarlo como una entidad gen\u00e9rica.  acercarse a su estudio obliga a partir de puntos de destino distintos y aceptar como v\u00e1lidas muy distintas perspectivas. Como trabajo te\u00f3rico participa de la reflexi\u00f3n, y en no pocas ocasiones, de la m\u00e1s pura especulaci\u00f3n, aspectos ambos que parecen  ser propios y necesario al establecimiento de todo fundamento cr\u00edtico-anal\u00edtico. En cualquier caso, hablar de retrato supone tratar de una categorizaci\u00f3n que posee a un tiempo una dimensi\u00f3n pr\u00e1ctico-operativa, es decir, eminentemente cr\u00edtica y otra especulativo-abstracta, m\u00e1s propia de la teor\u00eda todav\u00eda por dilucidar y de la que esta tesis pretende ser un primer paso.  de acuerdo a ello, el siguiente trabajo se estructura en dos grandes bloques: una primera parte que hace las veces de p\u00f3rtico y plantea la mayor parte de las cuesitones que, m\u00e1s o menos directamente, han de tenerse en cuenta en un estudio te\u00f3rico del fen\u00f3meno; y una segunda en la que se analiza el nacimiento y consolidaci\u00f3n del t\u00e9rmino a trav\u00e9s de dos de las disciplinas literarias m\u00e1s importantes: la ret\u00f3rica en primer lugar, y la teor\u00eda de los g\u00e9neros despu\u00e9s.<\/p>\n<p>&nbsp;<\/p>\n<h3>Datos acad\u00e9micos de la tesis doctoral \u00ab<strong>El retrato literario<\/strong>\u00ab<\/h3>\n<ul>\n<li><strong>T\u00edtulo de la tesis:<\/strong>\u00a0 El retrato literario <\/li>\n<li><strong>Autor:<\/strong>\u00a0 Margarita Iriarte L\u00f3pez <\/li>\n<li><strong>Universidad:<\/strong>\u00a0 Navarra<\/li>\n<li><strong>Fecha de lectura de la tesis:<\/strong>\u00a0 11\/06\/2003<\/li>\n<\/ul>\n<p>&nbsp;<\/p>\n<h3>Direcci\u00f3n y tribunal<\/h3>\n<ul>\n<li><strong>Director de la tesis<\/strong>\n<ul>\n<li>Kurt Spang<\/li>\n<\/ul>\n<\/li>\n<li><strong>Tribunal<\/strong>\n<ul>\n<li>Presidente del tribunal: tomas Albaladejo mayordomo <\/li>\n<li> Alonso del real concepci\u00f3n (vocal)<\/li>\n<li> Garc\u00eda barrientos Jos\u00e9 Luis (vocal)<\/li>\n<li>celia Fern\u00e1ndez prieto (vocal)<\/li>\n<\/ul>\n<\/li>\n<\/ul>\n<p>&nbsp;<\/p>\n","protected":false},"excerpt":{"rendered":"<p>Tesis doctoral de Margarita Iriarte L\u00f3pez El presente trabajo pretende ser una reflexi\u00f3n sobre un fen\u00f3meno -el retrato literario- que [&hellip;]<\/p>\n","protected":false},"author":1,"featured_media":0,"comment_status":"open","ping_status":"open","sticky":false,"template":"","format":"standard","meta":{"site-sidebar-layout":"default","site-content-layout":"","ast-site-content-layout":"","site-content-style":"default","site-sidebar-style":"default","ast-global-header-display":"","ast-banner-title-visibility":"","ast-main-header-display":"","ast-hfb-above-header-display":"","ast-hfb-below-header-display":"","ast-hfb-mobile-header-display":"","site-post-title":"","ast-breadcrumbs-content":"","ast-featured-img":"","footer-sml-layout":"","theme-transparent-header-meta":"","adv-header-id-meta":"","stick-header-meta":"","header-above-stick-meta":"","header-main-stick-meta":"","header-below-stick-meta":"","astra-migrate-meta-layouts":"default","ast-page-background-enabled":"default","ast-page-background-meta":{"desktop":{"background-color":"var(--ast-global-color-4)","background-image":"","background-repeat":"repeat","background-position":"center center","background-size":"auto","background-attachment":"scroll","background-type":"","background-media":"","overlay-type":"","overlay-color":"","overlay-gradient":""},"tablet":{"background-color":"","background-image":"","background-repeat":"repeat","background-position":"center center","background-size":"auto","background-attachment":"scroll","background-type":"","background-media":"","overlay-type":"","overlay-color":"","overlay-gradient":""},"mobile":{"background-color":"","background-image":"","background-repeat":"repeat","background-position":"center center","background-size":"auto","background-attachment":"scroll","background-type":"","background-media":"","overlay-type":"","overlay-color":"","overlay-gradient":""}},"ast-content-background-meta":{"desktop":{"background-color":"var(--ast-global-color-5)","background-image":"","background-repeat":"repeat","background-position":"center center","background-size":"auto","background-attachment":"scroll","background-type":"","background-media":"","overlay-type":"","overlay-color":"","overlay-gradient":""},"tablet":{"background-color":"var(--ast-global-color-5)","background-image":"","background-repeat":"repeat","background-position":"center center","background-size":"auto","background-attachment":"scroll","background-type":"","background-media":"","overlay-type":"","overlay-color":"","overlay-gradient":""},"mobile":{"background-color":"var(--ast-global-color-5)","background-image":"","background-repeat":"repeat","background-position":"center center","background-size":"auto","background-attachment":"scroll","background-type":"","background-media":"","overlay-type":"","overlay-color":"","overlay-gradient":""}},"footnotes":""},"categories":[17749],"tags":[32356,21252,66937,17923,69568,4759],"class_list":["post-23471","post","type-post","status-publish","format-standard","hentry","category-navarra","tag-alonso-del-real-concepcion","tag-celia-fernandez-prieto","tag-garcia-barrientos-jose-luis","tag-kurt-spang","tag-margarita-iriarte-lopez","tag-tomas-albaladejo-mayordomo"],"_links":{"self":[{"href":"https:\/\/www.deberes.net\/tesis\/wp-json\/wp\/v2\/posts\/23471","targetHints":{"allow":["GET"]}}],"collection":[{"href":"https:\/\/www.deberes.net\/tesis\/wp-json\/wp\/v2\/posts"}],"about":[{"href":"https:\/\/www.deberes.net\/tesis\/wp-json\/wp\/v2\/types\/post"}],"author":[{"embeddable":true,"href":"https:\/\/www.deberes.net\/tesis\/wp-json\/wp\/v2\/users\/1"}],"replies":[{"embeddable":true,"href":"https:\/\/www.deberes.net\/tesis\/wp-json\/wp\/v2\/comments?post=23471"}],"version-history":[{"count":0,"href":"https:\/\/www.deberes.net\/tesis\/wp-json\/wp\/v2\/posts\/23471\/revisions"}],"wp:attachment":[{"href":"https:\/\/www.deberes.net\/tesis\/wp-json\/wp\/v2\/media?parent=23471"}],"wp:term":[{"taxonomy":"category","embeddable":true,"href":"https:\/\/www.deberes.net\/tesis\/wp-json\/wp\/v2\/categories?post=23471"},{"taxonomy":"post_tag","embeddable":true,"href":"https:\/\/www.deberes.net\/tesis\/wp-json\/wp\/v2\/tags?post=23471"}],"curies":[{"name":"wp","href":"https:\/\/api.w.org\/{rel}","templated":true}]}}