{"id":23502,"date":"2018-03-09T09:14:05","date_gmt":"2018-03-09T09:14:05","guid":{"rendered":"https:\/\/www.deberes.net\/tesis\/sin-categoria\/el-hipotexto-hesiodico-en-los-phaenomena-de-arato\/"},"modified":"2018-03-09T09:14:05","modified_gmt":"2018-03-09T09:14:05","slug":"el-hipotexto-hesiodico-en-los-phaenomena-de-arato","status":"publish","type":"post","link":"https:\/\/www.deberes.net\/tesis\/linguistica\/el-hipotexto-hesiodico-en-los-phaenomena-de-arato\/","title":{"rendered":"El hipotexto hesiodico en los phaenomena de arato"},"content":{"rendered":"<h2>Tesis doctoral de <strong>  Gallego Real \u00e1ngel Luis <\/strong><\/h2>\n<p>Esta tesis procura desde una perspectiva intertextual un an\u00e1lisis sistematizado de la influencia hesi\u00f3dica en la obra de arato. Dichas relaciones son analizadas desde:  a,- el campo lexim\u00f3rfico: estudio del l\u00e9xico contrasuase de signifciado (palabra, sintagma o &#8211;pasaje), o sin \u00e9l (t\u00e9rminal), ret\u00f3rico-estil\u00edstico y m\u00e9trico-pros\u00f3dico.  b,- el campo hilom\u00f3rfico o marfosint\u00e1ctico.  c,- el campo architextual = estructura, g\u00e9nero y contenidos.  d,- an\u00e1lisis tem\u00e1ticos, referidos a mitos y constelaciones hesi\u00f3dicas.  a ello se a\u00f1ade un anexo con una serie de mapas hipotextuales de los pasajes m\u00e1s significativos, unos \u00edndices generantes de referencias arato-hes\u00edodo-arato y arato-homero, as\u00ed como la bibliograf\u00eda utilizada.  la tesis deja patente la utilizaci\u00f3n del patr\u00f3n hesi\u00f3dico en los diversos registros composicionales de pahenomena. Otras de sus aportaciones son:  1,- la demostraci\u00f3n del car\u00e1cter escrito de phaenomena.  2,- la inclusi\u00f3n de arato en la corriente l\u00e9ptica liderada por cal\u00edmaco.  3,- un amplio estudio de las relaciones textuales con odisea.  4,- el estudio de las relaciones intertextuales con los poetas coet\u00e1neos: cal\u00edmaco, te\u00f3cito, apolano entre otros.<\/p>\n<p>&nbsp;<\/p>\n<h3>Datos acad\u00e9micos de la tesis doctoral \u00ab<strong>El hipotexto hesiodico en los phaenomena de arato<\/strong>\u00ab<\/h3>\n<ul>\n<li><strong>T\u00edtulo de la tesis:<\/strong>\u00a0 El hipotexto hesiodico en los phaenomena de arato <\/li>\n<li><strong>Autor:<\/strong>\u00a0  Gallego Real \u00e1ngel Luis <\/li>\n<li><strong>Universidad:<\/strong>\u00a0 Extremadura<\/li>\n<li><strong>Fecha de lectura de la tesis:<\/strong>\u00a0 13\/06\/2003<\/li>\n<\/ul>\n<p>&nbsp;<\/p>\n<h3>Direcci\u00f3n y tribunal<\/h3>\n<ul>\n<li><strong>Director de la tesis<\/strong>\n<ul>\n<li> Fern\u00e1ndez Delgado Jos\u00e9 Antonio<\/li>\n<\/ul>\n<\/li>\n<li><strong>Tribunal<\/strong>\n<ul>\n<li>Presidente del tribunal: maximo Brioso sanchez <\/li>\n<li>francesc Cuartero iborra (vocal)<\/li>\n<li>Jos\u00e9 Vara donado (vocal)<\/li>\n<li>esteban Calder\u00f3n dorda (vocal)<\/li>\n<\/ul>\n<\/li>\n<\/ul>\n<p>&nbsp;<\/p>\n","protected":false},"excerpt":{"rendered":"<p>Tesis doctoral de Gallego Real \u00e1ngel Luis Esta tesis procura desde una perspectiva intertextual un an\u00e1lisis sistematizado de la influencia [&hellip;]<\/p>\n","protected":false},"author":1,"featured_media":0,"comment_status":"open","ping_status":"open","sticky":false,"template":"","format":"standard","meta":{"site-sidebar-layout":"default","site-content-layout":"","ast-site-content-layout":"","site-content-style":"default","site-sidebar-style":"default","ast-global-header-display":"","ast-banner-title-visibility":"","ast-main-header-display":"","ast-hfb-above-header-display":"","ast-hfb-below-header-display":"","ast-hfb-mobile-header-display":"","site-post-title":"","ast-breadcrumbs-content":"","ast-featured-img":"","footer-sml-layout":"","theme-transparent-header-meta":"","adv-header-id-meta":"","stick-header-meta":"","header-above-stick-meta":"","header-main-stick-meta":"","header-below-stick-meta":"","astra-migrate-meta-layouts":"default","ast-page-background-enabled":"default","ast-page-background-meta":{"desktop":{"background-color":"var(--ast-global-color-4)","background-image":"","background-repeat":"repeat","background-position":"center center","background-size":"auto","background-attachment":"scroll","background-type":"","background-media":"","overlay-type":"","overlay-color":"","overlay-gradient":""},"tablet":{"background-color":"","background-image":"","background-repeat":"repeat","background-position":"center center","background-size":"auto","background-attachment":"scroll","background-type":"","background-media":"","overlay-type":"","overlay-color":"","overlay-gradient":""},"mobile":{"background-color":"","background-image":"","background-repeat":"repeat","background-position":"center center","background-size":"auto","background-attachment":"scroll","background-type":"","background-media":"","overlay-type":"","overlay-color":"","overlay-gradient":""}},"ast-content-background-meta":{"desktop":{"background-color":"var(--ast-global-color-5)","background-image":"","background-repeat":"repeat","background-position":"center center","background-size":"auto","background-attachment":"scroll","background-type":"","background-media":"","overlay-type":"","overlay-color":"","overlay-gradient":""},"tablet":{"background-color":"var(--ast-global-color-5)","background-image":"","background-repeat":"repeat","background-position":"center center","background-size":"auto","background-attachment":"scroll","background-type":"","background-media":"","overlay-type":"","overlay-color":"","overlay-gradient":""},"mobile":{"background-color":"var(--ast-global-color-5)","background-image":"","background-repeat":"repeat","background-position":"center center","background-size":"auto","background-attachment":"scroll","background-type":"","background-media":"","overlay-type":"","overlay-color":"","overlay-gradient":""}},"footnotes":""},"categories":[148,147,2965,3925,949,59,62,628],"tags":[21516,9676,20036,69638,52858,20581],"class_list":["post-23502","post","type-post","status-publish","format-standard","hentry","category-analisis-literario","category-ciencias-de-las-artes-y-las-letras","category-estilo-y-estetica-literarios","category-estilo-y-retorica","category-extremadura","category-linguistica","category-linguistica-sincronica","category-teoria-analisis-y-critica-literarios","tag-esteban-calderon-dorda","tag-fernandez-delgado-jose-antonio","tag-francesc-cuartero-iborra","tag-gallego-real-angel-luis","tag-jose-vara-donado","tag-maximo-brioso-sanchez"],"_links":{"self":[{"href":"https:\/\/www.deberes.net\/tesis\/wp-json\/wp\/v2\/posts\/23502","targetHints":{"allow":["GET"]}}],"collection":[{"href":"https:\/\/www.deberes.net\/tesis\/wp-json\/wp\/v2\/posts"}],"about":[{"href":"https:\/\/www.deberes.net\/tesis\/wp-json\/wp\/v2\/types\/post"}],"author":[{"embeddable":true,"href":"https:\/\/www.deberes.net\/tesis\/wp-json\/wp\/v2\/users\/1"}],"replies":[{"embeddable":true,"href":"https:\/\/www.deberes.net\/tesis\/wp-json\/wp\/v2\/comments?post=23502"}],"version-history":[{"count":0,"href":"https:\/\/www.deberes.net\/tesis\/wp-json\/wp\/v2\/posts\/23502\/revisions"}],"wp:attachment":[{"href":"https:\/\/www.deberes.net\/tesis\/wp-json\/wp\/v2\/media?parent=23502"}],"wp:term":[{"taxonomy":"category","embeddable":true,"href":"https:\/\/www.deberes.net\/tesis\/wp-json\/wp\/v2\/categories?post=23502"},{"taxonomy":"post_tag","embeddable":true,"href":"https:\/\/www.deberes.net\/tesis\/wp-json\/wp\/v2\/tags?post=23502"}],"curies":[{"name":"wp","href":"https:\/\/api.w.org\/{rel}","templated":true}]}}