{"id":23511,"date":"2018-03-09T09:14:06","date_gmt":"2018-03-09T09:14:06","guid":{"rendered":"https:\/\/www.deberes.net\/tesis\/sin-categoria\/borges-y-el-nazismo-sur-1937-1946\/"},"modified":"2018-03-09T09:14:06","modified_gmt":"2018-03-09T09:14:06","slug":"borges-y-el-nazismo-sur-1937-1946","status":"publish","type":"post","link":"https:\/\/www.deberes.net\/tesis\/ciencias-de-las-artes-y-las-letras\/borges-y-el-nazismo-sur-1937-1946\/","title":{"rendered":"Borges y el nazismo: sur (1937-1946)"},"content":{"rendered":"<h2>Tesis doctoral de <strong> Antonio G\u00f3mez L\u00f3pez-qui\u00f1ones <\/strong><\/h2>\n<p>La revista sur constituy\u00f3 un centro cultural de oposici\u00f3n a una \u00e9lite german\u00f3fila que percibi\u00f3 el tercer reich como un modelo cultural y pol\u00edtico para argentina. Los tres n\u00fameros especiales que esta revista le dedic\u00f3 a la segunda guerra mundial crearon una l\u00ednea editorial a la que borges se sum\u00f3 con varios art\u00edculos. A este escritor le preocup\u00f3 el engranaje ret\u00f3rico-discursivo de un r\u00e9gimen maximalista y esencialista. Borges se opuso a la m\u00edstica de la patria, a la consagraci\u00f3n de unos valores como los \u00abestrictamente argentinas\u00bb y a la aplicaci\u00f3n de criterios \u00e9tnicos por parte de las autoridades inmigratorias de su pais. Estos art\u00edculos tienen su colof\u00f3n con el cuento \u00abdeutsches requiem\u00bb, en el que se sientan las bases para una \u00e9tica de la interpretaci\u00f3n del holocausto asentada en la no sacralizaci\u00f3n del mismo y en un esfuerzo continuado por entender sus claves hist\u00f3ricas.<\/p>\n<p>&nbsp;<\/p>\n<h3>Datos acad\u00e9micos de la tesis doctoral \u00ab<strong>Borges y el nazismo: sur (1937-1946)<\/strong>\u00ab<\/h3>\n<ul>\n<li><strong>T\u00edtulo de la tesis:<\/strong>\u00a0 Borges y el nazismo: sur (1937-1946) <\/li>\n<li><strong>Autor:<\/strong>\u00a0 Antonio G\u00f3mez L\u00f3pez-qui\u00f1ones <\/li>\n<li><strong>Universidad:<\/strong>\u00a0 Granada<\/li>\n<li><strong>Fecha de lectura de la tesis:<\/strong>\u00a0 13\/06\/2003<\/li>\n<\/ul>\n<p>&nbsp;<\/p>\n<h3>Direcci\u00f3n y tribunal<\/h3>\n<ul>\n<li><strong>Director de la tesis<\/strong>\n<ul>\n<li>Angel Esteban Porras Del Campo<\/li>\n<\/ul>\n<\/li>\n<li><strong>Tribunal<\/strong>\n<ul>\n<li>Presidente del tribunal: Juan  Carlos Rodr\u00edguez g\u00f3mez <\/li>\n<li>Juan Arana ca\u00f1edo-arg\u00ed\u00bcelles (vocal)<\/li>\n<li>Juan  cristobal Gay armenteros (vocal)<\/li>\n<li> Caballero wang\u00ed\u00bcemert Mar\u00eda milagros (vocal)<\/li>\n<\/ul>\n<\/li>\n<\/ul>\n<p>&nbsp;<\/p>\n","protected":false},"excerpt":{"rendered":"<p>Tesis doctoral de Antonio G\u00f3mez L\u00f3pez-qui\u00f1ones La revista sur constituy\u00f3 un centro cultural de oposici\u00f3n a una \u00e9lite german\u00f3fila que [&hellip;]<\/p>\n","protected":false},"author":1,"featured_media":0,"comment_status":"open","ping_status":"open","sticky":false,"template":"","format":"standard","meta":{"site-sidebar-layout":"default","site-content-layout":"","ast-site-content-layout":"","site-content-style":"default","site-sidebar-style":"default","ast-global-header-display":"","ast-banner-title-visibility":"","ast-main-header-display":"","ast-hfb-above-header-display":"","ast-hfb-below-header-display":"","ast-hfb-mobile-header-display":"","site-post-title":"","ast-breadcrumbs-content":"","ast-featured-img":"","footer-sml-layout":"","theme-transparent-header-meta":"","adv-header-id-meta":"","stick-header-meta":"","header-above-stick-meta":"","header-main-stick-meta":"","header-below-stick-meta":"","astra-migrate-meta-layouts":"default","ast-page-background-enabled":"default","ast-page-background-meta":{"desktop":{"background-color":"var(--ast-global-color-4)","background-image":"","background-repeat":"repeat","background-position":"center center","background-size":"auto","background-attachment":"scroll","background-type":"","background-media":"","overlay-type":"","overlay-color":"","overlay-gradient":""},"tablet":{"background-color":"","background-image":"","background-repeat":"repeat","background-position":"center center","background-size":"auto","background-attachment":"scroll","background-type":"","background-media":"","overlay-type":"","overlay-color":"","overlay-gradient":""},"mobile":{"background-color":"","background-image":"","background-repeat":"repeat","background-position":"center center","background-size":"auto","background-attachment":"scroll","background-type":"","background-media":"","overlay-type":"","overlay-color":"","overlay-gradient":""}},"ast-content-background-meta":{"desktop":{"background-color":"var(--ast-global-color-5)","background-image":"","background-repeat":"repeat","background-position":"center center","background-size":"auto","background-attachment":"scroll","background-type":"","background-media":"","overlay-type":"","overlay-color":"","overlay-gradient":""},"tablet":{"background-color":"var(--ast-global-color-5)","background-image":"","background-repeat":"repeat","background-position":"center center","background-size":"auto","background-attachment":"scroll","background-type":"","background-media":"","overlay-type":"","overlay-color":"","overlay-gradient":""},"mobile":{"background-color":"var(--ast-global-color-5)","background-image":"","background-repeat":"repeat","background-position":"center center","background-size":"auto","background-attachment":"scroll","background-type":"","background-media":"","overlay-type":"","overlay-color":"","overlay-gradient":""}},"footnotes":""},"categories":[148,147,628],"tags":[22224,69663,69664,18061,22294,3544],"class_list":["post-23511","post","type-post","status-publish","format-standard","hentry","category-analisis-literario","category-ciencias-de-las-artes-y-las-letras","category-teoria-analisis-y-critica-literarios","tag-angel-esteban-porras-del-campo","tag-antonio-gomez-lopez-quinones","tag-caballero-wangiemert-maria-milagros","tag-juan-arana-canedo-argielles","tag-juan-carlos-rodriguez-gomez","tag-juan-cristobal-gay-armenteros"],"_links":{"self":[{"href":"https:\/\/www.deberes.net\/tesis\/wp-json\/wp\/v2\/posts\/23511","targetHints":{"allow":["GET"]}}],"collection":[{"href":"https:\/\/www.deberes.net\/tesis\/wp-json\/wp\/v2\/posts"}],"about":[{"href":"https:\/\/www.deberes.net\/tesis\/wp-json\/wp\/v2\/types\/post"}],"author":[{"embeddable":true,"href":"https:\/\/www.deberes.net\/tesis\/wp-json\/wp\/v2\/users\/1"}],"replies":[{"embeddable":true,"href":"https:\/\/www.deberes.net\/tesis\/wp-json\/wp\/v2\/comments?post=23511"}],"version-history":[{"count":0,"href":"https:\/\/www.deberes.net\/tesis\/wp-json\/wp\/v2\/posts\/23511\/revisions"}],"wp:attachment":[{"href":"https:\/\/www.deberes.net\/tesis\/wp-json\/wp\/v2\/media?parent=23511"}],"wp:term":[{"taxonomy":"category","embeddable":true,"href":"https:\/\/www.deberes.net\/tesis\/wp-json\/wp\/v2\/categories?post=23511"},{"taxonomy":"post_tag","embeddable":true,"href":"https:\/\/www.deberes.net\/tesis\/wp-json\/wp\/v2\/tags?post=23511"}],"curies":[{"name":"wp","href":"https:\/\/api.w.org\/{rel}","templated":true}]}}