{"id":23576,"date":"2018-03-09T09:14:12","date_gmt":"2018-03-09T09:14:12","guid":{"rendered":"https:\/\/www.deberes.net\/tesis\/sin-categoria\/ansia-por-la-comida-y-trastornos-de-la-conducta-alimentaria\/"},"modified":"2018-03-09T09:14:12","modified_gmt":"2018-03-09T09:14:12","slug":"ansia-por-la-comida-y-trastornos-de-la-conducta-alimentaria","status":"publish","type":"post","link":"https:\/\/www.deberes.net\/tesis\/sin-categoria\/ansia-por-la-comida-y-trastornos-de-la-conducta-alimentaria\/","title":{"rendered":"Ansia por la comida y trastornos de la conducta alimentaria"},"content":{"rendered":"<h2>Tesis doctoral de <strong> Silvia Moreno Dom\u00ednguez <\/strong><\/h2>\n<p>La presente tesis se plante\u00f3 con el objetivo de validar los cuestionarios foos craving questionnaire.Trait (fcq-t) y food craving questionnaire-state (fcq-s), por primera vez, en poblaci\u00f3n cl\u00ednica afectada de trastornos de la conducta alimentaria (tca). Se realizaron dos estudios experimentales.  el objetivo del primer estudio fue confirmar las propiedades psicom\u00e9tricas de los cuestionarios fcq-t y fcq-s en una muestra cl\u00ednica, as\u00ed como determinar la validez de la medida de rasgo fcq-t para diferenciar entre los distintos tipos y subtipos de tca. Los resultados confirmaron las propiedades psicom\u00e9tricas de ambos instrumentos y validaron la versi\u00f3n de rasgo fcq-t como un cuestionario capaz de diferenciar entre anorexia nerviosa y bulimina nerviosa.  los objetivos del segundo estudio fueron, por un lado, validar la capacidad de la medida de estado fcq-s para medir el ansia por la comida en una situaci\u00f3n de privaci\u00f3n de alimentos, por otro lado, estudiar la relaci\u00f3n existente entre el ansia por la comida y los estados de \u00e1nimo y la ansiedad. Los resultados confirmaron que el cuestionario fcq-s es un instrumento sensible para medir cambios en el ansia por la comida como estado motivacional. igualmente qued\u00f3 demostrada la importancia del estado de \u00e1nimo como variables reguladora de la conducta alimentaria.<\/p>\n<p>&nbsp;<\/p>\n<h3>Datos acad\u00e9micos de la tesis doctoral \u00ab<strong>Ansia por la comida y trastornos de la conducta alimentaria<\/strong>\u00ab<\/h3>\n<ul>\n<li><strong>T\u00edtulo de la tesis:<\/strong>\u00a0 Ansia por la comida y trastornos de la conducta alimentaria <\/li>\n<li><strong>Autor:<\/strong>\u00a0 Silvia Moreno Dom\u00ednguez <\/li>\n<li><strong>Universidad:<\/strong>\u00a0 Granada<\/li>\n<li><strong>Fecha de lectura de la tesis:<\/strong>\u00a0 16\/06\/2003<\/li>\n<\/ul>\n<p>&nbsp;<\/p>\n<h3>Direcci\u00f3n y tribunal<\/h3>\n<ul>\n<li><strong>Director de la tesis<\/strong>\n<ul>\n<li>santaella Santiago M. Carmen Fern\u00e1ndez<\/li>\n<\/ul>\n<\/li>\n<li><strong>Tribunal<\/strong>\n<ul>\n<li>Presidente del tribunal: Juan Godoy Garc\u00eda <\/li>\n<li>Mar\u00eda del carmen Salda\u00f1a garcia (vocal)<\/li>\n<li>gonzalo Morande lavin (vocal)<\/li>\n<li>carmen R\u00edo s\u00e1nchez (vocal)<\/li>\n<\/ul>\n<\/li>\n<\/ul>\n<p>&nbsp;<\/p>\n","protected":false},"excerpt":{"rendered":"<p>Tesis doctoral de Silvia Moreno Dom\u00ednguez La presente tesis se plante\u00f3 con el objetivo de validar los cuestionarios foos craving [&hellip;]<\/p>\n","protected":false},"author":1,"featured_media":0,"comment_status":"open","ping_status":"open","sticky":false,"template":"","format":"standard","meta":{"site-sidebar-layout":"default","site-content-layout":"","ast-site-content-layout":"","site-content-style":"default","site-sidebar-style":"default","ast-global-header-display":"","ast-banner-title-visibility":"","ast-main-header-display":"","ast-hfb-above-header-display":"","ast-hfb-below-header-display":"","ast-hfb-mobile-header-display":"","site-post-title":"","ast-breadcrumbs-content":"","ast-featured-img":"","footer-sml-layout":"","theme-transparent-header-meta":"","adv-header-id-meta":"","stick-header-meta":"","header-above-stick-meta":"","header-main-stick-meta":"","header-below-stick-meta":"","astra-migrate-meta-layouts":"default","ast-page-background-enabled":"default","ast-page-background-meta":{"desktop":{"background-color":"var(--ast-global-color-4)","background-image":"","background-repeat":"repeat","background-position":"center center","background-size":"auto","background-attachment":"scroll","background-type":"","background-media":"","overlay-type":"","overlay-color":"","overlay-gradient":""},"tablet":{"background-color":"","background-image":"","background-repeat":"repeat","background-position":"center center","background-size":"auto","background-attachment":"scroll","background-type":"","background-media":"","overlay-type":"","overlay-color":"","overlay-gradient":""},"mobile":{"background-color":"","background-image":"","background-repeat":"repeat","background-position":"center center","background-size":"auto","background-attachment":"scroll","background-type":"","background-media":"","overlay-type":"","overlay-color":"","overlay-gradient":""}},"ast-content-background-meta":{"desktop":{"background-color":"var(--ast-global-color-5)","background-image":"","background-repeat":"repeat","background-position":"center center","background-size":"auto","background-attachment":"scroll","background-type":"","background-media":"","overlay-type":"","overlay-color":"","overlay-gradient":""},"tablet":{"background-color":"var(--ast-global-color-5)","background-image":"","background-repeat":"repeat","background-position":"center center","background-size":"auto","background-attachment":"scroll","background-type":"","background-media":"","overlay-type":"","overlay-color":"","overlay-gradient":""},"mobile":{"background-color":"var(--ast-global-color-5)","background-image":"","background-repeat":"repeat","background-position":"center center","background-size":"auto","background-attachment":"scroll","background-type":"","background-media":"","overlay-type":"","overlay-color":"","overlay-gradient":""}},"footnotes":""},"categories":[1],"tags":[69825,50736,15527,1178,69824,69823],"class_list":["post-23576","post","type-post","status-publish","format-standard","hentry","category-sin-categoria","tag-carmen-rio-sanchez","tag-gonzalo-morande-lavin","tag-juan-godoy-garcia","tag-maria-del-carmen-saldana-garcia","tag-santaella-santiago-m-carmen-fernandez","tag-silvia-moreno-dominguez"],"_links":{"self":[{"href":"https:\/\/www.deberes.net\/tesis\/wp-json\/wp\/v2\/posts\/23576","targetHints":{"allow":["GET"]}}],"collection":[{"href":"https:\/\/www.deberes.net\/tesis\/wp-json\/wp\/v2\/posts"}],"about":[{"href":"https:\/\/www.deberes.net\/tesis\/wp-json\/wp\/v2\/types\/post"}],"author":[{"embeddable":true,"href":"https:\/\/www.deberes.net\/tesis\/wp-json\/wp\/v2\/users\/1"}],"replies":[{"embeddable":true,"href":"https:\/\/www.deberes.net\/tesis\/wp-json\/wp\/v2\/comments?post=23576"}],"version-history":[{"count":0,"href":"https:\/\/www.deberes.net\/tesis\/wp-json\/wp\/v2\/posts\/23576\/revisions"}],"wp:attachment":[{"href":"https:\/\/www.deberes.net\/tesis\/wp-json\/wp\/v2\/media?parent=23576"}],"wp:term":[{"taxonomy":"category","embeddable":true,"href":"https:\/\/www.deberes.net\/tesis\/wp-json\/wp\/v2\/categories?post=23576"},{"taxonomy":"post_tag","embeddable":true,"href":"https:\/\/www.deberes.net\/tesis\/wp-json\/wp\/v2\/tags?post=23576"}],"curies":[{"name":"wp","href":"https:\/\/api.w.org\/{rel}","templated":true}]}}