{"id":2358,"date":"1994-01-01T00:00:00","date_gmt":"1994-01-01T00:00:00","guid":{"rendered":"https:\/\/www.deberes.net\/tesis\/1994\/01\/01\/estructura-y-antecedentes-del-significado-del-trabajo\/"},"modified":"1994-01-01T00:00:00","modified_gmt":"1994-01-01T00:00:00","slug":"estructura-y-antecedentes-del-significado-del-trabajo","status":"publish","type":"post","link":"https:\/\/www.deberes.net\/tesis\/psicologia\/estructura-y-antecedentes-del-significado-del-trabajo\/","title":{"rendered":"Estructura y antecedentes del significado del trabajo"},"content":{"rendered":"<h2>Tesis doctoral de <strong>  Diaz Vilela Luis Fernando <\/strong><\/h2>\n<p>A partir de un modelo interactivo explicativo del desarrollo y estructuracion de las variables que conforman el multidominio \u00absignificado del trabajo\u00bb, esta tesis se propone explorar y contrastar las relaciones que este predice, con una muestra de 879 sujetos seleccionados al azar entre la poblacion de la isla de tenerife, a los que se les aplico una adaptacion al castellano de un cuestionario desarrollado para comprobar el modelo. Los resultados descriptivos se compararon con los obtenidos en otros paises, encontrandose bastante similitud en los perfiles generales, aunque en esta muestra concreta, los aspectos economicos relacionados con el trabajo parecen tener mas importancia que para el resto. Tambien los analisis factoriales resultaron en dimensiones comparables a las encontradas para otras muestras. Finalmente, los analisis de diferencias de perfiles por grupos de casos a partir de las variables condicionales del modelo permitieron comprobar la mayoria de las hipotesis planteadas.  la discusion de los resultados relaciona e integra estos con la teoria existente, y se proponen algunas modificaciones al modelo original, como la inclusion de variables relacionadas con la situacion economica del individuo y del contexto.  asimismo, se proponen algunas modificaciones metodologicas al instrumento de medida con el fin de mejorar sus caracteristicas psicometricas.<\/p>\n<p>&nbsp;<\/p>\n<h3>Datos acad\u00e9micos de la tesis doctoral \u00ab<strong>Estructura y antecedentes del significado del trabajo<\/strong>\u00ab<\/h3>\n<ul>\n<li><strong>T\u00edtulo de la tesis:<\/strong>\u00a0 Estructura y antecedentes del significado del trabajo <\/li>\n<li><strong>Autor:<\/strong>\u00a0  Diaz Vilela Luis Fernando <\/li>\n<li><strong>Universidad:<\/strong>\u00a0 La laguna<\/li>\n<li><strong>Fecha de lectura de la tesis:<\/strong>\u00a0 01\/01\/1994<\/li>\n<\/ul>\n<p>&nbsp;<\/p>\n<h3>Direcci\u00f3n y tribunal<\/h3>\n<ul>\n<li><strong>Director de la tesis<\/strong>\n<ul>\n<li> Perez Quintana Felix Ramon<\/li>\n<\/ul>\n<\/li>\n<li><strong>Tribunal<\/strong>\n<ul>\n<li>Presidente del tribunal: Armando Rodriguez Perez <\/li>\n<li>Francisco Fuertes Martinez (vocal)<\/li>\n<li>Jos\u00e9 Mar\u00eda Peir\u00f3 Silla (vocal)<\/li>\n<li>Rie Claes (vocal)<\/li>\n<\/ul>\n<\/li>\n<\/ul>\n<p>&nbsp;<\/p>\n","protected":false},"excerpt":{"rendered":"<p>Tesis doctoral de Diaz Vilela Luis Fernando A partir de un modelo interactivo explicativo del desarrollo y estructuracion de las [&hellip;]<\/p>\n","protected":false},"author":1,"featured_media":0,"comment_status":"open","ping_status":"open","sticky":false,"template":"","format":"standard","meta":{"site-sidebar-layout":"default","site-content-layout":"","ast-site-content-layout":"","site-content-style":"default","site-sidebar-style":"default","ast-global-header-display":"","ast-banner-title-visibility":"","ast-main-header-display":"","ast-hfb-above-header-display":"","ast-hfb-below-header-display":"","ast-hfb-mobile-header-display":"","site-post-title":"","ast-breadcrumbs-content":"","ast-featured-img":"","footer-sml-layout":"","theme-transparent-header-meta":"","adv-header-id-meta":"","stick-header-meta":"","header-above-stick-meta":"","header-main-stick-meta":"","header-below-stick-meta":"","astra-migrate-meta-layouts":"default","ast-page-background-enabled":"default","ast-page-background-meta":{"desktop":{"background-color":"var(--ast-global-color-4)","background-image":"","background-repeat":"repeat","background-position":"center center","background-size":"auto","background-attachment":"scroll","background-type":"","background-media":"","overlay-type":"","overlay-color":"","overlay-gradient":""},"tablet":{"background-color":"","background-image":"","background-repeat":"repeat","background-position":"center center","background-size":"auto","background-attachment":"scroll","background-type":"","background-media":"","overlay-type":"","overlay-color":"","overlay-gradient":""},"mobile":{"background-color":"","background-image":"","background-repeat":"repeat","background-position":"center center","background-size":"auto","background-attachment":"scroll","background-type":"","background-media":"","overlay-type":"","overlay-color":"","overlay-gradient":""}},"ast-content-background-meta":{"desktop":{"background-color":"var(--ast-global-color-5)","background-image":"","background-repeat":"repeat","background-position":"center center","background-size":"auto","background-attachment":"scroll","background-type":"","background-media":"","overlay-type":"","overlay-color":"","overlay-gradient":""},"tablet":{"background-color":"var(--ast-global-color-5)","background-image":"","background-repeat":"repeat","background-position":"center center","background-size":"auto","background-attachment":"scroll","background-type":"","background-media":"","overlay-type":"","overlay-color":"","overlay-gradient":""},"mobile":{"background-color":"var(--ast-global-color-5)","background-image":"","background-repeat":"repeat","background-position":"center center","background-size":"auto","background-attachment":"scroll","background-type":"","background-media":"","overlay-type":"","overlay-color":"","overlay-gradient":""}},"footnotes":""},"categories":[7757,9915,7125,324,7126,996],"tags":[7232,10048,10050,7129,10049,10051],"class_list":["post-2358","post","type-post","status-publish","format-standard","hentry","category-actitudes-sociales","category-la-laguna","category-motivacion-laboral-y-actitudes","category-psicologia","category-psicologia-industrial","category-psicologia-social","tag-armando-rodriguez-perez","tag-diaz-vilela-luis-fernando","tag-francisco-fuertes-Martinez","tag-jose-maria-peiro-silla","tag-perez-quintana-felix-ramon","tag-rie-claes"],"_links":{"self":[{"href":"https:\/\/www.deberes.net\/tesis\/wp-json\/wp\/v2\/posts\/2358","targetHints":{"allow":["GET"]}}],"collection":[{"href":"https:\/\/www.deberes.net\/tesis\/wp-json\/wp\/v2\/posts"}],"about":[{"href":"https:\/\/www.deberes.net\/tesis\/wp-json\/wp\/v2\/types\/post"}],"author":[{"embeddable":true,"href":"https:\/\/www.deberes.net\/tesis\/wp-json\/wp\/v2\/users\/1"}],"replies":[{"embeddable":true,"href":"https:\/\/www.deberes.net\/tesis\/wp-json\/wp\/v2\/comments?post=2358"}],"version-history":[{"count":0,"href":"https:\/\/www.deberes.net\/tesis\/wp-json\/wp\/v2\/posts\/2358\/revisions"}],"wp:attachment":[{"href":"https:\/\/www.deberes.net\/tesis\/wp-json\/wp\/v2\/media?parent=2358"}],"wp:term":[{"taxonomy":"category","embeddable":true,"href":"https:\/\/www.deberes.net\/tesis\/wp-json\/wp\/v2\/categories?post=2358"},{"taxonomy":"post_tag","embeddable":true,"href":"https:\/\/www.deberes.net\/tesis\/wp-json\/wp\/v2\/tags?post=2358"}],"curies":[{"name":"wp","href":"https:\/\/api.w.org\/{rel}","templated":true}]}}