{"id":23599,"date":"2018-03-09T09:14:13","date_gmt":"2018-03-09T09:14:13","guid":{"rendered":"https:\/\/www.deberes.net\/tesis\/sin-categoria\/la-actio-en-la-retorica-estudio-historico-de-su-tratamiento-teorico\/"},"modified":"2018-03-09T09:14:13","modified_gmt":"2018-03-09T09:14:13","slug":"la-actio-en-la-retorica-estudio-historico-de-su-tratamiento-teorico","status":"publish","type":"post","link":"https:\/\/www.deberes.net\/tesis\/rioja\/la-actio-en-la-retorica-estudio-historico-de-su-tratamiento-teorico\/","title":{"rendered":"La actio en la ret\u00f3rica. estudio hist\u00f3rico de su tratamiento te\u00f3rico"},"content":{"rendered":"<h2>Tesis doctoral de <strong>  D\u00edez Coronado M. \u00e1ngeles <\/strong><\/h2>\n<p>La ret\u00f3rica entendida como la disciplina que ense\u00f1a a elaborar y representar discursos persuasivos cuenta con un bagaje te\u00f3rico que se remonta hasta el siglo iv a.C. En los primeros manuales que se nos han conservado la teor\u00eda sobre la creaci\u00f3n de un discurso se ve\u00eda complementada por unas indicaciones sobre la manera de materializar los escrito, \u00e9sas se aglutinaron bajo la denominaci\u00f3n de actio. La actio se erigi\u00f3 con el papel de parte quinta de la ret\u00f3rica y su funci\u00f3n dentro del sistema ret\u00f3rico fue la de ense\u00f1ar a utilizar la voz y los gestos como medio para transmitir informaci\u00f3n. la forma en que esas normas, en algunos casos, y consejos, en otras, se transmiten desde los primeros manuales hasta llegar a nuestra \u00e9poca es elm otivo de esta tesis.  en los primero siglos se fueron sistematizando unas normas sobre el uso de la voz y de los gestos dentro de las obras de ret\u00f3rica, y a partir del siglo ii d.C., Comenz\u00f3 su fortuna, pero ya no s\u00f3lo en los manuales de ret\u00f3rica, sino en los de toallas aquellas disciplinas que absorbieron parte de la preceptiva propia de la ret\u00f3rica. Comenz\u00f3 su peregrinaje condicionado por circunstancias sociales, educativas y culturales por los tratados de ret\u00f3rica dirigidos a los estudiantes de los distintos niveles de ense\u00f1anza (artes rhetoricae), por los manuales de gram\u00e1tica (artes grammaticae), por los que ense\u00f1aban a los predicadores (artes praedicandi), por los tratados de po\u00e9tica (artes poetriae) y, tambi\u00e9n, por aquellos tratados que serv\u00edan para la formaci\u00f3n de pol\u00edticos y actores. Y as\u00ed hasta llegar al siglo xxi, donde, con aires renvoados, se impone sensiblemente matizada en una sociedad de medios electr\u00f3nicos y audiovisuales bajo la denominaci\u00f3n de \u00abcomunicaci\u00f3n oral\u00bb.<\/p>\n<p>&nbsp;<\/p>\n<h3>Datos acad\u00e9micos de la tesis doctoral \u00ab<strong>La actio en la ret\u00f3rica. estudio hist\u00f3rico de su tratamiento te\u00f3rico<\/strong>\u00ab<\/h3>\n<ul>\n<li><strong>T\u00edtulo de la tesis:<\/strong>\u00a0 La actio en la ret\u00f3rica. estudio hist\u00f3rico de su tratamiento te\u00f3rico <\/li>\n<li><strong>Autor:<\/strong>\u00a0  D\u00edez Coronado M. \u00e1ngeles <\/li>\n<li><strong>Universidad:<\/strong>\u00a0 Rioja<\/li>\n<li><strong>Fecha de lectura de la tesis:<\/strong>\u00a0 16\/06\/2003<\/li>\n<\/ul>\n<p>&nbsp;<\/p>\n<h3>Direcci\u00f3n y tribunal<\/h3>\n<ul>\n<li><strong>Director de la tesis<\/strong>\n<ul>\n<li> R\u00edo Sanz Emilio Del<\/li>\n<\/ul>\n<\/li>\n<li><strong>Tribunal<\/strong>\n<ul>\n<li>Presidente del tribunal: Antonio Font\u00e1n p\u00e9rez <\/li>\n<li>tomas Albaladejo mayordomo (vocal)<\/li>\n<li> Iso echegoyen Jos\u00e9 Javier (vocal)<\/li>\n<li> Caballero l\u00f3pez Jos\u00e9 Antonio (vocal)<\/li>\n<\/ul>\n<\/li>\n<\/ul>\n<p>&nbsp;<\/p>\n","protected":false},"excerpt":{"rendered":"<p>Tesis doctoral de D\u00edez Coronado M. \u00e1ngeles La ret\u00f3rica entendida como la disciplina que ense\u00f1a a elaborar y representar discursos [&hellip;]<\/p>\n","protected":false},"author":1,"featured_media":0,"comment_status":"open","ping_status":"open","sticky":false,"template":"","format":"standard","meta":{"site-sidebar-layout":"default","site-content-layout":"","ast-site-content-layout":"","site-content-style":"default","site-sidebar-style":"default","ast-global-header-display":"","ast-banner-title-visibility":"","ast-main-header-display":"","ast-hfb-above-header-display":"","ast-hfb-below-header-display":"","ast-hfb-mobile-header-display":"","site-post-title":"","ast-breadcrumbs-content":"","ast-featured-img":"","footer-sml-layout":"","theme-transparent-header-meta":"","adv-header-id-meta":"","stick-header-meta":"","header-above-stick-meta":"","header-main-stick-meta":"","header-below-stick-meta":"","astra-migrate-meta-layouts":"default","ast-page-background-enabled":"default","ast-page-background-meta":{"desktop":{"background-color":"var(--ast-global-color-4)","background-image":"","background-repeat":"repeat","background-position":"center center","background-size":"auto","background-attachment":"scroll","background-type":"","background-media":"","overlay-type":"","overlay-color":"","overlay-gradient":""},"tablet":{"background-color":"","background-image":"","background-repeat":"repeat","background-position":"center center","background-size":"auto","background-attachment":"scroll","background-type":"","background-media":"","overlay-type":"","overlay-color":"","overlay-gradient":""},"mobile":{"background-color":"","background-image":"","background-repeat":"repeat","background-position":"center center","background-size":"auto","background-attachment":"scroll","background-type":"","background-media":"","overlay-type":"","overlay-color":"","overlay-gradient":""}},"ast-content-background-meta":{"desktop":{"background-color":"var(--ast-global-color-5)","background-image":"","background-repeat":"repeat","background-position":"center center","background-size":"auto","background-attachment":"scroll","background-type":"","background-media":"","overlay-type":"","overlay-color":"","overlay-gradient":""},"tablet":{"background-color":"var(--ast-global-color-5)","background-image":"","background-repeat":"repeat","background-position":"center center","background-size":"auto","background-attachment":"scroll","background-type":"","background-media":"","overlay-type":"","overlay-color":"","overlay-gradient":""},"mobile":{"background-color":"var(--ast-global-color-5)","background-image":"","background-repeat":"repeat","background-position":"center center","background-size":"auto","background-attachment":"scroll","background-type":"","background-media":"","overlay-type":"","overlay-color":"","overlay-gradient":""}},"footnotes":""},"categories":[18890],"tags":[4675,69873,69872,15456,55699,4759],"class_list":["post-23599","post","type-post","status-publish","format-standard","hentry","category-rioja","tag-antonio-fontan-perez","tag-caballero-lopez-jose-antonio","tag-diez-coronado-m-angeles","tag-iso-echegoyen-jose-javier","tag-rio-sanz-emilio-del","tag-tomas-albaladejo-mayordomo"],"_links":{"self":[{"href":"https:\/\/www.deberes.net\/tesis\/wp-json\/wp\/v2\/posts\/23599","targetHints":{"allow":["GET"]}}],"collection":[{"href":"https:\/\/www.deberes.net\/tesis\/wp-json\/wp\/v2\/posts"}],"about":[{"href":"https:\/\/www.deberes.net\/tesis\/wp-json\/wp\/v2\/types\/post"}],"author":[{"embeddable":true,"href":"https:\/\/www.deberes.net\/tesis\/wp-json\/wp\/v2\/users\/1"}],"replies":[{"embeddable":true,"href":"https:\/\/www.deberes.net\/tesis\/wp-json\/wp\/v2\/comments?post=23599"}],"version-history":[{"count":0,"href":"https:\/\/www.deberes.net\/tesis\/wp-json\/wp\/v2\/posts\/23599\/revisions"}],"wp:attachment":[{"href":"https:\/\/www.deberes.net\/tesis\/wp-json\/wp\/v2\/media?parent=23599"}],"wp:term":[{"taxonomy":"category","embeddable":true,"href":"https:\/\/www.deberes.net\/tesis\/wp-json\/wp\/v2\/categories?post=23599"},{"taxonomy":"post_tag","embeddable":true,"href":"https:\/\/www.deberes.net\/tesis\/wp-json\/wp\/v2\/tags?post=23599"}],"curies":[{"name":"wp","href":"https:\/\/api.w.org\/{rel}","templated":true}]}}