{"id":23606,"date":"2018-03-09T09:14:14","date_gmt":"2018-03-09T09:14:14","guid":{"rendered":"https:\/\/www.deberes.net\/tesis\/sin-categoria\/identidad-y-etica-la-constitucion-etica-del-si-mismo-en-la-filosofa%c2%ada-de-paul-ricoeur\/"},"modified":"2018-03-09T09:14:14","modified_gmt":"2018-03-09T09:14:14","slug":"identidad-y-etica-la-constitucion-etica-del-si-mismo-en-la-filosofa%c2%ada-de-paul-ricoeur","status":"publish","type":"post","link":"https:\/\/www.deberes.net\/tesis\/cadiz\/identidad-y-etica-la-constitucion-etica-del-si-mismo-en-la-filosofa%c2%ada-de-paul-ricoeur\/","title":{"rendered":"Identidad y \u00e9tica. la constituci\u00f3n \u00e9tica del \u00absi mismo\u00bb en la filosof\u00edade paul ricoeur"},"content":{"rendered":"<h2>Tesis doctoral de <strong>  Dianes Rubio Juan  Antonio <\/strong><\/h2>\n<p>\u00abidentidad y \u00e9tica\u00bb pretende ser una contribuci\u00f3n al problema del conocimiento y desarrollo en plenitud de s\u00ed mismo, es decir, al problema de la autorrealizaci\u00f3n y de la posesi\u00f3n plena de la propia identidad a partir de una voluntad que rige, integr\u00e1ndolas, las dem\u00e1s dimensiones del sujeto.  considera la dimensi\u00f3n \u00e9tica de la filosof\u00eda de ricoeur -a trav\u00e9s de las m\u00faltiples derivaciones- como una preocupaci\u00f3n constante y un motivo investigador a los largo de su obra que puede convertirse en hilo conductor de su producci\u00f3n y en funci\u00f3n rectora de las dem\u00e1s dimensiones del sujeto mediante una hermen\u00e9utica del \u00absoy yo\u00bb.  mantiene que todas las dimensiones de la identidad son esenciales y poseen entre ellas un equilibrio dial\u00e9ctico, sin embargo, la dimensi\u00f3n \u00e9tica sirve de gu\u00eda que ilumina el proyecto de \u00abvida buena\u00bb, con y para otros, hacia su plenitud y felicidad dentro de la convivencia social y pol\u00edtica.  \u00abidentidad y \u00e9tica\u00bb recorre las obras fundamentales de ricoeur desde lo voluntario y lo involutario hasta s\u00ed mismo como otro. Se han tenido tambi\u00e9n en cuenta obras posteriores del autor as\u00ed como obras de otros autores.  muestra c\u00f3mo la ontolog\u00eda, la hermen\u00e9utica fenomenol\u00f3gica y la antropolog\u00eda del ricoeur son integradas de una forma compleja y brillante en s\u00ed mismo como otro con una \u00e9tica que aparece a partir del estudio s\u00e9ptimo y que culmina en una ontolog\u00eda final. La teor\u00eda narrativa act\u00faa de eje entre la teor\u00eda de la acci\u00f3n y la teor\u00eda moral permitiendola posibilidad del paso de la descripci\u00f3n a la prescripci\u00f3n en el \u00e1mbito de la identidad y la \u00e9tica.  \u00abidentidad y \u00e9tica\u00bb intenta construir, en suma, una concepci\u00f3n de la identidad-ipse mediante un hilo conductor \u00e9tico que atraviesa los diferentes intereses investigadores de ricoeur a lo largo del tiempo imperando la puesta a su servicio posterior de estos motivos investigadores: la voluntad, los s\u00edmbolos, el inconsciente, el lenguaje,<\/p>\n<p>&nbsp;<\/p>\n<h3>Datos acad\u00e9micos de la tesis doctoral \u00ab<strong>Identidad y \u00e9tica. la constituci\u00f3n \u00e9tica del \u00absi mismo\u00bb en la filosof\u00edade paul ricoeur<\/strong>\u00ab<\/h3>\n<ul>\n<li><strong>T\u00edtulo de la tesis:<\/strong>\u00a0 Identidad y \u00e9tica. la constituci\u00f3n \u00e9tica del \u00absi mismo\u00bb en la filosof\u00edade paul ricoeur <\/li>\n<li><strong>Autor:<\/strong>\u00a0  Dianes Rubio Juan  Antonio <\/li>\n<li><strong>Universidad:<\/strong>\u00a0 C\u00e1diz<\/li>\n<li><strong>Fecha de lectura de la tesis:<\/strong>\u00a0 17\/06\/2003<\/li>\n<\/ul>\n<p>&nbsp;<\/p>\n<h3>Direcci\u00f3n y tribunal<\/h3>\n<ul>\n<li><strong>Director de la tesis<\/strong>\n<ul>\n<li>Mar\u00eda no Pe\u00f1alve Sim\u00f3<\/li>\n<\/ul>\n<\/li>\n<li><strong>Tribunal<\/strong>\n<ul>\n<li>Presidente del tribunal: pedro Cerezo galan <\/li>\n<li>xavier Etxeberria mauleon (vocal)<\/li>\n<li>Manuel Maceiras fafi\u00e1n (vocal)<\/li>\n<li>alfredo Martinez s\u00e1nchez (vocal)<\/li>\n<\/ul>\n<\/li>\n<\/ul>\n<p>&nbsp;<\/p>\n","protected":false},"excerpt":{"rendered":"<p>Tesis doctoral de Dianes Rubio Juan Antonio \u00abidentidad y \u00e9tica\u00bb pretende ser una contribuci\u00f3n al problema del conocimiento y desarrollo [&hellip;]<\/p>\n","protected":false},"author":1,"featured_media":0,"comment_status":"open","ping_status":"open","sticky":false,"template":"","format":"standard","meta":{"site-sidebar-layout":"default","site-content-layout":"","ast-site-content-layout":"","site-content-style":"default","site-sidebar-style":"default","ast-global-header-display":"","ast-banner-title-visibility":"","ast-main-header-display":"","ast-hfb-above-header-display":"","ast-hfb-below-header-display":"","ast-hfb-mobile-header-display":"","site-post-title":"","ast-breadcrumbs-content":"","ast-featured-img":"","footer-sml-layout":"","theme-transparent-header-meta":"","adv-header-id-meta":"","stick-header-meta":"","header-above-stick-meta":"","header-main-stick-meta":"","header-below-stick-meta":"","astra-migrate-meta-layouts":"default","ast-page-background-enabled":"default","ast-page-background-meta":{"desktop":{"background-color":"var(--ast-global-color-4)","background-image":"","background-repeat":"repeat","background-position":"center center","background-size":"auto","background-attachment":"scroll","background-type":"","background-media":"","overlay-type":"","overlay-color":"","overlay-gradient":""},"tablet":{"background-color":"","background-image":"","background-repeat":"repeat","background-position":"center center","background-size":"auto","background-attachment":"scroll","background-type":"","background-media":"","overlay-type":"","overlay-color":"","overlay-gradient":""},"mobile":{"background-color":"","background-image":"","background-repeat":"repeat","background-position":"center center","background-size":"auto","background-attachment":"scroll","background-type":"","background-media":"","overlay-type":"","overlay-color":"","overlay-gradient":""}},"ast-content-background-meta":{"desktop":{"background-color":"var(--ast-global-color-5)","background-image":"","background-repeat":"repeat","background-position":"center center","background-size":"auto","background-attachment":"scroll","background-type":"","background-media":"","overlay-type":"","overlay-color":"","overlay-gradient":""},"tablet":{"background-color":"var(--ast-global-color-5)","background-image":"","background-repeat":"repeat","background-position":"center center","background-size":"auto","background-attachment":"scroll","background-type":"","background-media":"","overlay-type":"","overlay-color":"","overlay-gradient":""},"mobile":{"background-color":"var(--ast-global-color-5)","background-image":"","background-repeat":"repeat","background-position":"center center","background-size":"auto","background-attachment":"scroll","background-type":"","background-media":"","overlay-type":"","overlay-color":"","overlay-gradient":""}},"footnotes":""},"categories":[1506,8646,8647,8649],"tags":[69895,69893,5345,69894,6431,62240],"class_list":["post-23606","post","type-post","status-publish","format-standard","hentry","category-cadiz","category-etica","category-etica-de-individuos","category-etica-filosofica","tag-alfredo-Martinez-sanchez","tag-dianes-rubio-juan-antonio","tag-manuel-maceiras-fafian","tag-maria-no-penalve-simo","tag-pedro-cerezo-galan","tag-xavier-etxeberria-mauleon"],"_links":{"self":[{"href":"https:\/\/www.deberes.net\/tesis\/wp-json\/wp\/v2\/posts\/23606","targetHints":{"allow":["GET"]}}],"collection":[{"href":"https:\/\/www.deberes.net\/tesis\/wp-json\/wp\/v2\/posts"}],"about":[{"href":"https:\/\/www.deberes.net\/tesis\/wp-json\/wp\/v2\/types\/post"}],"author":[{"embeddable":true,"href":"https:\/\/www.deberes.net\/tesis\/wp-json\/wp\/v2\/users\/1"}],"replies":[{"embeddable":true,"href":"https:\/\/www.deberes.net\/tesis\/wp-json\/wp\/v2\/comments?post=23606"}],"version-history":[{"count":0,"href":"https:\/\/www.deberes.net\/tesis\/wp-json\/wp\/v2\/posts\/23606\/revisions"}],"wp:attachment":[{"href":"https:\/\/www.deberes.net\/tesis\/wp-json\/wp\/v2\/media?parent=23606"}],"wp:term":[{"taxonomy":"category","embeddable":true,"href":"https:\/\/www.deberes.net\/tesis\/wp-json\/wp\/v2\/categories?post=23606"},{"taxonomy":"post_tag","embeddable":true,"href":"https:\/\/www.deberes.net\/tesis\/wp-json\/wp\/v2\/tags?post=23606"}],"curies":[{"name":"wp","href":"https:\/\/api.w.org\/{rel}","templated":true}]}}