{"id":23624,"date":"2018-03-09T09:14:15","date_gmt":"2018-03-09T09:14:15","guid":{"rendered":"https:\/\/www.deberes.net\/tesis\/sin-categoria\/cambio-en-la-funcion-financiera-el-rediseno-de-los-procesos-de-gestion-de-tesoreria\/"},"modified":"2018-03-09T09:14:15","modified_gmt":"2018-03-09T09:14:15","slug":"cambio-en-la-funcion-financiera-el-rediseno-de-los-procesos-de-gestion-de-tesoreria","status":"publish","type":"post","link":"https:\/\/www.deberes.net\/tesis\/sevilla\/cambio-en-la-funcion-financiera-el-rediseno-de-los-procesos-de-gestion-de-tesoreria\/","title":{"rendered":"Cambio en la funci\u00f3n financiera: el redise\u00f1o de los procesos de gesti\u00f3n de tesorer\u00eda"},"content":{"rendered":"<h2>Tesis doctoral de <strong>  Gonz\u00e1lez Gonz\u00e1lez Jos\u00e9 M. <\/strong><\/h2>\n<p>Los procesos de cambio organizativo han suscitado un gran inter\u00e9s en la investigaci\u00f3n en contabilidad para la gesti\u00f3n, dada la relaci\u00f3n bidireccional que puede tener lugar entre ambos.  debido a la escasa atenci\u00f3n que ha recibido la reingenier\u00eda de procesos de negocio desde nuestra disciplina, nos planteamos, como objetivo en este trabajo, analizar las repercusiones sobre la contabilidad para la gesti\u00f3n de los procesos de cambio organizativo inducidos por el redise\u00f1o basado en las tecnolog\u00edas de la informaci\u00f3n de los procesos financieros, y m\u00e1s en particular de la gesti\u00f3n de tesorer\u00eda, identificando no solo los aspectos tecnol\u00f3gicos, integrados en estos procesos de cambio, sino tambi\u00e9n los organizativos y humanos, as\u00ed como las interrelaciones que se producen entre ellos durante su desarrollo.  para alcanzar este objetivo hemos estructurado este trabajo en cinco cap\u00edtulos:  * en el primero, delimitamos el marco te\u00f3rico general de nuestra investigaci\u00f3n, refiri\u00e9ndonos a los aspectos generales de la investigaci\u00f3n en contabilidad para la gesti\u00f3n y cambio organizativo, para lo que nos hemos basado en una revisi\u00f3n de la literatura especializada.  * en el segundo, en funci\u00f3n de una revisi\u00f3n de la literatura sobre bpr, analizamos los fundamentos te\u00f3ricos de la reingenier\u00eda y abordamos el proceso de cambio organizativo que genera su implantaci\u00f3n.  * en el tercero, nos ocupamos, en primer lugar, de la evoluci\u00f3n de la funci\u00f3n financier tradicional hacia la nueva funci\u00f3n financiera y, en segundo lugar, de los aspectos m\u00e1s relevantes de la gesti\u00f3n de tesoreria, entendida como parte del sistema de contabilidad para la gesti\u00f3n.  * en funci\u00f3n de los argumentos te\u00f3ricos analizados en los tres primeros cap\u00edtulos, planteamos un total de siete proposiciones, las cuales hemos contrastado con los resultados del estudio de caso que desarrollamos y analizamos en el cuarto cap\u00edtulo. La empresa seleccionada para su estudio<\/p>\n<p>&nbsp;<\/p>\n<h3>Datos acad\u00e9micos de la tesis doctoral \u00ab<strong>Cambio en la funci\u00f3n financiera: el redise\u00f1o de los procesos de gesti\u00f3n de tesorer\u00eda<\/strong>\u00ab<\/h3>\n<ul>\n<li><strong>T\u00edtulo de la tesis:<\/strong>\u00a0 Cambio en la funci\u00f3n financiera: el redise\u00f1o de los procesos de gesti\u00f3n de tesorer\u00eda <\/li>\n<li><strong>Autor:<\/strong>\u00a0  Gonz\u00e1lez Gonz\u00e1lez Jos\u00e9 M. <\/li>\n<li><strong>Universidad:<\/strong>\u00a0 Sevilla<\/li>\n<li><strong>Fecha de lectura de la tesis:<\/strong>\u00a0 17\/06\/2003<\/li>\n<\/ul>\n<p>&nbsp;<\/p>\n<h3>Direcci\u00f3n y tribunal<\/h3>\n<ul>\n<li><strong>Director de la tesis<\/strong>\n<ul>\n<li>Bernab\u00e9 Escobar P\u00e9rez<\/li>\n<\/ul>\n<\/li>\n<li><strong>Tribunal<\/strong>\n<ul>\n<li>Presidente del tribunal: guillermo Sierra molina <\/li>\n<li> L\u00f3pez hern\u00e1ndez Antonio  Manuel (vocal)<\/li>\n<li>Jos\u00e9 Luis Gal\u00e1n gonz\u00e1lez (vocal)<\/li>\n<li>Francisco Serrano moracho (vocal)<\/li>\n<\/ul>\n<\/li>\n<\/ul>\n<p>&nbsp;<\/p>\n","protected":false},"excerpt":{"rendered":"<p>Tesis doctoral de Gonz\u00e1lez Gonz\u00e1lez Jos\u00e9 M. Los procesos de cambio organizativo han suscitado un gran inter\u00e9s en la investigaci\u00f3n [&hellip;]<\/p>\n","protected":false},"author":1,"featured_media":0,"comment_status":"open","ping_status":"open","sticky":false,"template":"","format":"standard","meta":{"site-sidebar-layout":"default","site-content-layout":"","ast-site-content-layout":"","site-content-style":"default","site-sidebar-style":"default","ast-global-header-display":"","ast-banner-title-visibility":"","ast-main-header-display":"","ast-hfb-above-header-display":"","ast-hfb-below-header-display":"","ast-hfb-mobile-header-display":"","site-post-title":"","ast-breadcrumbs-content":"","ast-featured-img":"","footer-sml-layout":"","theme-transparent-header-meta":"","adv-header-id-meta":"","stick-header-meta":"","header-above-stick-meta":"","header-main-stick-meta":"","header-below-stick-meta":"","astra-migrate-meta-layouts":"default","ast-page-background-enabled":"default","ast-page-background-meta":{"desktop":{"background-color":"var(--ast-global-color-4)","background-image":"","background-repeat":"repeat","background-position":"center center","background-size":"auto","background-attachment":"scroll","background-type":"","background-media":"","overlay-type":"","overlay-color":"","overlay-gradient":""},"tablet":{"background-color":"","background-image":"","background-repeat":"repeat","background-position":"center center","background-size":"auto","background-attachment":"scroll","background-type":"","background-media":"","overlay-type":"","overlay-color":"","overlay-gradient":""},"mobile":{"background-color":"","background-image":"","background-repeat":"repeat","background-position":"center center","background-size":"auto","background-attachment":"scroll","background-type":"","background-media":"","overlay-type":"","overlay-color":"","overlay-gradient":""}},"ast-content-background-meta":{"desktop":{"background-color":"var(--ast-global-color-5)","background-image":"","background-repeat":"repeat","background-position":"center center","background-size":"auto","background-attachment":"scroll","background-type":"","background-media":"","overlay-type":"","overlay-color":"","overlay-gradient":""},"tablet":{"background-color":"var(--ast-global-color-5)","background-image":"","background-repeat":"repeat","background-position":"center center","background-size":"auto","background-attachment":"scroll","background-type":"","background-media":"","overlay-type":"","overlay-color":"","overlay-gradient":""},"mobile":{"background-color":"var(--ast-global-color-5)","background-image":"","background-repeat":"repeat","background-position":"center center","background-size":"auto","background-attachment":"scroll","background-type":"","background-media":"","overlay-type":"","overlay-color":"","overlay-gradient":""}},"footnotes":""},"categories":[10715],"tags":[69928,69930,69927,10812,20623,69929],"class_list":["post-23624","post","type-post","status-publish","format-standard","hentry","category-sevilla","tag-bernabe-escobar-perez","tag-francisco-serrano-moracho","tag-gonzalez-gonzalez-jose-m","tag-guillermo-sierra-molina","tag-jose-luis-galan-gonzalez","tag-lopez-hernandez-antonio-manuel"],"_links":{"self":[{"href":"https:\/\/www.deberes.net\/tesis\/wp-json\/wp\/v2\/posts\/23624","targetHints":{"allow":["GET"]}}],"collection":[{"href":"https:\/\/www.deberes.net\/tesis\/wp-json\/wp\/v2\/posts"}],"about":[{"href":"https:\/\/www.deberes.net\/tesis\/wp-json\/wp\/v2\/types\/post"}],"author":[{"embeddable":true,"href":"https:\/\/www.deberes.net\/tesis\/wp-json\/wp\/v2\/users\/1"}],"replies":[{"embeddable":true,"href":"https:\/\/www.deberes.net\/tesis\/wp-json\/wp\/v2\/comments?post=23624"}],"version-history":[{"count":0,"href":"https:\/\/www.deberes.net\/tesis\/wp-json\/wp\/v2\/posts\/23624\/revisions"}],"wp:attachment":[{"href":"https:\/\/www.deberes.net\/tesis\/wp-json\/wp\/v2\/media?parent=23624"}],"wp:term":[{"taxonomy":"category","embeddable":true,"href":"https:\/\/www.deberes.net\/tesis\/wp-json\/wp\/v2\/categories?post=23624"},{"taxonomy":"post_tag","embeddable":true,"href":"https:\/\/www.deberes.net\/tesis\/wp-json\/wp\/v2\/tags?post=23624"}],"curies":[{"name":"wp","href":"https:\/\/api.w.org\/{rel}","templated":true}]}}