{"id":23627,"date":"2018-03-09T09:14:15","date_gmt":"2018-03-09T09:14:15","guid":{"rendered":"https:\/\/www.deberes.net\/tesis\/sin-categoria\/los-tiempos-reaccion-total-y-personalidad\/"},"modified":"2018-03-09T09:14:15","modified_gmt":"2018-03-09T09:14:15","slug":"los-tiempos-reaccion-total-y-personalidad","status":"publish","type":"post","link":"https:\/\/www.deberes.net\/tesis\/pais-vasco-euskal-herriko-unibertsitatea\/los-tiempos-reaccion-total-y-personalidad\/","title":{"rendered":"Los tiempos reacci\u00f3n total y personalidad"},"content":{"rendered":"<h2>Tesis doctoral de <strong> Mar\u00eda  Aurora Fernandez Del Valle <\/strong><\/h2>\n<p>Los prop\u00f3sitos del presente estudio es el registro de los tiempo de reacci\u00f3n total simples (trts) del brazo al reaccionar a est\u00edmulos auditivos (factores fisiol\u00f3gicos) con la idea de comprobar si estas variables dependientes se modifican en funci\u00f3n de la aplicaci\u00f3n de la variables independientes de la personalidad (factores psicol\u00f3gicos), y en funci\u00f3n de la aplicaci\u00f3n de las varibles intervinientes: edad, sexo, centro escolar, lateralidad, deporte de competici\u00f3n y modalidad deportiva. El instrumento utilizado para la medici\u00f3n de los trt ha sido la 63017, con una frecuencia de 2800 hz, y para la personalidad, los cuestionarios (epq del os eysencks, hspq de los cattells, y stai del spielberger-gosrsuch-lusehene). Hemos dotado a la investigaci\u00f3n de un car\u00e1cter m\u00e1s descriptivo-interpretativo que correlacional y, en consecuencia, m\u00e1s herman\u00e9utico que experimental-causal. Los resultados muestran que desde el punto de vista correlacional: los tr son altamente significados entre s\u00ed (**). Que el tr relaciona con la edad. Que el tm relaciona con el sexo y con la competici\u00f3n. Y que tr-trt relacionan negativamente con la extraversi\u00f3n (**). Desde el punto de vista biol\u00f3gico humano a mayor nivel de psicosis y conducta antisocial le corresponde mayor rapidez. Serenidad y rapidez est\u00e1n muy asociados.<\/p>\n<p>&nbsp;<\/p>\n<h3>Datos acad\u00e9micos de la tesis doctoral \u00ab<strong>Los tiempos reacci\u00f3n total y personalidad<\/strong>\u00ab<\/h3>\n<ul>\n<li><strong>T\u00edtulo de la tesis:<\/strong>\u00a0 Los tiempos reacci\u00f3n total y personalidad <\/li>\n<li><strong>Autor:<\/strong>\u00a0 Mar\u00eda  Aurora Fernandez Del Valle <\/li>\n<li><strong>Universidad:<\/strong>\u00a0 Pa\u00eds vasco\/euskal herriko unibertsitatea<\/li>\n<li><strong>Fecha de lectura de la tesis:<\/strong>\u00a0 17\/06\/2003<\/li>\n<\/ul>\n<p>&nbsp;<\/p>\n<h3>Direcci\u00f3n y tribunal<\/h3>\n<ul>\n<li><strong>Director de la tesis<\/strong>\n<ul>\n<li>Valent\u00edn Gonz\u00e1lez Moro<\/li>\n<\/ul>\n<\/li>\n<li><strong>Tribunal<\/strong>\n<ul>\n<li>Presidente del tribunal: pauli Davila balsera <\/li>\n<li> Garc\u00eda fraile Juan  Antonio (vocal)<\/li>\n<li>f\u00e9lix Etxeberria balerdi (vocal)<\/li>\n<li>martin Rodriguez rojo (vocal)<\/li>\n<\/ul>\n<\/li>\n<\/ul>\n<p>&nbsp;<\/p>\n","protected":false},"excerpt":{"rendered":"<p>Tesis doctoral de Mar\u00eda Aurora Fernandez Del Valle Los prop\u00f3sitos del presente estudio es el registro de los tiempo de [&hellip;]<\/p>\n","protected":false},"author":1,"featured_media":0,"comment_status":"open","ping_status":"open","sticky":false,"template":"","format":"standard","meta":{"site-sidebar-layout":"default","site-content-layout":"","ast-site-content-layout":"","site-content-style":"default","site-sidebar-style":"default","ast-global-header-display":"","ast-banner-title-visibility":"","ast-main-header-display":"","ast-hfb-above-header-display":"","ast-hfb-below-header-display":"","ast-hfb-mobile-header-display":"","site-post-title":"","ast-breadcrumbs-content":"","ast-featured-img":"","footer-sml-layout":"","theme-transparent-header-meta":"","adv-header-id-meta":"","stick-header-meta":"","header-above-stick-meta":"","header-main-stick-meta":"","header-below-stick-meta":"","astra-migrate-meta-layouts":"default","ast-page-background-enabled":"default","ast-page-background-meta":{"desktop":{"background-color":"var(--ast-global-color-4)","background-image":"","background-repeat":"repeat","background-position":"center center","background-size":"auto","background-attachment":"scroll","background-type":"","background-media":"","overlay-type":"","overlay-color":"","overlay-gradient":""},"tablet":{"background-color":"","background-image":"","background-repeat":"repeat","background-position":"center center","background-size":"auto","background-attachment":"scroll","background-type":"","background-media":"","overlay-type":"","overlay-color":"","overlay-gradient":""},"mobile":{"background-color":"","background-image":"","background-repeat":"repeat","background-position":"center center","background-size":"auto","background-attachment":"scroll","background-type":"","background-media":"","overlay-type":"","overlay-color":"","overlay-gradient":""}},"ast-content-background-meta":{"desktop":{"background-color":"var(--ast-global-color-5)","background-image":"","background-repeat":"repeat","background-position":"center center","background-size":"auto","background-attachment":"scroll","background-type":"","background-media":"","overlay-type":"","overlay-color":"","overlay-gradient":""},"tablet":{"background-color":"var(--ast-global-color-5)","background-image":"","background-repeat":"repeat","background-position":"center center","background-size":"auto","background-attachment":"scroll","background-type":"","background-media":"","overlay-type":"","overlay-color":"","overlay-gradient":""},"mobile":{"background-color":"var(--ast-global-color-5)","background-image":"","background-repeat":"repeat","background-position":"center center","background-size":"auto","background-attachment":"scroll","background-type":"","background-media":"","overlay-type":"","overlay-color":"","overlay-gradient":""}},"footnotes":""},"categories":[12909],"tags":[12961,69938,69936,9518,69937,66106],"class_list":["post-23627","post","type-post","status-publish","format-standard","hentry","category-pais-vasco-euskal-herriko-unibertsitatea","tag-felix-etxeberria-balerdi","tag-garcia-fraile-juan-antonio","tag-maria-aurora-fernandez-del-valle","tag-martin-rodriguez-rojo","tag-pauli-davila-balsera","tag-valentin-gonzalez-moro"],"_links":{"self":[{"href":"https:\/\/www.deberes.net\/tesis\/wp-json\/wp\/v2\/posts\/23627","targetHints":{"allow":["GET"]}}],"collection":[{"href":"https:\/\/www.deberes.net\/tesis\/wp-json\/wp\/v2\/posts"}],"about":[{"href":"https:\/\/www.deberes.net\/tesis\/wp-json\/wp\/v2\/types\/post"}],"author":[{"embeddable":true,"href":"https:\/\/www.deberes.net\/tesis\/wp-json\/wp\/v2\/users\/1"}],"replies":[{"embeddable":true,"href":"https:\/\/www.deberes.net\/tesis\/wp-json\/wp\/v2\/comments?post=23627"}],"version-history":[{"count":0,"href":"https:\/\/www.deberes.net\/tesis\/wp-json\/wp\/v2\/posts\/23627\/revisions"}],"wp:attachment":[{"href":"https:\/\/www.deberes.net\/tesis\/wp-json\/wp\/v2\/media?parent=23627"}],"wp:term":[{"taxonomy":"category","embeddable":true,"href":"https:\/\/www.deberes.net\/tesis\/wp-json\/wp\/v2\/categories?post=23627"},{"taxonomy":"post_tag","embeddable":true,"href":"https:\/\/www.deberes.net\/tesis\/wp-json\/wp\/v2\/tags?post=23627"}],"curies":[{"name":"wp","href":"https:\/\/api.w.org\/{rel}","templated":true}]}}