{"id":23630,"date":"2018-03-09T09:14:16","date_gmt":"2018-03-09T09:14:16","guid":{"rendered":"https:\/\/www.deberes.net\/tesis\/sin-categoria\/erata%c2%b2stenes-catasterismes-edicio-cra%c2%adtica-i-comentari-mitogra-fic\/"},"modified":"2018-03-09T09:14:16","modified_gmt":"2018-03-09T09:14:16","slug":"erata%c2%b2stenes-catasterismes-edicio-cra%c2%adtica-i-comentari-mitogra-fic","status":"publish","type":"post","link":"https:\/\/www.deberes.net\/tesis\/sin-categoria\/erata%c2%b2stenes-catasterismes-edicio-cra%c2%adtica-i-comentari-mitogra-fic\/","title":{"rendered":"Erat\u00f3stenes, catasterismes. edici\u00f3 cr\u00edtica i comentari mitogr\u00c1\u00a0fic"},"content":{"rendered":"<h2>Tesis doctoral de <strong> Jordi P\u00c1\u00a0mias Massana <\/strong><\/h2>\n<p>El autor propone, por primera vez desde las centenarias ediciones de olivieri (1897) y maass (1898), una nueva edici\u00f3n cr\u00edtica de los catasterimos de erat\u00f3stenes. Para el establecimiento del texto el autor ha contado con algunos manuscritos fundamentales, ignorados pro los anteriores editores del op\u00fasculo.  en especial, un edimbugensis, un scorialensis y un salmanticensis. El primero constituye nada menos que el arquetipo de la tradici\u00f3nplanudeana de los catasterismos (eso es, del ep\u00edtome de los cataterismos); los dos \u00faltimos completan, pr\u00e1cticamente, la serie de la recesi\u00f3n conocida como fragmenta vaticana de los catasterismos desde la edici\u00f3n de rehm (1899). Otros manuscritos colacionados son un parisinus (vinculado a la recensi\u00f3n triciliniana de arato), un butlerianus y un harvardensis. El autor adopta una aproximaci\u00f3n moderadamente conservadora ante el textus receptus por oposici\u00f3n a la hipercr\u00edtica propia de la filolog\u00eda del siglo xix.  en cuanto al comentario mitogr\u00e1fico, el autor acomete el estudio de cada uno de los 44 cap\u00edtulos de los catasterismos para tratar de identificar las fuentes, o tradiciones, literarias que ha seguido erat\u00f3stenes.  adem\u00e1s, el an\u00e1lisis interno va encaminado a aislar los elementos estrictamente eratost\u00e9nicos (como son los ap\u00e9ndices astrales, que constituyen el desenlace t\u00edpicamente alejandrino de antiguos mitos). El prop\u00f3sito es discriminar y describir los mitos que recopila erat\u00f3stenes, sin desarraigarlos de su soporte textual, esto es, sin lanzarse a la especulaci\u00f3n sobre sus posibles interpretaciones. Sin embargo, como confiesa el autor en la introducci\u00f3n, los procesos de descripci\u00f3n y de interpretaci\u00f3n de los mitos se revelan como operaciones que revisten amplios isomorfismos: la distinci\u00f3n, te\u00f3ricamente tan clara, entre mitograf\u00eda y mitolog\u00eda (entendidas aqu\u00ed como un juego de dobletes correspondiente a r\u00e9cit e historie o significante y significado) termina por dil<\/p>\n<p>&nbsp;<\/p>\n<h3>Datos acad\u00e9micos de la tesis doctoral \u00ab<strong>Erat\u00f3stenes, catasterismes. edici\u00f3 cr\u00edtica i comentari mitogr\u00c1\u00a0fic<\/strong>\u00ab<\/h3>\n<ul>\n<li><strong>T\u00edtulo de la tesis:<\/strong>\u00a0 Erat\u00f3stenes, catasterismes. edici\u00f3 cr\u00edtica i comentari mitogr\u00c1\u00a0fic <\/li>\n<li><strong>Autor:<\/strong>\u00a0 Jordi P\u00c1\u00a0mias Massana <\/li>\n<li><strong>Universidad:<\/strong>\u00a0 Aut\u00f3noma de barcelona<\/li>\n<li><strong>Fecha de lectura de la tesis:<\/strong>\u00a0 17\/06\/2003<\/li>\n<\/ul>\n<p>&nbsp;<\/p>\n<h3>Direcci\u00f3n y tribunal<\/h3>\n<ul>\n<li><strong>Director de la tesis<\/strong>\n<ul>\n<li>Francesc Cuartero Iborra<\/li>\n<\/ul>\n<\/li>\n<li><strong>Tribunal<\/strong>\n<ul>\n<li>Presidente del tribunal:  Santiago \u00e1lvarez rosa araceli <\/li>\n<li>Manuel Garc\u00eda teijeiro (vocal)<\/li>\n<li>Alberto Bernabe pajares (vocal)<\/li>\n<li>jaume P\u00ed\u00b2rtulas ambr\u00ed\u00b2s (vocal)<\/li>\n<\/ul>\n<\/li>\n<\/ul>\n<p>&nbsp;<\/p>\n","protected":false},"excerpt":{"rendered":"<p>Tesis doctoral de Jordi P\u00c1\u00a0mias Massana El autor propone, por primera vez desde las centenarias ediciones de olivieri (1897) y [&hellip;]<\/p>\n","protected":false},"author":1,"featured_media":0,"comment_status":"open","ping_status":"open","sticky":false,"template":"","format":"standard","meta":{"site-sidebar-layout":"default","site-content-layout":"","ast-site-content-layout":"","site-content-style":"default","site-sidebar-style":"default","ast-global-header-display":"","ast-banner-title-visibility":"","ast-main-header-display":"","ast-hfb-above-header-display":"","ast-hfb-below-header-display":"","ast-hfb-mobile-header-display":"","site-post-title":"","ast-breadcrumbs-content":"","ast-featured-img":"","footer-sml-layout":"","theme-transparent-header-meta":"","adv-header-id-meta":"","stick-header-meta":"","header-above-stick-meta":"","header-main-stick-meta":"","header-below-stick-meta":"","astra-migrate-meta-layouts":"default","ast-page-background-enabled":"default","ast-page-background-meta":{"desktop":{"background-color":"var(--ast-global-color-4)","background-image":"","background-repeat":"repeat","background-position":"center center","background-size":"auto","background-attachment":"scroll","background-type":"","background-media":"","overlay-type":"","overlay-color":"","overlay-gradient":""},"tablet":{"background-color":"","background-image":"","background-repeat":"repeat","background-position":"center center","background-size":"auto","background-attachment":"scroll","background-type":"","background-media":"","overlay-type":"","overlay-color":"","overlay-gradient":""},"mobile":{"background-color":"","background-image":"","background-repeat":"repeat","background-position":"center center","background-size":"auto","background-attachment":"scroll","background-type":"","background-media":"","overlay-type":"","overlay-color":"","overlay-gradient":""}},"ast-content-background-meta":{"desktop":{"background-color":"var(--ast-global-color-5)","background-image":"","background-repeat":"repeat","background-position":"center center","background-size":"auto","background-attachment":"scroll","background-type":"","background-media":"","overlay-type":"","overlay-color":"","overlay-gradient":""},"tablet":{"background-color":"var(--ast-global-color-5)","background-image":"","background-repeat":"repeat","background-position":"center center","background-size":"auto","background-attachment":"scroll","background-type":"","background-media":"","overlay-type":"","overlay-color":"","overlay-gradient":""},"mobile":{"background-color":"var(--ast-global-color-5)","background-image":"","background-repeat":"repeat","background-position":"center center","background-size":"auto","background-attachment":"scroll","background-type":"","background-media":"","overlay-type":"","overlay-color":"","overlay-gradient":""}},"footnotes":""},"categories":[1],"tags":[6993,20036,69943,69941,9113,69942],"class_list":["post-23630","post","type-post","status-publish","format-standard","hentry","category-sin-categoria","tag-alberto-bernabe-pajares","tag-francesc-cuartero-iborra","tag-jaume-pirtulas-ambris","tag-jordi-pa-mias-massana","tag-manuel-garcia-teijeiro","tag-santiago-alvarez-rosa-araceli"],"_links":{"self":[{"href":"https:\/\/www.deberes.net\/tesis\/wp-json\/wp\/v2\/posts\/23630","targetHints":{"allow":["GET"]}}],"collection":[{"href":"https:\/\/www.deberes.net\/tesis\/wp-json\/wp\/v2\/posts"}],"about":[{"href":"https:\/\/www.deberes.net\/tesis\/wp-json\/wp\/v2\/types\/post"}],"author":[{"embeddable":true,"href":"https:\/\/www.deberes.net\/tesis\/wp-json\/wp\/v2\/users\/1"}],"replies":[{"embeddable":true,"href":"https:\/\/www.deberes.net\/tesis\/wp-json\/wp\/v2\/comments?post=23630"}],"version-history":[{"count":0,"href":"https:\/\/www.deberes.net\/tesis\/wp-json\/wp\/v2\/posts\/23630\/revisions"}],"wp:attachment":[{"href":"https:\/\/www.deberes.net\/tesis\/wp-json\/wp\/v2\/media?parent=23630"}],"wp:term":[{"taxonomy":"category","embeddable":true,"href":"https:\/\/www.deberes.net\/tesis\/wp-json\/wp\/v2\/categories?post=23630"},{"taxonomy":"post_tag","embeddable":true,"href":"https:\/\/www.deberes.net\/tesis\/wp-json\/wp\/v2\/tags?post=23630"}],"curies":[{"name":"wp","href":"https:\/\/api.w.org\/{rel}","templated":true}]}}