{"id":23666,"date":"2018-03-09T09:14:19","date_gmt":"2018-03-09T09:14:19","guid":{"rendered":"https:\/\/www.deberes.net\/tesis\/sin-categoria\/incidencia-y-caractera%c2%adsticas-de-la-tuberculosis-en-poblacion-extranjera-de-la-comunidad-de-madrid-1996-2000\/"},"modified":"2018-03-09T09:14:19","modified_gmt":"2018-03-09T09:14:19","slug":"incidencia-y-caractera%c2%adsticas-de-la-tuberculosis-en-poblacion-extranjera-de-la-comunidad-de-madrid-1996-2000","status":"publish","type":"post","link":"https:\/\/www.deberes.net\/tesis\/sin-categoria\/incidencia-y-caractera%c2%adsticas-de-la-tuberculosis-en-poblacion-extranjera-de-la-comunidad-de-madrid-1996-2000\/","title":{"rendered":"Incidencia y caracter\u00edsticas de la tuberculosis en poblaci\u00f3n extranjera de la comunidad de Madrid (1996-2000)"},"content":{"rendered":"<h2>Tesis doctoral de <strong>  V\u00e1zquez Torres Mar\u00eda  C. <\/strong><\/h2>\n<p>El fen\u00f3meno migratorio reciente y la persistencia de la tuberculosis como un problema de salud p\u00fablica y justifican el inter\u00e9s de realizar este estudio.  con la finalidad de estimar la incidencia de tuberculosis en poblaci\u00f3n extranjera residente en la comunidad de Madrid, se dise\u00f1a un estudio transversal retrospectivo.  la poblaci\u00f3n de estudio la constituye el 100% de las personas extranjeras enfermas de tuberculosis y que iniciaron tratamiento antituberculoso entre 1-1-96 y 31-12-2000.  las fuentes de datos utilizadas fueron el registro regional de casos de tuberculosis de la comunidad de Madrid y anuarios estad\u00edsticos de extranjeria (1996-2000).  la incidencia estimada de tuberculosis en poblaci\u00f3n extranjera est\u00e1 m\u00e1s pr\u00f3xima a las cifras de sus pa\u00edses de origen, en consonancia con lo que ocurre en otros pa\u00edses industrializados.  s\u00f3lo el 3.9% de los casos fueron diagnosticados e iniciaron tratamiento en la red de servicos de atenci\u00f3n primaria de esta comunidad.  el intervalo de tiempo transcurrido entre la llegada a espa\u00f1a y el diagn\u00f3stico de la enfermedad, ha disminuido en el periodo de estudio, pasando de 60 meses a 11.9 en el a\u00f1o 2000.  el estado final de los casos pone de manifiesto un desconocimiento importante de esta variable. Al considerar solo los casos con informaci\u00f3n la proporci\u00f3n de resultados satisfactorios se situ\u00f3 en 82.7% el cumplimiento del registro y su calidad como fuente de datos, muestra que solo el 56.8% de los casos cumplen el criterio estricto de calidad definido.  se ha revelado de interes la identificaci\u00f3n de medidas particulares encaminadas a la mejora de la calidad de la informaci\u00f3n del resgistro de casos de la enfermedad, as\u00ed como la profundizaci\u00f3n a trav\u00e9s de estudios espec\u00edficos, en variables relacionadas con los factores de riesgo, especialmente los sociales, con el patr\u00f3n de utilizaci\u00f3n de los servicios por parte de este grupo de poblaci\u00f3n y con la atenci\u00f3n prestada<\/p>\n<p>&nbsp;<\/p>\n<h3>Datos acad\u00e9micos de la tesis doctoral \u00ab<strong>Incidencia y caracter\u00edsticas de la tuberculosis en poblaci\u00f3n extranjera de la comunidad de Madrid (1996-2000)<\/strong>\u00ab<\/h3>\n<ul>\n<li><strong>T\u00edtulo de la tesis:<\/strong>\u00a0 Incidencia y caracter\u00edsticas de la tuberculosis en poblaci\u00f3n extranjera de la comunidad de Madrid (1996-2000) <\/li>\n<li><strong>Autor:<\/strong>\u00a0  V\u00e1zquez Torres Mar\u00eda  C. <\/li>\n<li><strong>Universidad:<\/strong>\u00a0 Aut\u00f3noma de Madrid<\/li>\n<li><strong>Fecha de lectura de la tesis:<\/strong>\u00a0 18\/06\/2003<\/li>\n<\/ul>\n<p>&nbsp;<\/p>\n<h3>Direcci\u00f3n y tribunal<\/h3>\n<ul>\n<li><strong>Director de la tesis<\/strong>\n<ul>\n<li>Angel Antonio Otero Puime<\/li>\n<\/ul>\n<\/li>\n<li><strong>Tribunal<\/strong>\n<ul>\n<li>Presidente del tribunal: rafael Herruzo cabrera <\/li>\n<li>Santiago Perez ramos (vocal)<\/li>\n<li> Goirena de gandarias Javier (vocal)<\/li>\n<li>josep Mar\u00eda Jans\u00ed\u00a0 l\u00f3pez del vallado (vocal)<\/li>\n<\/ul>\n<\/li>\n<\/ul>\n<p>&nbsp;<\/p>\n","protected":false},"excerpt":{"rendered":"<p>Tesis doctoral de V\u00e1zquez Torres Mar\u00eda C. El fen\u00f3meno migratorio reciente y la persistencia de la tuberculosis como un problema [&hellip;]<\/p>\n","protected":false},"author":1,"featured_media":0,"comment_status":"open","ping_status":"open","sticky":false,"template":"","format":"standard","meta":{"site-sidebar-layout":"default","site-content-layout":"","ast-site-content-layout":"","site-content-style":"default","site-sidebar-style":"default","ast-global-header-display":"","ast-banner-title-visibility":"","ast-main-header-display":"","ast-hfb-above-header-display":"","ast-hfb-below-header-display":"","ast-hfb-mobile-header-display":"","site-post-title":"","ast-breadcrumbs-content":"","ast-featured-img":"","footer-sml-layout":"","theme-transparent-header-meta":"","adv-header-id-meta":"","stick-header-meta":"","header-above-stick-meta":"","header-main-stick-meta":"","header-below-stick-meta":"","astra-migrate-meta-layouts":"default","ast-page-background-enabled":"default","ast-page-background-meta":{"desktop":{"background-color":"var(--ast-global-color-4)","background-image":"","background-repeat":"repeat","background-position":"center center","background-size":"auto","background-attachment":"scroll","background-type":"","background-media":"","overlay-type":"","overlay-color":"","overlay-gradient":""},"tablet":{"background-color":"","background-image":"","background-repeat":"repeat","background-position":"center center","background-size":"auto","background-attachment":"scroll","background-type":"","background-media":"","overlay-type":"","overlay-color":"","overlay-gradient":""},"mobile":{"background-color":"","background-image":"","background-repeat":"repeat","background-position":"center center","background-size":"auto","background-attachment":"scroll","background-type":"","background-media":"","overlay-type":"","overlay-color":"","overlay-gradient":""}},"ast-content-background-meta":{"desktop":{"background-color":"var(--ast-global-color-5)","background-image":"","background-repeat":"repeat","background-position":"center center","background-size":"auto","background-attachment":"scroll","background-type":"","background-media":"","overlay-type":"","overlay-color":"","overlay-gradient":""},"tablet":{"background-color":"var(--ast-global-color-5)","background-image":"","background-repeat":"repeat","background-position":"center center","background-size":"auto","background-attachment":"scroll","background-type":"","background-media":"","overlay-type":"","overlay-color":"","overlay-gradient":""},"mobile":{"background-color":"var(--ast-global-color-5)","background-image":"","background-repeat":"repeat","background-position":"center center","background-size":"auto","background-attachment":"scroll","background-type":"","background-media":"","overlay-type":"","overlay-color":"","overlay-gradient":""}},"footnotes":""},"categories":[1],"tags":[15254,70031,70032,8545,1658,70030],"class_list":["post-23666","post","type-post","status-publish","format-standard","hentry","category-sin-categoria","tag-angel-antonio-otero-puime","tag-goirena-de-gandarias-javier","tag-josep-maria-jansi-lopez-del-vallado","tag-rafael-herruzo-cabrera","tag-santiago-perez-ramos","tag-vazquez-torres-maria-c"],"_links":{"self":[{"href":"https:\/\/www.deberes.net\/tesis\/wp-json\/wp\/v2\/posts\/23666","targetHints":{"allow":["GET"]}}],"collection":[{"href":"https:\/\/www.deberes.net\/tesis\/wp-json\/wp\/v2\/posts"}],"about":[{"href":"https:\/\/www.deberes.net\/tesis\/wp-json\/wp\/v2\/types\/post"}],"author":[{"embeddable":true,"href":"https:\/\/www.deberes.net\/tesis\/wp-json\/wp\/v2\/users\/1"}],"replies":[{"embeddable":true,"href":"https:\/\/www.deberes.net\/tesis\/wp-json\/wp\/v2\/comments?post=23666"}],"version-history":[{"count":0,"href":"https:\/\/www.deberes.net\/tesis\/wp-json\/wp\/v2\/posts\/23666\/revisions"}],"wp:attachment":[{"href":"https:\/\/www.deberes.net\/tesis\/wp-json\/wp\/v2\/media?parent=23666"}],"wp:term":[{"taxonomy":"category","embeddable":true,"href":"https:\/\/www.deberes.net\/tesis\/wp-json\/wp\/v2\/categories?post=23666"},{"taxonomy":"post_tag","embeddable":true,"href":"https:\/\/www.deberes.net\/tesis\/wp-json\/wp\/v2\/tags?post=23666"}],"curies":[{"name":"wp","href":"https:\/\/api.w.org\/{rel}","templated":true}]}}