{"id":23690,"date":"2018-03-09T09:14:21","date_gmt":"2018-03-09T09:14:21","guid":{"rendered":"https:\/\/www.deberes.net\/tesis\/sin-categoria\/utilizacion-de-la-nutricion-parenteral-factores-asociados-a-su-calidad-y-resultados-de-una-intervencion-para-mejorar\/"},"modified":"2018-03-09T09:14:21","modified_gmt":"2018-03-09T09:14:21","slug":"utilizacion-de-la-nutricion-parenteral-factores-asociados-a-su-calidad-y-resultados-de-una-intervencion-para-mejorar","status":"publish","type":"post","link":"https:\/\/www.deberes.net\/tesis\/murcia\/utilizacion-de-la-nutricion-parenteral-factores-asociados-a-su-calidad-y-resultados-de-una-intervencion-para-mejorar\/","title":{"rendered":"Utilizaci\u00f3n de la nutrici\u00f3n parenteral: factores asociados a su calidad y resultados de una intervenci\u00f3n para mejorar"},"content":{"rendered":"<h2>Tesis doctoral de <strong> M. Jes\u00fas Gomez Ramos <\/strong><\/h2>\n<p>Resumen fundamento:  evaluar la calidad en la indicaci\u00f3n y manejo de la nutrici\u00f3n parenteral total (npt), y los posibles factores asociados.  m\u00e9todo  estudio retrospectivo del proceso asistencial en pacientes tratados con npt durante un a\u00f1o en un hospital general. Se analiz\u00f3 el cumplimiento (% e ic del 95%) de 20 criterios respecto de sus est\u00e1ndares (significaci\u00f3n estad\u00edstica seg\u00fan valor de z), divididos en tres grupos, \u00abajustada\u00bb (correcta indicaci\u00f3n), \u00absegura\u00bb o ausencia de complicaciones y \u00abexacta\u00bb o correspondencia de la dieta administrada con la prescrita. Tambi\u00e9n se construyeron y analizaron 3 indicadores que valoran el cumplimiento simultaneo de todos los criterios de cada grupo. Se realizaron dos evaluaciones, antes y despu\u00e9s de la intervenci\u00f3n para mejorar. Adem\u00e1s en la primera evaluaci\u00f3n se realiz\u00f3 un an\u00e1lisis de los factores asociados al incumplimiento, mediante un modelo de regresi\u00f3n log\u00edstica, se consideraron 6 variables, 3 relativas al paciente (edad, sexo y presencia de diabetes mellitus) y 3 relacionadas con el proceso asistencial (motivo de la npt, destino del paciente y tipo de dieta).  resultados  en la primera evaluaci\u00f3n: seis criterios se encontraban significativamente por debajo de est\u00e1ndar. El cumplimiento simultaneo de todos los criterios fue del 17% (+-7) en \u00abajustada\u00bb, del 38% (+-9) en \u00absegura\u00bb y del 94% (+-4) en \u00abexacta\u00bb. En el an\u00e1lisis de factores asociados se objetiva que la edad mayor de 65 a\u00f1os influye (p&lt;0,05) en la indicaci\u00f3n de la ntp (or 9,4 ic 95%: 1,1-79,8), as\u00ed como en el cumplimiento del indicador \u00abcumple todos los criterios\u00bb en el grupo \u00abajustada\u00bb (or: 2,9 ic 95%: 1,03-8,4). La utilizaci\u00f3n de dietas estandarizadas influye (p&lt;0,05) en la ausencia de complicaciones metab\u00f3licas (or: 0,3 ic 95%: 0,1-0,9). Las medidas correctoras estuvieron centradas, valorando los resultados de an\u00e1lisis de factores asociados y el diagrama de pareto, en actividades docentes para el<\/p>\n<p>&nbsp;<\/p>\n<h3>Datos acad\u00e9micos de la tesis doctoral \u00ab<strong>Utilizaci\u00f3n de la nutrici\u00f3n parenteral: factores asociados a su calidad y resultados de una intervenci\u00f3n para mejorar<\/strong>\u00ab<\/h3>\n<ul>\n<li><strong>T\u00edtulo de la tesis:<\/strong>\u00a0 Utilizaci\u00f3n de la nutrici\u00f3n parenteral: factores asociados a su calidad y resultados de una intervenci\u00f3n para mejorar <\/li>\n<li><strong>Autor:<\/strong>\u00a0 M. Jes\u00fas Gomez Ramos <\/li>\n<li><strong>Universidad:<\/strong>\u00a0 Murcia<\/li>\n<li><strong>Fecha de lectura de la tesis:<\/strong>\u00a0 19\/06\/2003<\/li>\n<\/ul>\n<p>&nbsp;<\/p>\n<h3>Direcci\u00f3n y tribunal<\/h3>\n<ul>\n<li><strong>Director de la tesis<\/strong>\n<ul>\n<li>Pedro J. Saturno Hern\u00e1ndez<\/li>\n<\/ul>\n<\/li>\n<li><strong>Tribunal<\/strong>\n<ul>\n<li>Presidente del tribunal:  Mercedes planas i vila <\/li>\n<li>hidalgo Pedro parra (vocal)<\/li>\n<li>Juan  Jos\u00e9 Gascon canovas (vocal)<\/li>\n<li>bartolome Llor esteban (vocal)<\/li>\n<\/ul>\n<\/li>\n<\/ul>\n<p>&nbsp;<\/p>\n","protected":false},"excerpt":{"rendered":"<p>Tesis doctoral de M. Jes\u00fas Gomez Ramos Resumen fundamento: evaluar la calidad en la indicaci\u00f3n y manejo de la nutrici\u00f3n [&hellip;]<\/p>\n","protected":false},"author":1,"featured_media":0,"comment_status":"open","ping_status":"open","sticky":false,"template":"","format":"standard","meta":{"site-sidebar-layout":"default","site-content-layout":"","ast-site-content-layout":"","site-content-style":"default","site-sidebar-style":"default","ast-global-header-display":"","ast-banner-title-visibility":"","ast-main-header-display":"","ast-hfb-above-header-display":"","ast-hfb-below-header-display":"","ast-hfb-mobile-header-display":"","site-post-title":"","ast-breadcrumbs-content":"","ast-featured-img":"","footer-sml-layout":"","theme-transparent-header-meta":"","adv-header-id-meta":"","stick-header-meta":"","header-above-stick-meta":"","header-main-stick-meta":"","header-below-stick-meta":"","astra-migrate-meta-layouts":"default","ast-page-background-enabled":"default","ast-page-background-meta":{"desktop":{"background-color":"var(--ast-global-color-4)","background-image":"","background-repeat":"repeat","background-position":"center center","background-size":"auto","background-attachment":"scroll","background-type":"","background-media":"","overlay-type":"","overlay-color":"","overlay-gradient":""},"tablet":{"background-color":"","background-image":"","background-repeat":"repeat","background-position":"center center","background-size":"auto","background-attachment":"scroll","background-type":"","background-media":"","overlay-type":"","overlay-color":"","overlay-gradient":""},"mobile":{"background-color":"","background-image":"","background-repeat":"repeat","background-position":"center center","background-size":"auto","background-attachment":"scroll","background-type":"","background-media":"","overlay-type":"","overlay-color":"","overlay-gradient":""}},"ast-content-background-meta":{"desktop":{"background-color":"var(--ast-global-color-5)","background-image":"","background-repeat":"repeat","background-position":"center center","background-size":"auto","background-attachment":"scroll","background-type":"","background-media":"","overlay-type":"","overlay-color":"","overlay-gradient":""},"tablet":{"background-color":"var(--ast-global-color-5)","background-image":"","background-repeat":"repeat","background-position":"center center","background-size":"auto","background-attachment":"scroll","background-type":"","background-media":"","overlay-type":"","overlay-color":"","overlay-gradient":""},"mobile":{"background-color":"var(--ast-global-color-5)","background-image":"","background-repeat":"repeat","background-position":"center center","background-size":"auto","background-attachment":"scroll","background-type":"","background-media":"","overlay-type":"","overlay-color":"","overlay-gradient":""}},"footnotes":""},"categories":[8235],"tags":[21845,70090,70091,70088,70089,8317],"class_list":["post-23690","post","type-post","status-publish","format-standard","hentry","category-murcia","tag-bartolome-llor-esteban","tag-hidalgo-pedro-parra","tag-juan-jose-gascon-canovas","tag-m-jesus-gomez-ramos","tag-mercedes-planas-i-vila","tag-pedro-j-saturno-hernandez"],"_links":{"self":[{"href":"https:\/\/www.deberes.net\/tesis\/wp-json\/wp\/v2\/posts\/23690","targetHints":{"allow":["GET"]}}],"collection":[{"href":"https:\/\/www.deberes.net\/tesis\/wp-json\/wp\/v2\/posts"}],"about":[{"href":"https:\/\/www.deberes.net\/tesis\/wp-json\/wp\/v2\/types\/post"}],"author":[{"embeddable":true,"href":"https:\/\/www.deberes.net\/tesis\/wp-json\/wp\/v2\/users\/1"}],"replies":[{"embeddable":true,"href":"https:\/\/www.deberes.net\/tesis\/wp-json\/wp\/v2\/comments?post=23690"}],"version-history":[{"count":0,"href":"https:\/\/www.deberes.net\/tesis\/wp-json\/wp\/v2\/posts\/23690\/revisions"}],"wp:attachment":[{"href":"https:\/\/www.deberes.net\/tesis\/wp-json\/wp\/v2\/media?parent=23690"}],"wp:term":[{"taxonomy":"category","embeddable":true,"href":"https:\/\/www.deberes.net\/tesis\/wp-json\/wp\/v2\/categories?post=23690"},{"taxonomy":"post_tag","embeddable":true,"href":"https:\/\/www.deberes.net\/tesis\/wp-json\/wp\/v2\/tags?post=23690"}],"curies":[{"name":"wp","href":"https:\/\/api.w.org\/{rel}","templated":true}]}}