{"id":23715,"date":"2018-03-09T09:14:22","date_gmt":"2018-03-09T09:14:22","guid":{"rendered":"https:\/\/www.deberes.net\/tesis\/sin-categoria\/analisis-de-factores-morfologicos-para-la-prediccion-de-la-erosion-por-carcavas-efimeras\/"},"modified":"2018-03-09T09:14:22","modified_gmt":"2018-03-09T09:14:22","slug":"analisis-de-factores-morfologicos-para-la-prediccion-de-la-erosion-por-carcavas-efimeras","status":"publish","type":"post","link":"https:\/\/www.deberes.net\/tesis\/publica-de-navarra\/analisis-de-factores-morfologicos-para-la-prediccion-de-la-erosion-por-carcavas-efimeras\/","title":{"rendered":"An\u00e1lisis de factores morfol\u00f3gicos para la predicci\u00f3n de la erosi\u00f3n por carcavas efimeras"},"content":{"rendered":"<h2>Tesis doctoral de <strong>  Santisteban Comino Luisa M. De <\/strong><\/h2>\n<p>En este trabajo, se aborda la erosi\u00f3n por carcavas ef\u00edmeras y por surcos, formas de erosi\u00f3n muy extendidas en terrenos cultivados.  en parcelas cultivadas con vi\u00f1a y ceral representativas de las condiciones de secano en la navarra media, se realizaron mediciones de las citadas formas de erosi\u00f3n durante el periodo 1999-2002.  se encontraron intensidades de erosi\u00f3n que con mucha frecuencia superaron las tolerancias m\u00e1ximas permitidas. Por otro lado, mediante dos indicadores fopogr\u00e1ficos que caracterizan las propiedades topol\u00f3gicas de las carcavas, pudo explicar de manera sencilla el efecto de la topograf\u00eda en la erosi\u00f3n por c\u00e1rcavas ef\u00edmeras, cl\u00e1sicas. Ello permite proponer un m\u00e9todo de estimaci\u00f3n de este tipo de erosi\u00f3n.  finalmente, se estudia la evoluci\u00f3n de dos peque\u00f1as parcelas de cultivo abandonadas, poniendo de manifiesto la peligrosidad de dichos &#8212; en lo que el riesgo de erosi\u00f3n generalizada se refiere.<\/p>\n<p>&nbsp;<\/p>\n<h3>Datos acad\u00e9micos de la tesis doctoral \u00ab<strong>An\u00e1lisis de factores morfol\u00f3gicos para la predicci\u00f3n de la erosi\u00f3n por carcavas efimeras<\/strong>\u00ab<\/h3>\n<ul>\n<li><strong>T\u00edtulo de la tesis:<\/strong>\u00a0 An\u00e1lisis de factores morfol\u00f3gicos para la predicci\u00f3n de la erosi\u00f3n por carcavas efimeras <\/li>\n<li><strong>Autor:<\/strong>\u00a0  Santisteban Comino Luisa M. De <\/li>\n<li><strong>Universidad:<\/strong>\u00a0 P\u00fablica de navarra<\/li>\n<li><strong>Fecha de lectura de la tesis:<\/strong>\u00a0 19\/06\/2003<\/li>\n<\/ul>\n<p>&nbsp;<\/p>\n<h3>Direcci\u00f3n y tribunal<\/h3>\n<ul>\n<li><strong>Director de la tesis<\/strong>\n<ul>\n<li>Javier Lopez Rodriguez<\/li>\n<\/ul>\n<\/li>\n<li><strong>Tribunal<\/strong>\n<ul>\n<li>Presidente del tribunal: Juan  vicente Giraldez cervera <\/li>\n<li> Donezar diez del uzurrun Miguel (vocal)<\/li>\n<li>Jorge Dafonte dafonte (vocal)<\/li>\n<li>  (vocal)<\/li>\n<\/ul>\n<\/li>\n<\/ul>\n<p>&nbsp;<\/p>\n","protected":false},"excerpt":{"rendered":"<p>Tesis doctoral de Santisteban Comino Luisa M. De En este trabajo, se aborda la erosi\u00f3n por carcavas ef\u00edmeras y por [&hellip;]<\/p>\n","protected":false},"author":1,"featured_media":0,"comment_status":"open","ping_status":"open","sticky":false,"template":"","format":"standard","meta":{"site-sidebar-layout":"default","site-content-layout":"","ast-site-content-layout":"","site-content-style":"default","site-sidebar-style":"default","ast-global-header-display":"","ast-banner-title-visibility":"","ast-main-header-display":"","ast-hfb-above-header-display":"","ast-hfb-below-header-display":"","ast-hfb-mobile-header-display":"","site-post-title":"","ast-breadcrumbs-content":"","ast-featured-img":"","footer-sml-layout":"","theme-transparent-header-meta":"","adv-header-id-meta":"","stick-header-meta":"","header-above-stick-meta":"","header-main-stick-meta":"","header-below-stick-meta":"","astra-migrate-meta-layouts":"default","ast-page-background-enabled":"default","ast-page-background-meta":{"desktop":{"background-color":"var(--ast-global-color-4)","background-image":"","background-repeat":"repeat","background-position":"center center","background-size":"auto","background-attachment":"scroll","background-type":"","background-media":"","overlay-type":"","overlay-color":"","overlay-gradient":""},"tablet":{"background-color":"","background-image":"","background-repeat":"repeat","background-position":"center center","background-size":"auto","background-attachment":"scroll","background-type":"","background-media":"","overlay-type":"","overlay-color":"","overlay-gradient":""},"mobile":{"background-color":"","background-image":"","background-repeat":"repeat","background-position":"center center","background-size":"auto","background-attachment":"scroll","background-type":"","background-media":"","overlay-type":"","overlay-color":"","overlay-gradient":""}},"ast-content-background-meta":{"desktop":{"background-color":"var(--ast-global-color-5)","background-image":"","background-repeat":"repeat","background-position":"center center","background-size":"auto","background-attachment":"scroll","background-type":"","background-media":"","overlay-type":"","overlay-color":"","overlay-gradient":""},"tablet":{"background-color":"var(--ast-global-color-5)","background-image":"","background-repeat":"repeat","background-position":"center center","background-size":"auto","background-attachment":"scroll","background-type":"","background-media":"","overlay-type":"","overlay-color":"","overlay-gradient":""},"mobile":{"background-color":"var(--ast-global-color-5)","background-image":"","background-repeat":"repeat","background-position":"center center","background-size":"auto","background-attachment":"scroll","background-type":"","background-media":"","overlay-type":"","overlay-color":"","overlay-gradient":""}},"footnotes":""},"categories":[18529],"tags":[70159,32550,54936,1986,70158],"class_list":["post-23715","post","type-post","status-publish","format-standard","hentry","category-publica-de-navarra","tag-donezar-diez-del-uzurrun-miguel","tag-javier-lopez-rodriguez","tag-jorge-dafonte-dafonte","tag-juan-vicente-giraldez-cervera","tag-santisteban-comino-luisa-m-de"],"_links":{"self":[{"href":"https:\/\/www.deberes.net\/tesis\/wp-json\/wp\/v2\/posts\/23715","targetHints":{"allow":["GET"]}}],"collection":[{"href":"https:\/\/www.deberes.net\/tesis\/wp-json\/wp\/v2\/posts"}],"about":[{"href":"https:\/\/www.deberes.net\/tesis\/wp-json\/wp\/v2\/types\/post"}],"author":[{"embeddable":true,"href":"https:\/\/www.deberes.net\/tesis\/wp-json\/wp\/v2\/users\/1"}],"replies":[{"embeddable":true,"href":"https:\/\/www.deberes.net\/tesis\/wp-json\/wp\/v2\/comments?post=23715"}],"version-history":[{"count":0,"href":"https:\/\/www.deberes.net\/tesis\/wp-json\/wp\/v2\/posts\/23715\/revisions"}],"wp:attachment":[{"href":"https:\/\/www.deberes.net\/tesis\/wp-json\/wp\/v2\/media?parent=23715"}],"wp:term":[{"taxonomy":"category","embeddable":true,"href":"https:\/\/www.deberes.net\/tesis\/wp-json\/wp\/v2\/categories?post=23715"},{"taxonomy":"post_tag","embeddable":true,"href":"https:\/\/www.deberes.net\/tesis\/wp-json\/wp\/v2\/tags?post=23715"}],"curies":[{"name":"wp","href":"https:\/\/api.w.org\/{rel}","templated":true}]}}